{"id":73844,"date":"2020-01-22T12:02:00","date_gmt":"2020-01-22T17:02:00","guid":{"rendered":"https:\/\/linitiative.ca\/International\/mokhtar-el-khlifi-pour-un-comite-des-sages\/"},"modified":"2020-01-22T12:02:00","modified_gmt":"2020-01-22T17:02:00","slug":"mokhtar-el-khlifi-pour-un-comite-des-sages","status":"publish","type":"post","link":"https:\/\/linitiative.ca\/International\/mokhtar-el-khlifi-pour-un-comite-des-sages\/","title":{"rendered":"Mokhtar el khlifi: Pour un comit\u00e9 des sages"},"content":{"rendered":"<p>J\u2019ai r\u00e9ellement peur pour mon pays.<\/p>\n<p>Mon pays ploie sous le poids de la dette publique en dinars et surtout en devises. Les ressources en devises sont \u00e0 l\u2019\u00e9tiage et les bailleurs de fonds traditionnels, conduits par le FMI, sont dans l\u2019expectative.<\/p>\n<p>Nous nous sommes engag\u00e9s \u00e0 r\u00e9aliser des r\u00e9formes que nous n\u2019avons pas voulu ou pu r\u00e9aliser, d\u2019o\u00f9 la suspension du versement des deux derni\u00e8res tranches de cr\u00e9dits.<\/p>\n<p>Nos besoins en devises pour le remboursement des \u00e9ch\u00e9ances de 2020 sont \u00e9normes et la d\u00e9gradation de notre note souveraine ne nous permet pas d\u2019acc\u00e9der au march\u00e9 financier \u00e0 des conditions normales si toutefois on accepterait de nous pr\u00eater des fonds.<\/p>\n<p>Ne parlons pas\u00a0 des autres d\u00e9s\u00e9quilibres,\u00a0 de la pression insupportable des demandeurs d\u2019emploi et\u00a0 du climat social et politique qui n\u2019est pas au beau fixe.<\/p>\n<p>Qui accepterait de prendre en charge les destin\u00e9es de ce pays, non pas pour assouvir des ambitions personnelles, mais de remettre un peu d\u2019ordre dans la baraque tout en continuant \u00e0 consolider le processus d\u00e9mocratique quitte \u00e0 bruler son avenir politique imm\u00e9diat\u00a0 si l\u2019int\u00e9r\u00eat du pays l\u2019exige?<\/p>\n<p>Le Pr\u00e9sident de la R\u00e9publique qui comme ses pr\u00e9d\u00e9cesseurs n\u2019a aucune formation \u00e9conomique, a fait son choix sans que nous connaissions ses v\u00e9ritables raisons et la nature des engagements que le Chef de Gouvernement pressenti aurait pris dans les conversations qu\u2019il a eues avec le chef de l\u2019Etat. Nous ne pouvons que respecter ce choix.<\/p>\n<p>Le fait est l\u00e0 et le pays a trop attendu.<\/p>\n<p>Le pays a maintenant une personnalit\u00e9 qui a \u00e9t\u00e9 charg\u00e9e de former son gouvernement. Il n\u2019est pas sur le plan \u00e9conomique le meilleur compar\u00e9 aux pointures propos\u00e9es par certains partis politiques. C\u2019est une personnalit\u00e9 respectable qui a\u00a0 ses atouts et ses faiblesses mais qui ne peut, en aucun cas, \u00eatre parfaite.Ce jugement s\u2019applique bien \u00e9videmment aux autres candidatures et ce au vu de la difficult\u00e9 de la mission.<\/p>\n<p>Le bon sens, la modestie, le sens de la responsabilit\u00e9 et le souci du sacro-saint int\u00e9r\u00eat g\u00e9n\u00e9ral commandent au chef du Gouvernement pressenti de bien d\u00e9finir son programme et de s\u2019entourer d\u2019une \u00e9quipe en mesure de l\u2019aider vraiment \u00e0 le r\u00e9aliser.<\/p>\n<p>La premi\u00e8re id\u00e9e qui me vient \u00e0 l\u2019esprit est qu\u2019il int\u00e8gre dans son \u00e9quipe certaines des pointures qui ont \u00e9t\u00e9 laiss\u00e9es sur le carreau qu\u2019elles aient \u00e9t\u00e9 propos\u00e9es par les partis ou qui se trouvent sur la place et qu\u2019on a ignor\u00e9es.<\/p>\n<p>Si les orgueils et les \u00e9gos des uns et des autres ne peuvent \u00eatre d\u00e9pass\u00e9s, le chef du Gouvernement devrait constituer, tr\u00e8s rapidement, un comit\u00e9 des sages, non r\u00e9tribu\u00e9, qui r\u00e9unirait ces comp\u00e9tences nationales dont le pays a un grand besoin.<\/p>\n<p>Je n\u2019en citerai aucun.<\/p>\n<p>Ces \u00e9conomistes de divers bords parviendront \u00e0 s\u2019entendre facilement sur les premi\u00e8res mesures\u00a0 qu\u2019exige la grave situation du pays et aideront \u00e0 pr\u00e9parer les rendez-vous avec les bailleurs de fonds.<\/p>\n<p>Ce comit\u00e9, par ses avis, sera associ\u00e9 \u00e0 la d\u00e9finition du programme du Gouvernement et au suivi de sa r\u00e9alisation\u00a0 en sugg\u00e9rant les correctifs \u00e0 lui apporter \u00e9ventuellement.<\/p>\n<p>Je crois profond\u00e9ment que plus d\u2019un avis valent plus qu\u2019un.<\/p>\n<p>Ce comit\u00e9 \u00e9viterait certainement au pays les t\u00e2tonnements, les mesurettes et\u00a0 les pertes de temps que nous refusons de supporter apr\u00e8s celles des neuf ann\u00e9es \u00e9coul\u00e9es sans gros succ\u00e8s.<\/p>\n<p class=\"c2\"><strong>Mokhtar el khlifi<\/strong><\/p>\n<p>Auteur:<br \/>\n<a href=\"https:\/\/www.leaders.com.tn\/article\/28941-mokhtar-el-khlifi-pour-un-comite-des-sages\">Cliquez ici pour lire l&rsquo;article depuis sa source.<\/a><\/p>\n","protected":false},"excerpt":{"rendered":"<p>J\u2019ai r\u00e9ellement peur pour mon pays. Mon pays ploie sous le poids de la dette publique en dinars et surtout en devises. Les ressources en devises sont \u00e0 l\u2019\u00e9tiage et les bailleurs de fonds traditionnels, conduits par le FMI, sont dans l\u2019expectative. Nous nous sommes engag\u00e9s \u00e0 r\u00e9aliser des r\u00e9formes que nous n\u2019avons pas voulu [&hellip;]<\/p>\n","protected":false},"author":1772,"featured_media":0,"comment_status":"closed","ping_status":"closed","sticky":false,"template":"","format":"standard","meta":{"fifu_image_url":"","fifu_image_alt":"","footnotes":""},"categories":[73,55],"tags":[],"class_list":["post-73844","post","type-post","status-publish","format-standard","hentry","category-actualite","category-tunisie"],"_links":{"self":[{"href":"https:\/\/linitiative.ca\/International\/wp-json\/wp\/v2\/posts\/73844","targetHints":{"allow":["GET"]}}],"collection":[{"href":"https:\/\/linitiative.ca\/International\/wp-json\/wp\/v2\/posts"}],"about":[{"href":"https:\/\/linitiative.ca\/International\/wp-json\/wp\/v2\/types\/post"}],"author":[{"embeddable":true,"href":"https:\/\/linitiative.ca\/International\/wp-json\/wp\/v2\/users\/1772"}],"replies":[{"embeddable":true,"href":"https:\/\/linitiative.ca\/International\/wp-json\/wp\/v2\/comments?post=73844"}],"version-history":[{"count":0,"href":"https:\/\/linitiative.ca\/International\/wp-json\/wp\/v2\/posts\/73844\/revisions"}],"wp:attachment":[{"href":"https:\/\/linitiative.ca\/International\/wp-json\/wp\/v2\/media?parent=73844"}],"wp:term":[{"taxonomy":"category","embeddable":true,"href":"https:\/\/linitiative.ca\/International\/wp-json\/wp\/v2\/categories?post=73844"},{"taxonomy":"post_tag","embeddable":true,"href":"https:\/\/linitiative.ca\/International\/wp-json\/wp\/v2\/tags?post=73844"}],"curies":[{"name":"wp","href":"https:\/\/api.w.org\/{rel}","templated":true}]}}