{"id":73845,"date":"2020-01-22T12:12:00","date_gmt":"2020-01-22T17:12:00","guid":{"rendered":"https:\/\/linitiative.ca\/International\/un-edifice-dexception-pour-la-maison-de-tunisie-a-paris\/"},"modified":"2020-01-22T12:12:00","modified_gmt":"2020-01-22T17:12:00","slug":"un-edifice-dexception-pour-la-maison-de-tunisie-a-paris","status":"publish","type":"post","link":"https:\/\/linitiative.ca\/International\/un-edifice-dexception-pour-la-maison-de-tunisie-a-paris\/","title":{"rendered":"Un \u00e9difice d\u2019exception pour la Maison de Tunisie \u00e0 Paris"},"content":{"rendered":"<p>C\u2019est avec une fiert\u00e9 bien l\u00e9gitime que, Mehdi Ben Cheikh, c\u00e9l\u00e8bre galeriste d\u2019art urbain et contemporain, a d\u00e9voil\u00e9 les premi\u00e8res photos du pavillon Habib Bourguiba \u00e0 Paris. Ce projet-phare de sa galerie Itinerrance, n\u2019est autre que le nouvel \u00e9difice de la Maison de Tunisie, destin\u00e9e \u00e0 accueillir les \u00e9tudiants et chercheurs tunisiens en France. Ce nouvel espace allie, savamment, l\u2019art \u00e0 l\u2019urbanisme, tout en r\u00e9v\u00e9lant une identit\u00e9 tunisienne aux multiples facettes.<\/p>\n<p>Ce pavillon Habib Bourguiba, qui vient doubler le nombre de logements attribu\u00e9s aux \u00e9tudiants et chercheurs par ses 203 chambres suppl\u00e9mentaires, jalonne le campus de la Cit\u00e9 internationale universitaire, boulevard Jourdan (XIVe et fait office d\u2019une exposition tunisienne permanente \u00e0 ciel ouvert, s\u2019offrant \u00e0 la vue de plus d\u2019un million d\u2019automobilistes par jour. Sa conception contemporaine v\u00e9hicule l\u2019identit\u00e9 tunisienne \u00e0 travers une harmonie artistique in\u00e9galable. Le projet avait s\u00e9duit le jury du concours (lanc\u00e9 par le conseil d\u2019administration de la maison de Tunisie) gr\u00e2ce \u00e0 \u00ab l&rsquo;harmonie artistique entre tradition et modernit\u00e9\u00bb.<\/p>\n<p><img decoding=\"async\" src=\"\/uploads\/FCK_files\/466276171776_n.jpg\" width=\"100%\" vspace=\"5\" hspace=\"5\" align=\"middle\" alt=\"\"\/>En effet, le pavillon est dot\u00e9 d\u2019une architecture s\u2019apparentant \u00e0 une \u0153uvre artistique g\u00e9ante. Une \u0153uvre d\u2019art architecturale qui brandit ing\u00e9nieusement diff\u00e9rentes formes et mat\u00e9riaux, calligraphie et lettrage arabe, moucharabieh remis \u00e0 l\u2019\u00e8re du temps, tout en jouant sur la r\u00e9flexion de la lumi\u00e8re.<\/p>\n<p>Dans un post, c\u2019est ainsi que Mehdi Ben Cheikh d\u00e9voile les premi\u00e8re photos de ce projet grandiose:<\/p>\n<p>\u00ab Pour moi ce projet vient marquer non pas un tournant mais, une nouvelle \u00e9tape dans : \u2018\u2019Comment int\u00e9grer l\u2019art dans l\u2019espace public\u2019\u2019.<\/p>\n<p>L\u00e0, il ne s\u2019agit plus d\u2019investir la surface d\u2019un mur aveugle d\u2019un immeuble des ann\u00e9es 70, mais bel et bien d\u2019imaginer en amont avec les architectes une intervention artistique, avant m\u00eame que le projet ne sorte de terre.<\/p>\n<p class=\"c2\"><img decoding=\"async\" src=\"\/uploads\/FCK_files\/1_4448460034065563648_n.jpg\" width=\"100%\" vspace=\"5\" hspace=\"5\" align=\"middle\" alt=\"\"\/><\/p>\n<p>Pour ce b\u00e2timent d\u00e9di\u00e9 \u00e0 l\u2019h\u00e9bergement d\u2019\u00e9tudiants et chercheurs tunisiens, nous avons choisi les lettrages de l\u2019artiste tunisien Shoof (HosniHertelli) et nous avons confi\u00e9 au designer Wissem Soussi de concevoir une double peau en aluminium rev\u00eatant tout le b\u00e2timent. Le r\u00e9sultat est tr\u00e8s beau en photo, mais \u00e9poustouflant en r\u00e9alit\u00e9.<\/p>\n<p>La taille de cette intervention, la situation du b\u00e2timent et le reflet de la lumi\u00e8re changeante au fil de la journ\u00e9e, feront du Pavillon Habib Bourguiba une belle repr\u00e9sentation d\u2019une Tunisie moderne, impr\u00e9gn\u00e9e de son identit\u00e9 \u00bb.<br \/>\u00a0<\/p>\n<p>Auteur:<br \/>\n<a href=\"https:\/\/www.leaders.com.tn\/article\/28942-un-edifice-d-exception-pour-la-maison-de-tunisie-a-paris\">Cliquez ici pour lire l&rsquo;article depuis sa source.<\/a><\/p>\n","protected":false},"excerpt":{"rendered":"<p>C\u2019est avec une fiert\u00e9 bien l\u00e9gitime que, Mehdi Ben Cheikh, c\u00e9l\u00e8bre galeriste d\u2019art urbain et contemporain, a d\u00e9voil\u00e9 les premi\u00e8res photos du pavillon Habib Bourguiba \u00e0 Paris. Ce projet-phare de sa galerie Itinerrance, n\u2019est autre que le nouvel \u00e9difice de la Maison de Tunisie, destin\u00e9e \u00e0 accueillir les \u00e9tudiants et chercheurs tunisiens en France. Ce [&hellip;]<\/p>\n","protected":false},"author":1772,"featured_media":73846,"comment_status":"closed","ping_status":"closed","sticky":false,"template":"","format":"standard","meta":{"fifu_image_url":"","fifu_image_alt":"","footnotes":""},"categories":[73,55],"tags":[],"class_list":["post-73845","post","type-post","status-publish","format-standard","has-post-thumbnail","hentry","category-actualite","category-tunisie"],"_links":{"self":[{"href":"https:\/\/linitiative.ca\/International\/wp-json\/wp\/v2\/posts\/73845","targetHints":{"allow":["GET"]}}],"collection":[{"href":"https:\/\/linitiative.ca\/International\/wp-json\/wp\/v2\/posts"}],"about":[{"href":"https:\/\/linitiative.ca\/International\/wp-json\/wp\/v2\/types\/post"}],"author":[{"embeddable":true,"href":"https:\/\/linitiative.ca\/International\/wp-json\/wp\/v2\/users\/1772"}],"replies":[{"embeddable":true,"href":"https:\/\/linitiative.ca\/International\/wp-json\/wp\/v2\/comments?post=73845"}],"version-history":[{"count":0,"href":"https:\/\/linitiative.ca\/International\/wp-json\/wp\/v2\/posts\/73845\/revisions"}],"wp:featuredmedia":[{"embeddable":true,"href":"https:\/\/linitiative.ca\/International\/wp-json\/"}],"wp:attachment":[{"href":"https:\/\/linitiative.ca\/International\/wp-json\/wp\/v2\/media?parent=73845"}],"wp:term":[{"taxonomy":"category","embeddable":true,"href":"https:\/\/linitiative.ca\/International\/wp-json\/wp\/v2\/categories?post=73845"},{"taxonomy":"post_tag","embeddable":true,"href":"https:\/\/linitiative.ca\/International\/wp-json\/wp\/v2\/tags?post=73845"}],"curies":[{"name":"wp","href":"https:\/\/api.w.org\/{rel}","templated":true}]}}