{"id":73847,"date":"2020-01-22T14:04:00","date_gmt":"2020-01-22T19:04:00","guid":{"rendered":"https:\/\/linitiative.ca\/International\/dans-une-communication-telephonique-avec-kais-saied-merkel-dit-comprendre-les-raisons-de-labsence-de-la-tunisie-au-sommet-de-berlin\/"},"modified":"2020-01-22T14:04:00","modified_gmt":"2020-01-22T19:04:00","slug":"dans-une-communication-telephonique-avec-kais-saied-merkel-dit-comprendre-les-raisons-de-labsence-de-la-tunisie-au-sommet-de-berlin","status":"publish","type":"post","link":"https:\/\/linitiative.ca\/International\/dans-une-communication-telephonique-avec-kais-saied-merkel-dit-comprendre-les-raisons-de-labsence-de-la-tunisie-au-sommet-de-berlin\/","title":{"rendered":"Dans une communication t\u00e9l\u00e9phonique avec Ka\u00efs Sa\u00efed, Merkel dit  comprendre les raisons de l&rsquo;absence de la Tunisie au Sommet de Berlin"},"content":{"rendered":"<p class=\"MsoNormal\"><span class=\"c2\">\u00a0<\/span> Dans une communication t\u00e9l\u00e9phonique avec le pr\u00e9sident de la R\u00e9publique, la Chanceli\u00e8re allemande, Angela Merkel a dit comprendre les raisons de l&rsquo;absence de la Tunisie au Sommet de Berlin sur la Libye\u00a0 et exprim\u00e9 ses regrets <span class=\"c2\">\u00a0<\/span>que ladite invitation lui ait \u00e9t\u00e9 parvenue tardivement. Elle a assur\u00e9 le chef de l\u2019Etat que la Tunisie sera invit\u00e9e \u00e0 la prochaine r\u00e9union qui se tiendra au niveau des ministres des Affaires \u00e9trang\u00e8res ainsi qu\u2019\u00e0 toutes les initiatives concernant le dossier libyen.<\/p>\n<p class=\"MsoNormal\">Pour sa part, le pr\u00e9sident Sa\u00efed a fait remarquer qu\u2019en bonne logique, la Tunisie<span class=\"c2\">\u00a0<\/span> aurait d\u00fb \u00eatre parmi les premiers \u00e0 \u00eatre invit\u00e9e <span class=\"c2\">au Sommet\u00a0<\/span> \u00e9tant la plus touch\u00e9e par la crise libyenne sur le double plan s\u00e9curitaire et \u00e9conomique. Il a rappel\u00e9 les relations solides entre les deux pays et surtout la position de la Tunisie en 1966 quand elle a refus\u00e9 de rompre ses relations diplomatiques avec l\u2019Allemagne malgr\u00e9 la consigne de la Ligue arabe de rompre avec Bonn. Il a assur\u00e9 la Chanceli\u00e8re de sa volont\u00e9 de d\u00e9velopper les <span class=\"c2\">\u00a0<\/span>liens historiques avec l\u2019Allemagne. Mme Merkel lui a renouvel\u00e9 son invitation \u00e0 effectuer une visite dans les <span class=\"c2\">\u00a0<\/span>plus proches en Allemagnevec. A son tour, il a invit\u00e9 la Chancelier \u00e0 visiter la Tunisie<\/p>\n<p>Auteur:<br \/>\n<a href=\"https:\/\/www.leaders.com.tn\/article\/28945-dans-une-communication-telephonique-avec-kais-saied-dit-comprendre-les-raisons-de-l-absence-de-la-tunisie-au-sommet-de-berlin\">Cliquez ici pour lire l&rsquo;article depuis sa source.<\/a><\/p>\n","protected":false},"excerpt":{"rendered":"<p>\u00a0 Dans une communication t\u00e9l\u00e9phonique avec le pr\u00e9sident de la R\u00e9publique, la Chanceli\u00e8re allemande, Angela Merkel a dit comprendre les raisons de l&rsquo;absence de la Tunisie au Sommet de Berlin sur la Libye\u00a0 et exprim\u00e9 ses regrets \u00a0que ladite invitation lui ait \u00e9t\u00e9 parvenue tardivement. Elle a assur\u00e9 le chef de l\u2019Etat que la Tunisie [&hellip;]<\/p>\n","protected":false},"author":1772,"featured_media":0,"comment_status":"closed","ping_status":"closed","sticky":false,"template":"","format":"standard","meta":{"fifu_image_url":"","fifu_image_alt":"","footnotes":""},"categories":[73,55],"tags":[],"class_list":["post-73847","post","type-post","status-publish","format-standard","hentry","category-actualite","category-tunisie"],"_links":{"self":[{"href":"https:\/\/linitiative.ca\/International\/wp-json\/wp\/v2\/posts\/73847","targetHints":{"allow":["GET"]}}],"collection":[{"href":"https:\/\/linitiative.ca\/International\/wp-json\/wp\/v2\/posts"}],"about":[{"href":"https:\/\/linitiative.ca\/International\/wp-json\/wp\/v2\/types\/post"}],"author":[{"embeddable":true,"href":"https:\/\/linitiative.ca\/International\/wp-json\/wp\/v2\/users\/1772"}],"replies":[{"embeddable":true,"href":"https:\/\/linitiative.ca\/International\/wp-json\/wp\/v2\/comments?post=73847"}],"version-history":[{"count":0,"href":"https:\/\/linitiative.ca\/International\/wp-json\/wp\/v2\/posts\/73847\/revisions"}],"wp:attachment":[{"href":"https:\/\/linitiative.ca\/International\/wp-json\/wp\/v2\/media?parent=73847"}],"wp:term":[{"taxonomy":"category","embeddable":true,"href":"https:\/\/linitiative.ca\/International\/wp-json\/wp\/v2\/categories?post=73847"},{"taxonomy":"post_tag","embeddable":true,"href":"https:\/\/linitiative.ca\/International\/wp-json\/wp\/v2\/tags?post=73847"}],"curies":[{"name":"wp","href":"https:\/\/api.w.org\/{rel}","templated":true}]}}