{"id":73851,"date":"2020-01-22T05:00:00","date_gmt":"2020-01-22T10:00:00","guid":{"rendered":"https:\/\/linitiative.ca\/International\/un-international-ougandais-en-renfort\/"},"modified":"2020-01-22T05:00:00","modified_gmt":"2020-01-22T10:00:00","slug":"un-international-ougandais-en-renfort","status":"publish","type":"post","link":"https:\/\/linitiative.ca\/International\/un-international-ougandais-en-renfort\/","title":{"rendered":"Un international Ougandais en renfort"},"content":{"rendered":"<p>Le milieu offensif international ougandais de Kampala City (Div.1), Allan Okello, s&rsquo;est engag\u00e9 avec le Paradou AC, a annonc\u00e9 le club pensionnaire de la Ligue 1 de football sur sa page Facebook, sans d\u00e9voiler la dur\u00e9e du contrat. Okello (19 ans) a \u00e9t\u00e9 rep\u00e9r\u00e9 lors de la double confrontation ayant oppos\u00e9 les deux \u00e9quipes en 1\/16 de finale (bis) de la Coupe de la Conf\u00e9d\u00e9ration africaine. La formation ougandaise va b\u00e9n\u00e9ficier de 20% du montant d&rsquo;un \u00e9ventuel prochain transfert de son d\u00e9sormais ancien joueur vers un autre club. Okello devient la deuxi\u00e8me recrue hivernale du PAC, apr\u00e8s l&rsquo;attaquant Oussama Kismoun (ex-NRB B\u00e9ni Oulbane\/R\u00e9gionale 1), engag\u00e9 en remplacement de Ryad Benayad, bless\u00e9 et forfait jusqu&rsquo;\u00e0 la fin de la saison.<\/p>\n<p>Auteur:<br \/>\n<a href=\"https:\/\/www.lesoirdalgerie.com\/sports\/un-international-ougandais-en-renfort-37377\">Cliquez ici pour lire l&rsquo;article depuis sa source.<\/a><\/p>\n","protected":false},"excerpt":{"rendered":"<p>Le milieu offensif international ougandais de Kampala City (Div.1), Allan Okello, s&rsquo;est engag\u00e9 avec le Paradou AC, a annonc\u00e9 le club pensionnaire de la Ligue 1 de football sur sa page Facebook, sans d\u00e9voiler la dur\u00e9e du contrat. Okello (19 ans) a \u00e9t\u00e9 rep\u00e9r\u00e9 lors de la double confrontation ayant oppos\u00e9 les deux \u00e9quipes en [&hellip;]<\/p>\n","protected":false},"author":1741,"featured_media":0,"comment_status":"closed","ping_status":"closed","sticky":false,"template":"","format":"standard","meta":{"fifu_image_url":"","fifu_image_alt":"","footnotes":""},"categories":[73,53],"tags":[],"class_list":["post-73851","post","type-post","status-publish","format-standard","hentry","category-actualite","category-algerie"],"_links":{"self":[{"href":"https:\/\/linitiative.ca\/International\/wp-json\/wp\/v2\/posts\/73851","targetHints":{"allow":["GET"]}}],"collection":[{"href":"https:\/\/linitiative.ca\/International\/wp-json\/wp\/v2\/posts"}],"about":[{"href":"https:\/\/linitiative.ca\/International\/wp-json\/wp\/v2\/types\/post"}],"author":[{"embeddable":true,"href":"https:\/\/linitiative.ca\/International\/wp-json\/wp\/v2\/users\/1741"}],"replies":[{"embeddable":true,"href":"https:\/\/linitiative.ca\/International\/wp-json\/wp\/v2\/comments?post=73851"}],"version-history":[{"count":0,"href":"https:\/\/linitiative.ca\/International\/wp-json\/wp\/v2\/posts\/73851\/revisions"}],"wp:attachment":[{"href":"https:\/\/linitiative.ca\/International\/wp-json\/wp\/v2\/media?parent=73851"}],"wp:term":[{"taxonomy":"category","embeddable":true,"href":"https:\/\/linitiative.ca\/International\/wp-json\/wp\/v2\/categories?post=73851"},{"taxonomy":"post_tag","embeddable":true,"href":"https:\/\/linitiative.ca\/International\/wp-json\/wp\/v2\/tags?post=73851"}],"curies":[{"name":"wp","href":"https:\/\/api.w.org\/{rel}","templated":true}]}}