{"id":73852,"date":"2020-01-22T05:00:00","date_gmt":"2020-01-22T10:00:00","guid":{"rendered":"https:\/\/linitiative.ca\/International\/le-hirak-derange\/"},"modified":"2020-01-22T05:00:00","modified_gmt":"2020-01-22T10:00:00","slug":"le-hirak-derange","status":"publish","type":"post","link":"https:\/\/linitiative.ca\/International\/le-hirak-derange\/","title":{"rendered":"Le Hirak d\u00e9range"},"content":{"rendered":"<p class=\"c3\">Le Hirak d\u00e9range, c\u2019est une excellente chose. S\u2019il d\u00e9range, c\u2019est qu\u2019il est sur la bonne voie. La s\u00e9r\u00e9nit\u00e9 avec laquelle il se d\u00e9roule, calme, pacifique, bon enfant, souriant, d\u00e9crisp\u00e9, prouve (si besoin est) qu\u2019il est la voie de l\u2019Histoire, cette histoire qui, aujourd\u2019hui ou demain, accouchera de l\u2019Alg\u00e9rie que le peuple souhaite. Il d\u00e9range au point o\u00f9 certains actent, d\u00e9j\u00e0, l\u2019\u00e9chec du Hirak, comme si le Hirak \u00e9tait un match de football, duquel devraient fatalement sortir un vainqueur et un vaincu. Cette vision manich\u00e9enne n\u2019est pas la bonne.\u00a0\u00a0<br \/>Le Hirak est une mani\u00e8re civilis\u00e9e de lutter\u00a0 sur le terrain de la revendication, afin de monter un projet de soci\u00e9t\u00e9, eu \u00e9gard \u00e0 57 ans de fuite en avant, de gabegie, d\u2019\u00e9chec de politiques import\u00e9es, de magouilles, d\u2019enrichissement sans cause et de r\u00e9pression. Un peu \u00e0 la mani\u00e8re d\u2019un Gandhi qui, du summum de \u00ab sa \u00bb non-violence, a r\u00e9ussi \u00e0 bouter hors de l\u2019Inde une Angleterre conqu\u00e9rante. Oui, j\u2019ose ce parall\u00e8le ! Ceci pour dire \u00e0 ceux qui pr\u00e9disent d\u00e9j\u00e0 la mort du Hirak, et qui vont jusqu\u2019\u00e0 signer son acte de d\u00e9c\u00e8s, se trompent lourdement. Car le Hirak n\u2019est pas circonscrit exclusivement aux sorties du mardi et du vendredi.\u00a0<br \/>Le Hirak aura, d\u2019ores et d\u00e9j\u00e0, mis en place un m\u00e9canisme de lutte, qui fera date en Alg\u00e9rie. Il \u00e9crit une philosophie nouvelle de l\u2019action militante de la soci\u00e9t\u00e9. Il n\u2019est pas destin\u00e9 \u00e0 une confrontation violente avec le syst\u00e8me (ou le pouvoir). D\u00e8s sa naissance, du reste, le mot principal fut cette expression \u00ab Silmya \u00bb. Il n\u2019y a pas eu un seul jour o\u00f9 les manifestants s\u2019en sont pris aux forces de l\u2019ordre ; \u00e0 chaque fois que ces derni\u00e8res allaient au charbon, comme \u00e0 Oran, le cri de \u00ab Silmya \u00bb r\u00e9sonnait comme un cri de paix. Alors, ceux qui croient (et qui l\u2019\u00e9crivent) que le Hirak a \u00e9chou\u00e9 b\u00eatement, car \u2013 disent-ils, le temps ne joue pas en sa faveur mais joue en faveur du pouvoir. Tout d\u00e9pend de l\u2019optique historique par laquelle on prend ce mouvement citoyen.\u00a0<br \/>Le Hirak d\u00e9range, c\u2019est une excellente chose. S\u2019il d\u00e9range, c\u2019est qu\u2019il est sur la bonne voie. Il n\u2019y a qu\u2019\u00e0 voir le jeu du pouvoir, consistant \u00e0 lib\u00e9rer quelques d\u00e9tenus d\u2019opinion, d\u2019en garder d\u2019autres (sans raison, \u00e0 mon sens), puis d\u2019arr\u00eater des hirakistes, pratiquement chaque vendredi. Ce b\u00e9gaiement du pouvoir prouve, me semble-t-il, que le Hirak est sur la bonne voie. Les oiseaux de mauvais augure ne manqueront pas de hululer sur le passage des hirakistes. C\u2019est de bonne guerre ! Attention, je ne leur conteste pas le droit de faire leur triste bilan. Mais, j\u2019ai le droit de leur dire que votre appr\u00e9ciation est loin de la r\u00e9alit\u00e9. Encore une fois, le Hirak a cr\u00e9\u00e9 une dynamique salvatrice pour notre pays. Le peuple s\u2019est r\u00e9veill\u00e9, il n\u2019a plus peur, il usine ses espoirs, il travaille son avenir, il aime son pays. Quant aux chagrin\u00e9s du bulbe, ils devraient \u00eatre sur place, constater de visu la noblesse de la gestuelle hirakiste et les mots d\u2019ordre lanc\u00e9s, \u00e7\u00e0 et l\u00e0. Quant aux chagrin\u00e9s, ils devraient se mettre \u00e0 la place des d\u00e9tenus d\u2019opinion. Quant aux chagrin\u00e9s, ils devraient se mettre \u00e0 la place des bastonn\u00e9s, sans raison.\u00a0<br \/>Le ministre de la Sant\u00e9, bien s\u00fbr l\u2019actuel, est g\u00e9nial. Franchement, je le trouve g\u00e9nial. A peine install\u00e9 dans son bureau, il envoie aux h\u00f4pitaux une note. Une note que je trouve, tout simplement, g\u00e9niale. Fallait-il la faire, cette note ? Elle coule de source. Tenez-vous bien : \u00ab Pas d\u2019abus de t\u00e9l\u00e9phone pendant les heures de travail \u00bb, \u00ab les d\u00e9placements en tenue en dehors de la structure \u00bb, \u00ab l\u2019absent\u00e9isme \u00bb. Et notre ministre, g\u00e9nial qu\u2019il est, r\u00e9inventa le fil \u00e0 couper le beurre. Ces machins, port\u00e9s par cette note, rel\u00e8ve de la v\u00e9rit\u00e9 de La Palice. Ces notes existent depuis l\u2019existence de l\u2019administration alg\u00e9rienne. Pourquoi, d\u00e8s lors, r\u00e9\u00e9diter cette note. Cette note ne sert \u00e0 rien. Surtout quand je vois, sur site, l\u2019\u00e9tat dans lequel se trouvent nos h\u00f4pitaux. Le manque d\u2019hygi\u00e8ne. Le manque de mat\u00e9riel. Le manque de moyens. La cohue. La congestion des h\u00f4pitaux. J\u2019ai vu, de mes propres yeux, un bless\u00e9 se faire suturer \u00e0 la lumi\u00e8re d\u2019un t\u00e9l\u00e9phone portable. Parce que les plafonniers \u00e9taient presque aveugles. Oui, j\u2019ai vu cette sc\u00e8ne. Autre chose, bien malin celui qui peut faire la diff\u00e9rence entre un m\u00e9decin, une infirmi\u00e8re, une aide-soignante et\/ou une femme de salle. Alors, la note, c\u2019est vraiment un geste bureaucratique de trop. D\u00e9sol\u00e9, il faut r\u00e9inventer l\u2019h\u00f4pital alg\u00e9rien.\u00a0<br \/>Ceci me fait penser \u00e0 ces jeunes, qui se placent \u00e0 des endroits strat\u00e9giques de la ville ou de l\u2019autoroute, v\u00eatus de chasubles, tenant entre les mains un carton sous forme d\u2019urne, demandant de l\u2019argent aux passantes et passants, afin de soigner un malade de leur village \u00e0 l\u2019\u00e9tranger. Sur l\u2019urne en carton est scotch\u00e9 un papier officiel, sign\u00e9 g\u00e9n\u00e9ralement du maire et de pr\u00e9sidents d\u2019associations. Je fais, maintenant, le rapprochement avec notre h\u00f4pital. Ou nos h\u00f4pitaux. Pourquoi ne se soignent-ils pas en Alg\u00e9rie ? Il n\u2019y a pas de sp\u00e9cialistes pour cette pathologie, disent-ils. Et alors ? Si c\u2019est le cas, les pouvoirs publics doivent les transf\u00e9rer \u00e0 l\u2019\u00e9tranger. Pourquoi faire une qu\u00eate publique ? Il y a un minist\u00e8re de la Sant\u00e9. Il y a un Croissant-Rouge. Au lieu de faire des notes, il faut se pencher sur ces cas d\u2019esp\u00e8ce. Puis, localement, il y a une Direction de la sant\u00e9 qui, me semble-t-il, est en mesure de juger de l\u2019ampleur de chaque cas. Je pr\u00e9cise que ces jeunes b\u00e9n\u00e9voles font un travail gigantesque ; qu\u2019il pleuve ou qu\u2019il vente, ils sont l\u00e0, demandant la pi\u00e8ce, pour permettre \u00e0 un Alg\u00e9rien malade d\u2019aller se soigner \u00e0 l\u2019\u00e9tranger. En France. En Turquie. En Belgique. En Tunisie. Je trouve cela terrible. Ah, si le Val-de-Gr\u00e2ce leur \u00e9tait ouvert !<br \/>Depuis un moment, les r\u00e9seaux sociaux sont utilis\u00e9s par certains, pour d\u00e9verser leur haine sur les uns et les autres. Ils sont connus. Il est inutile que je les cite dans cet espace de parole. Le dernier en date a fait un saut dans l\u2019inconnu, lui, le commis de l\u2019Etat. Il accuse, tout bonnement, Abane Ramdane d\u2019\u00eatre un tra\u00eetre. Rien que \u00e7a ! Oh, je ne vais pas entrer dans le sacro-saint droit de r\u00e9serve. Les r\u00e9seaux sociaux autorisent toutes les d\u00e9rives. Ce monsieur a-t-il les comp\u00e9tences intellectuelles pour\u00a0 s\u2019autoriser\u00a0 une telle affirmation ? Dispose-t-il de documents d\u2019\u00e9poque ? A-t-il fait des recherches sur ce plan ? Quelle mouche l\u2019a piqu\u00e9\u00a0 pour\u00a0 aller\u00a0 dans cette aventure ? A quel dessein politique a-t-il ob\u00e9i ? Il faut le reconna\u00eetre, l\u2019amazighophobie fait des siennes. Il faut que cela cesse !<br \/><em><strong>Y. M.<\/strong><\/em><\/p>\n<p>Auteur:<br \/>\n<a href=\"https:\/\/www.lesoirdalgerie.com\/tendances\/le-hirak-derange-37376\">Cliquez ici pour lire l&rsquo;article depuis sa source.<\/a><\/p>\n","protected":false},"excerpt":{"rendered":"<p>Le Hirak d\u00e9range, c\u2019est une excellente chose. S\u2019il d\u00e9range, c\u2019est qu\u2019il est sur la bonne voie. La s\u00e9r\u00e9nit\u00e9 avec laquelle il se d\u00e9roule, calme, pacifique, bon enfant, souriant, d\u00e9crisp\u00e9, prouve (si besoin est) qu\u2019il est la voie de l\u2019Histoire, cette histoire qui, aujourd\u2019hui ou demain, accouchera de l\u2019Alg\u00e9rie que le peuple souhaite. Il d\u00e9range au [&hellip;]<\/p>\n","protected":false},"author":1741,"featured_media":0,"comment_status":"closed","ping_status":"closed","sticky":false,"template":"","format":"standard","meta":{"fifu_image_url":"","fifu_image_alt":"","footnotes":""},"categories":[73,53],"tags":[],"class_list":["post-73852","post","type-post","status-publish","format-standard","hentry","category-actualite","category-algerie"],"_links":{"self":[{"href":"https:\/\/linitiative.ca\/International\/wp-json\/wp\/v2\/posts\/73852","targetHints":{"allow":["GET"]}}],"collection":[{"href":"https:\/\/linitiative.ca\/International\/wp-json\/wp\/v2\/posts"}],"about":[{"href":"https:\/\/linitiative.ca\/International\/wp-json\/wp\/v2\/types\/post"}],"author":[{"embeddable":true,"href":"https:\/\/linitiative.ca\/International\/wp-json\/wp\/v2\/users\/1741"}],"replies":[{"embeddable":true,"href":"https:\/\/linitiative.ca\/International\/wp-json\/wp\/v2\/comments?post=73852"}],"version-history":[{"count":0,"href":"https:\/\/linitiative.ca\/International\/wp-json\/wp\/v2\/posts\/73852\/revisions"}],"wp:attachment":[{"href":"https:\/\/linitiative.ca\/International\/wp-json\/wp\/v2\/media?parent=73852"}],"wp:term":[{"taxonomy":"category","embeddable":true,"href":"https:\/\/linitiative.ca\/International\/wp-json\/wp\/v2\/categories?post=73852"},{"taxonomy":"post_tag","embeddable":true,"href":"https:\/\/linitiative.ca\/International\/wp-json\/wp\/v2\/tags?post=73852"}],"curies":[{"name":"wp","href":"https:\/\/api.w.org\/{rel}","templated":true}]}}