{"id":73854,"date":"2020-01-22T11:32:51","date_gmt":"2020-01-22T16:32:51","guid":{"rendered":"https:\/\/linitiative.ca\/International\/walid-regragui-quitte-le-fus-pour-rejoindre-al-duhail\/"},"modified":"2020-01-22T11:32:51","modified_gmt":"2020-01-22T16:32:51","slug":"walid-regragui-quitte-le-fus-pour-rejoindre-al-duhail","status":"publish","type":"post","link":"https:\/\/linitiative.ca\/International\/walid-regragui-quitte-le-fus-pour-rejoindre-al-duhail\/","title":{"rendered":"Walid Regragui quitte le FUS pour rejoindre Al-Duhail"},"content":{"rendered":"<p><strong>Apr\u00e8s plusieurs ann\u00e9es pass\u00e9es au poste d\u2019entra\u00eeneur du Fath Union Sport de Rabat (FUS), l\u2019ancien international marocain entame une premi\u00e8re exp\u00e9rience dans le Golfe, o\u00f9 il prendra en main les destin\u00e9es du club qatari d\u2019Al-Duhail.<\/strong><\/p>\n<div class=\"c10\"\/>\n<p>Le technicien <strong>Walid Regragui<\/strong> a quitt\u00e9 son poste d\u2019entra\u00eeneur du Fath Union Sport (FUS) de Rabat pour rejoindre le club d\u2019Al-Duhail Sports Club, a annonc\u00e9 mercredi le club de la capitale. Ce d\u00e9part fait suite au souhait de Regragui de collaborer avec le club du Qatar suite \u00e0 sa demande, souligne un communiqu\u00e9 du FUS, notant que le club de Rabat a ainsi accept\u00e9 aujourd\u2019hui de lib\u00e9rer Regragui afin de s\u2019engager en compagnie de son nouveau club.<\/p>\n<p>La m\u00eame source a fait savoir que <strong>Mustapha Khalif<\/strong> assurera l\u2019int\u00e9rim en lieu et place de Regragui et ce, en attente du recrutement imminent d\u2019un nouvel entra\u00eeneur.<\/p>\n<p>\u00ab\u00a0Le club et l\u2019ensemble de ses composantes souhaitent une nouvelle fois remercier chaleureusement Regragui pour son parcours au sein de la famille du <strong>FUS<\/strong> avec qui il a d\u00e9but\u00e9 sa jeune carri\u00e8re d\u2019entra\u00eeneur et lui souhaite le meilleur des succ\u00e8s pour le futur\u00a0\u00bb, ajoute le communiqu\u00e9.<\/p>\n<div class=\"c17\">\n<fieldset class=\"c16\">\n<legend><strong><span class=\"c11\">Challenge<\/span><span class=\"c12\">news<\/span><\/strong><\/legend>\n<div class=\"c15\">Le meilleur de Challenge s\u00e9lectionn\u00e9 par la r\u00e9daction :<\/p>\n<\/div>\n<\/fieldset>\n<\/div>\n<p>Auteur: challenge<br \/>\n<a href=\"https:\/\/www.challenge.ma\/walid-regragui-quitte-le-fus-pour-rejoindre-al-duhail-128775\/\">Cliquez ici pour lire l&rsquo;article depuis sa source.<\/a><\/p>\n","protected":false},"excerpt":{"rendered":"<p>Apr\u00e8s plusieurs ann\u00e9es pass\u00e9es au poste d\u2019entra\u00eeneur du Fath Union Sport de Rabat (FUS), l\u2019ancien international marocain entame une premi\u00e8re exp\u00e9rience dans le Golfe, o\u00f9 il prendra en main les destin\u00e9es du club qatari d\u2019Al-Duhail. Le technicien Walid Regragui a quitt\u00e9 son poste d\u2019entra\u00eeneur du Fath Union Sport (FUS) de Rabat pour rejoindre le club [&hellip;]<\/p>\n","protected":false},"author":1787,"featured_media":0,"comment_status":"closed","ping_status":"closed","sticky":false,"template":"","format":"standard","meta":{"fifu_image_url":"","fifu_image_alt":"","footnotes":""},"categories":[78,54],"tags":[],"class_list":["post-73854","post","type-post","status-publish","format-standard","hentry","category-economie","category-maroc"],"_links":{"self":[{"href":"https:\/\/linitiative.ca\/International\/wp-json\/wp\/v2\/posts\/73854","targetHints":{"allow":["GET"]}}],"collection":[{"href":"https:\/\/linitiative.ca\/International\/wp-json\/wp\/v2\/posts"}],"about":[{"href":"https:\/\/linitiative.ca\/International\/wp-json\/wp\/v2\/types\/post"}],"author":[{"embeddable":true,"href":"https:\/\/linitiative.ca\/International\/wp-json\/wp\/v2\/users\/1787"}],"replies":[{"embeddable":true,"href":"https:\/\/linitiative.ca\/International\/wp-json\/wp\/v2\/comments?post=73854"}],"version-history":[{"count":0,"href":"https:\/\/linitiative.ca\/International\/wp-json\/wp\/v2\/posts\/73854\/revisions"}],"wp:attachment":[{"href":"https:\/\/linitiative.ca\/International\/wp-json\/wp\/v2\/media?parent=73854"}],"wp:term":[{"taxonomy":"category","embeddable":true,"href":"https:\/\/linitiative.ca\/International\/wp-json\/wp\/v2\/categories?post=73854"},{"taxonomy":"post_tag","embeddable":true,"href":"https:\/\/linitiative.ca\/International\/wp-json\/wp\/v2\/tags?post=73854"}],"curies":[{"name":"wp","href":"https:\/\/api.w.org\/{rel}","templated":true}]}}