{"id":73855,"date":"2020-01-22T11:38:41","date_gmt":"2020-01-22T16:38:41","guid":{"rendered":"https:\/\/linitiative.ca\/International\/espagne-forte-presence-du-maroc-au-salon-du-tourisme\/"},"modified":"2020-01-22T11:38:41","modified_gmt":"2020-01-22T16:38:41","slug":"espagne-forte-presence-du-maroc-au-salon-du-tourisme","status":"publish","type":"post","link":"https:\/\/linitiative.ca\/International\/espagne-forte-presence-du-maroc-au-salon-du-tourisme\/","title":{"rendered":"Espagne : Forte pr\u00e9sence du Maroc au salon du tourisme"},"content":{"rendered":"<p><strong>L\u2019ONMT prend part \u00e0 la 40\u00e8me \u00e9dition de la Foire internationale du tourisme (FITUR-2020) qui a ouvert ses portes mercredi au parc des expositions de Madrid (IFEMA).<\/strong><\/p>\n<div class=\"c10\"\/>\n<p>La d\u00e9l\u00e9gation marocaine pr\u00e9sente est compos\u00e9e de diff\u00e9rents professionnels, notamment les repr\u00e9sentants des centres r\u00e9gionaux du tourisme (CRT), des chaines h\u00f4teli\u00e8res et des agences de voyage.<\/p>\n<p>Pour l\u2019\u00e9dition 2020, l\u2019<strong>ONMT<\/strong> a d\u00e9ploy\u00e9 le nouveau concept de stand qui traduit ses nouvelles orientations de l\u2019ONMT pour une meilleure mise en valeur des r\u00e9gions, destinations et produits avec un dispositif enti\u00e8rement digitalis\u00e9, un design compl\u00e8tement repens\u00e9 mais toujours dans le respect de la tradition et l\u2019authenticit\u00e9 marocaine.<\/p>\n<p>L\u2019objectif de la participation de l\u2019ONMT et ses 27 co-exposants est de consolider les partenariats nou\u00e9s avec l\u2019industrie touristique espagnole et identifier de nouvelles pistes de collaboration afin d\u2019am\u00e9liorer le r\u00e9f\u00e9rencement de la destination Maroc et ses diff\u00e9rentes r\u00e9gions et ce, pour consolider les flux espagnols et augmenter la part de march\u00e9 de la destination Maroc sa visibilit\u00e9. L\u2019<strong>Espagne<\/strong> demeure en effet le deuxi\u00e8me march\u00e9 \u00e9metteur de touristes pour la destination Maroc. (21% des Arriv\u00e9es Post Fronti\u00e8res).<\/p>\n<p>Avec environ 2,5 millions d\u2019arriv\u00e9es en 2018 (+ 6 % par rapport \u00e0 2017), et environ 1.6 millions d\u2019arriv\u00e9es durant les 8 premiers mois de 2019 (+6% par rapport \u00e0 2018), le <strong>Maroc<\/strong> dispose encore de marge de progression \u00e0 partir de diff\u00e9rentes r\u00e9gions d\u2019Espagne. Le Maroc maintient d\u2019ailleurs sa position en tant que premi\u00e8re destination des espagnols en dehors de l\u2019Europe.<\/p>\n<p>Les destinations desservies par les vols au d\u00e9part de l\u2019Espagne sont principalement Casablanca (32%), Marrakech (28%), Tanger (17%) suivies de F\u00e8s (6%), Rabat (6%), et Nador (4%).<\/p>\n<p>A rappeler que l\u2019ONMT pr\u00e9voit l\u2019ouverture de 9 nouvelles connexions a\u00e9riennes entre le march\u00e9 Espagnol et la destination Maroc pour la saison \u00e9t\u00e9 2020, ce qui permettra d\u2019activer de nouvelles poches de croissance.<\/p>\n<div class=\"c17\">\n<fieldset class=\"c16\">\n<legend><strong><span class=\"c11\">Challenge<\/span><span class=\"c12\">news<\/span><\/strong><\/legend>\n<div class=\"c15\">Le meilleur de Challenge s\u00e9lectionn\u00e9 par la r\u00e9daction :<\/p>\n<\/div>\n<\/fieldset>\n<\/div>\n<p>Auteur: Hajar DARI<br \/>\n<a href=\"https:\/\/www.challenge.ma\/espagne-forte-presence-du-maroc-au-salon-du-tourisme-128770\/\">Cliquez ici pour lire l&rsquo;article depuis sa source.<\/a><\/p>\n","protected":false},"excerpt":{"rendered":"<p>L\u2019ONMT prend part \u00e0 la 40\u00e8me \u00e9dition de la Foire internationale du tourisme (FITUR-2020) qui a ouvert ses portes mercredi au parc des expositions de Madrid (IFEMA). La d\u00e9l\u00e9gation marocaine pr\u00e9sente est compos\u00e9e de diff\u00e9rents professionnels, notamment les repr\u00e9sentants des centres r\u00e9gionaux du tourisme (CRT), des chaines h\u00f4teli\u00e8res et des agences de voyage. Pour l\u2019\u00e9dition [&hellip;]<\/p>\n","protected":false},"author":1787,"featured_media":0,"comment_status":"closed","ping_status":"closed","sticky":false,"template":"","format":"standard","meta":{"fifu_image_url":"","fifu_image_alt":"","footnotes":""},"categories":[78,54],"tags":[],"class_list":["post-73855","post","type-post","status-publish","format-standard","hentry","category-economie","category-maroc"],"_links":{"self":[{"href":"https:\/\/linitiative.ca\/International\/wp-json\/wp\/v2\/posts\/73855","targetHints":{"allow":["GET"]}}],"collection":[{"href":"https:\/\/linitiative.ca\/International\/wp-json\/wp\/v2\/posts"}],"about":[{"href":"https:\/\/linitiative.ca\/International\/wp-json\/wp\/v2\/types\/post"}],"author":[{"embeddable":true,"href":"https:\/\/linitiative.ca\/International\/wp-json\/wp\/v2\/users\/1787"}],"replies":[{"embeddable":true,"href":"https:\/\/linitiative.ca\/International\/wp-json\/wp\/v2\/comments?post=73855"}],"version-history":[{"count":0,"href":"https:\/\/linitiative.ca\/International\/wp-json\/wp\/v2\/posts\/73855\/revisions"}],"wp:attachment":[{"href":"https:\/\/linitiative.ca\/International\/wp-json\/wp\/v2\/media?parent=73855"}],"wp:term":[{"taxonomy":"category","embeddable":true,"href":"https:\/\/linitiative.ca\/International\/wp-json\/wp\/v2\/categories?post=73855"},{"taxonomy":"post_tag","embeddable":true,"href":"https:\/\/linitiative.ca\/International\/wp-json\/wp\/v2\/tags?post=73855"}],"curies":[{"name":"wp","href":"https:\/\/api.w.org\/{rel}","templated":true}]}}