{"id":73856,"date":"2020-01-22T11:49:03","date_gmt":"2020-01-22T16:49:03","guid":{"rendered":"https:\/\/linitiative.ca\/International\/bosch-car-service-un-nouveau-centre-a-nouaceur\/"},"modified":"2020-01-22T11:49:03","modified_gmt":"2020-01-22T16:49:03","slug":"bosch-car-service-un-nouveau-centre-a-nouaceur","status":"publish","type":"post","link":"https:\/\/linitiative.ca\/International\/bosch-car-service-un-nouveau-centre-a-nouaceur\/","title":{"rendered":"Bosch Car Service : un nouveau centre \u00e0 Nouaceur"},"content":{"rendered":"<p><strong>Bosch vient d\u2019inaugurer son premier centre automobile d\u00e9nomm\u00e9 Bosch Car Service Sapino. Une plateforme de derni\u00e8re g\u00e9n\u00e9ration d\u00e9di\u00e9e \u00e0 la r\u00e9paration et \u00e0 l\u2019entretien automobile, toutes marques confondues.<\/strong><\/p>\n<div class=\"c10\"\/>\n<p>Un lancement qui a vu la pr\u00e9sence de plusieurs personnalit\u00e9s rattach\u00e9es \u00e0 l\u2019activit\u00e9 du fournisseur mondial de technologies et de services. Dans le d\u00e9tail, ce site flambant neuf localis\u00e9 \u00e0 Nouaceur, au c\u0153ur du quartier industriel<strong>,<\/strong> a \u00e9t\u00e9 con\u00e7u selon l\u2019op\u00e9rateur de fa\u00e7on \u00e0 garantir un service de qualit\u00e9 tant aux particuliers qu\u2019aux professionnels.<\/p>\n<p>Dans cette perspective, les techniciens ont b\u00e9n\u00e9fici\u00e9 d\u2019une formation m\u00e9canique pr\u00e9cise et aux standards du fournisseur mondial de technologies et de services. Pour accomplir leur t\u00e2che, ils disposent d\u2019outils de derni\u00e8re g\u00e9n\u00e9ration et de pi\u00e8ces de rechange estampill\u00e9es Bosch, leur permettant d\u2019intervenir avec efficacit\u00e9 sur les v\u00e9hicules de la client\u00e8le.<\/p>\n<p>\u00c0 noter que cette nouvelle plateforme qui s\u2019articule autour d\u2019un atelier de 800 m<sup>2<\/sup> dispose d\u2019une capacit\u00e9 de r\u00e9paration de plus de cinq v\u00e9hicules simultan\u00e9ment. Ajoutez-y une offre pneumatique badg\u00e9e Bridgestone et la possibilit\u00e9 de pouvoir r\u00e9parer sur place son pare-brise via un partenariat contract\u00e9 par le centre avec l\u2019un des sp\u00e9cialistes du genre, \u00e0 savoir Glass auto. Un accueil et un suivi personnalis\u00e9s, assorti d\u2019un processus d\u2019atelier digitalis\u00e9 et du d\u00e9ploiement d\u2019une hotline d\u00e9di\u00e9e et consacr\u00e9e au suivi technique des r\u00e9parations, sont autant de mesures devant favoriser un meilleur accompagnement du client.<\/p>\n<p>Pour autant, les ambitions de Bosch dans le Royaume ne s\u2019arr\u00eatent pas en si bon chemin. L\u2019op\u00e9rateur pr\u00e9voit de poursuivre l\u2019extension de son r\u00e9seau en mati\u00e8re d\u2019entretien et de r\u00e9paration automobile. D\u2019autres centres du m\u00eame genre devraient ouvrir leurs portes par la suite. \u00a0\u00a0<\/p>\n<div class=\"c17\">\n<fieldset class=\"c16\">\n<legend><strong><span class=\"c11\">Challenge<\/span><span class=\"c12\">news<\/span><\/strong><\/legend>\n<div class=\"c15\">Le meilleur de Challenge s\u00e9lectionn\u00e9 par la r\u00e9daction :<\/p>\n<\/div>\n<\/fieldset>\n<\/div>\n<p>Auteur: David J\u00e9r\u00e9mie<br \/>\n<a href=\"https:\/\/www.challenge.ma\/bosch-car-service-un-nouveau-centre-a-nouaceur-128776\/\">Cliquez ici pour lire l&rsquo;article depuis sa source.<\/a><\/p>\n","protected":false},"excerpt":{"rendered":"<p>Bosch vient d\u2019inaugurer son premier centre automobile d\u00e9nomm\u00e9 Bosch Car Service Sapino. Une plateforme de derni\u00e8re g\u00e9n\u00e9ration d\u00e9di\u00e9e \u00e0 la r\u00e9paration et \u00e0 l\u2019entretien automobile, toutes marques confondues. Un lancement qui a vu la pr\u00e9sence de plusieurs personnalit\u00e9s rattach\u00e9es \u00e0 l\u2019activit\u00e9 du fournisseur mondial de technologies et de services. Dans le d\u00e9tail, ce site flambant [&hellip;]<\/p>\n","protected":false},"author":1787,"featured_media":0,"comment_status":"closed","ping_status":"closed","sticky":false,"template":"","format":"standard","meta":{"fifu_image_url":"","fifu_image_alt":"","footnotes":""},"categories":[78,54],"tags":[],"class_list":["post-73856","post","type-post","status-publish","format-standard","hentry","category-economie","category-maroc"],"_links":{"self":[{"href":"https:\/\/linitiative.ca\/International\/wp-json\/wp\/v2\/posts\/73856","targetHints":{"allow":["GET"]}}],"collection":[{"href":"https:\/\/linitiative.ca\/International\/wp-json\/wp\/v2\/posts"}],"about":[{"href":"https:\/\/linitiative.ca\/International\/wp-json\/wp\/v2\/types\/post"}],"author":[{"embeddable":true,"href":"https:\/\/linitiative.ca\/International\/wp-json\/wp\/v2\/users\/1787"}],"replies":[{"embeddable":true,"href":"https:\/\/linitiative.ca\/International\/wp-json\/wp\/v2\/comments?post=73856"}],"version-history":[{"count":0,"href":"https:\/\/linitiative.ca\/International\/wp-json\/wp\/v2\/posts\/73856\/revisions"}],"wp:attachment":[{"href":"https:\/\/linitiative.ca\/International\/wp-json\/wp\/v2\/media?parent=73856"}],"wp:term":[{"taxonomy":"category","embeddable":true,"href":"https:\/\/linitiative.ca\/International\/wp-json\/wp\/v2\/categories?post=73856"},{"taxonomy":"post_tag","embeddable":true,"href":"https:\/\/linitiative.ca\/International\/wp-json\/wp\/v2\/tags?post=73856"}],"curies":[{"name":"wp","href":"https:\/\/api.w.org\/{rel}","templated":true}]}}