{"id":73857,"date":"2020-01-22T13:34:52","date_gmt":"2020-01-22T18:34:52","guid":{"rendered":"https:\/\/linitiative.ca\/International\/sm-le-roi-recoit-plusieurs-ambassadeurs-etrangers\/"},"modified":"2020-01-22T13:34:52","modified_gmt":"2020-01-22T18:34:52","slug":"sm-le-roi-recoit-plusieurs-ambassadeurs-etrangers","status":"publish","type":"post","link":"https:\/\/linitiative.ca\/International\/sm-le-roi-recoit-plusieurs-ambassadeurs-etrangers\/","title":{"rendered":"SM le Roi re\u00e7oit plusieurs ambassadeurs \u00e9trangers"},"content":{"rendered":"<p>SM le Roi Mohammed VI a re\u00e7u, mercredi au Palais Royal de Rabat, plusieurs ambassadeurs \u00e9trangers, venus pr\u00e9senter au Souverain leurs lettres de cr\u00e9ance en tant qu\u2019ambassadeurs pl\u00e9nipotentiaires et extraordinaires de leurs pays dans le Royaume.<\/p>\n<p>Il s\u2019agit de :<\/p>\n<p>\u2013 Darm Boontham, Ambassadeur du Royaume de Tha\u00eflande,<\/p>\n<p>\u2013 Hasrul Azwar, Ambassadeur de la R\u00e9publique d\u2019Indon\u00e9sie,<\/p>\n<p>\u2013 Maria Del Pilar Gomez Valderrama, Ambassadeur de la R\u00e9publique de Colombie,<\/p>\n<p>\u2013 F\u00e9lix Arturo Chipoco Caceda, Ambassadeur de la R\u00e9publique du P\u00e9rou,<\/p>\n<p>\u2013 Hamid Asghar Khan, Ambassadeur de la R\u00e9publique Islamique du Pakistan,<\/p>\n<p>\u2013 Shambhu S. Kumaran, Ambassadeur de la R\u00e9publique de l\u2019Inde,<\/p>\n<p>\u2013 Yuri Sterk, Ambassadeur de la R\u00e9publique de Bulgarie,<\/p>\n<p>\u2013 Raul Ignacio Guastavino, Ambassadeur de la R\u00e9publique argentine,<\/p>\n<p>\u2013 Pekka Hyv\u00f6nen, Ambassadeur de la R\u00e9publique de Finlande,<\/p>\n<p>\u2013 Fahad Ibrahim Al Hamad Al Mana, Ambassadeur de l\u2019Etat du Qatar,<\/p>\n<p>\u2013 Mohemad Mahmoud Ben Labat, Ambassadeur de la R\u00e9publique du Mali,<\/p>\n<p>\u2013 H\u00e9l\u00e8ne Le Gal, Ambassadeur de la R\u00e9publique Fran\u00e7aise,<\/p>\n<p>\u2013 Ian Montclair Qeeley, Ambassadeur, Repr\u00e9sentant de l\u2019Organisation des Etats de la Cara\u00efbe Orientale,\u00a0<\/p>\n<p>\u2013 Nicolas Argyros, Ambassadeur de la R\u00e9publique hell\u00e9nique,<\/p>\n<p>\u2013 Guillaume Scheurer, Ambassadeur de la Conf\u00e9d\u00e9ration suisse,\u00a0<\/p>\n<p>\u2013 Salomon Nfa Ndong Nseng, Ambassadeur de la R\u00e9publique de la Guin\u00e9e \u00e9quatoriale,\u00a0<\/p>\n<p>\u2013 Julio Glinternick Bitelli, Ambassadeur de la R\u00e9publique f\u00e9d\u00e9rative du Br\u00e9sil,\u00a0<\/p>\n<p>\u2013 Javier Domokos Ruiz, Ambassadeur de la R\u00e9publique de Cuba,\u00a0<\/p>\n<p>\u2013 Sylver Aboubakar Minko Mi-Nseme, Ambassadeur de la R\u00e9publique gabonaise,\u00a0<\/p>\n<p>\u2013 Sheikh Habimana Saleh, Ambassadeur de la R\u00e9publique du Rwanda,\u00a0<\/p>\n<p>\u2013 Mabel Del Pilar Gomez Oliver, Ambassadeur des \u00c9tats-Unis mexicains,<\/p>\n<p>\u2013 Abdelhamid Abdaoui, Ambassadeur de la R\u00e9publique alg\u00e9rienne d\u00e9mocratique et populaire,\u00a0<\/p>\n<p>\u2013 Baltazar Diogo Cristovao, Ambassadeur de la R\u00e9publique d\u2019Angola,\u00a0<\/p>\n<p>\u2013 Nell Stewart, Ambassadeur du Canada,\u00a0<\/p>\n<p>\u2013 Monica Renata Bolanos Perez, Ambassadeur de la R\u00e9publique du Guatemala,\u00a0<\/p>\n<p>\u2013 Bernardo Luis de Carvalho Futscher Pereira, Ambassadeur de la R\u00e9publique du Portugal,\u00a0<\/p>\n<p>\u2013 David Thomas Fischer, Ambassadeur des \u00c9tats-Unis d\u2019Am\u00e9rique.<\/p>\n<p>SM le Roi a \u00e9galement re\u00e7u Tran Quoc Thuy, Ambassadeur de la R\u00e9publique socialiste du Vietnam, et Baba Garba, Ambassadeur de la R\u00e9publique F\u00e9d\u00e9rale du Nig\u00e9ria, venus prendre cong\u00e9 du Souverain au terme de leurs missions dans le Royaume.<\/p>\n<p>A cette occasion, SM le Roi a d\u00e9cor\u00e9 du Wissam Al Alaoui de l\u2019Ordre de Grand Officier Tran Quoc Thuy, et du Wissam Al Alaoui de l\u2019Ordre de Commandeur, Baba Garba.\u00a0<\/p>\n<div class=\"c16\">\n<fieldset class=\"c15\">\n<legend><strong><span class=\"c10\">Challenge<\/span><span class=\"c11\">news<\/span><\/strong><\/legend>\n<div class=\"c14\">Le meilleur de Challenge s\u00e9lectionn\u00e9 par la r\u00e9daction :<\/p>\n<\/div>\n<\/fieldset>\n<\/div>\n<p>Auteur: challenge<br \/>\n<a href=\"https:\/\/www.challenge.ma\/sm-le-roi-recoit-plusieurs-ambassadeurs-etrangers-128788\/\">Cliquez ici pour lire l&rsquo;article depuis sa source.<\/a><\/p>\n","protected":false},"excerpt":{"rendered":"<p>SM le Roi Mohammed VI a re\u00e7u, mercredi au Palais Royal de Rabat, plusieurs ambassadeurs \u00e9trangers, venus pr\u00e9senter au Souverain leurs lettres de cr\u00e9ance en tant qu\u2019ambassadeurs pl\u00e9nipotentiaires et extraordinaires de leurs pays dans le Royaume. Il s\u2019agit de : \u2013 Darm Boontham, Ambassadeur du Royaume de Tha\u00eflande, \u2013 Hasrul Azwar, Ambassadeur de la R\u00e9publique [&hellip;]<\/p>\n","protected":false},"author":1787,"featured_media":0,"comment_status":"closed","ping_status":"closed","sticky":false,"template":"","format":"standard","meta":{"fifu_image_url":"","fifu_image_alt":"","footnotes":""},"categories":[78,54],"tags":[],"class_list":["post-73857","post","type-post","status-publish","format-standard","hentry","category-economie","category-maroc"],"_links":{"self":[{"href":"https:\/\/linitiative.ca\/International\/wp-json\/wp\/v2\/posts\/73857","targetHints":{"allow":["GET"]}}],"collection":[{"href":"https:\/\/linitiative.ca\/International\/wp-json\/wp\/v2\/posts"}],"about":[{"href":"https:\/\/linitiative.ca\/International\/wp-json\/wp\/v2\/types\/post"}],"author":[{"embeddable":true,"href":"https:\/\/linitiative.ca\/International\/wp-json\/wp\/v2\/users\/1787"}],"replies":[{"embeddable":true,"href":"https:\/\/linitiative.ca\/International\/wp-json\/wp\/v2\/comments?post=73857"}],"version-history":[{"count":0,"href":"https:\/\/linitiative.ca\/International\/wp-json\/wp\/v2\/posts\/73857\/revisions"}],"wp:attachment":[{"href":"https:\/\/linitiative.ca\/International\/wp-json\/wp\/v2\/media?parent=73857"}],"wp:term":[{"taxonomy":"category","embeddable":true,"href":"https:\/\/linitiative.ca\/International\/wp-json\/wp\/v2\/categories?post=73857"},{"taxonomy":"post_tag","embeddable":true,"href":"https:\/\/linitiative.ca\/International\/wp-json\/wp\/v2\/tags?post=73857"}],"curies":[{"name":"wp","href":"https:\/\/api.w.org\/{rel}","templated":true}]}}