{"id":73859,"date":"2020-01-22T15:25:46","date_gmt":"2020-01-22T20:25:46","guid":{"rendered":"https:\/\/linitiative.ca\/International\/le-gouvernement-de-sarraj-ne-participera-a-la-conference-dalger\/"},"modified":"2020-01-22T15:25:46","modified_gmt":"2020-01-22T20:25:46","slug":"le-gouvernement-de-sarraj-ne-participera-a-la-conference-dalger","status":"publish","type":"post","link":"https:\/\/linitiative.ca\/International\/le-gouvernement-de-sarraj-ne-participera-a-la-conference-dalger\/","title":{"rendered":"Le gouvernement de Sarraj ne participera \u00e0 la conf\u00e9rence d\u2019Alger"},"content":{"rendered":"<div class=\"post-cont-in left relative\">\n<p>Le ministre des Affaires Etrang\u00e8res de Fayez Sarraj a annoc\u00e9 que le gouvernement de consensus national ne participera pas \u00e0 la conf\u00e9rence des pays voisins de la Libye, qui se tient demain jeudi, \u00e0 Alger.<\/p>\n<div class=\"code-block code-block-1 c3\"><ins class=\"adsbygoogle c2\" data-ad-layout=\"in-article\" data-ad-format=\"fluid\" data-ad-client=\"ca-pub-2102118777505746\" data-ad-slot=\"7301775417\"\/> <\/div>\n<p>Selon la chaine TV \u00ab\u00a0Libya Al Ahrar\u00a0\u00bb, le gouvernement Sarraj refuse de participer \u00e0 cette conf\u00e9rence parce que l\u2019Alg\u00e9rie a envoy\u00e9 une invitation au ministre des Affaires Etrang\u00e8res du gouvernement de Theny bas\u00e9 \u00e0 Benghazi.<\/p>\n<div class=\"swp_social_panel swp_horizontal_panel swp_flat_fresh swp_default_full_color swp_individual_full_color swp_other_full_color scale-100 scale-\" data-min-width=\"1100\" data-float-color=\"#ffffff\" data-float=\"bottom\" data-float-mobile=\"bottom\" data-transition=\"slide\">\n<div class=\"nc_tweetContainer swp_share_button total_shares total_sharesalt\"><span class=\"swp_count\">28 <span class=\"swp_label\">Partages<\/span><\/span><\/div>\n<\/div>\n<p><strong>Que se passe-t-il en Tunisie?<\/strong><br \/>Nous expliquons sur notre <a href=\"https:\/\/www.youtube.com\/channel\/UCRzypVq0B_yBad5eGrwBx0Q?sub_confirmation=1\" target=\"_blank\" rel=\"noopener noreferrer\">cha\u00eene YouTube<\/a> . <a href=\"https:\/\/www.youtube.com\/channel\/UCRzypVq0B_yBad5eGrwBx0Q?sub_confirmation=1\" target=\"_blank\" rel=\"noopener noreferrer\">Abonnez-vous!<\/a><\/p>\n<div class=\"mvp-org-wrap mvp-org-logo\" itemprop=\"publisher\" itemscope=\"\" itemtype=\"https:\/\/schema.org\/Organization\"><img decoding=\"async\" src=\"https:\/\/www.tunisienumerique.com\/wp-content\/uploads\/2017\/02\/logo_tunisie_numerique.png\"\/><\/div>\n<div class=\"mvp-related-posts left relative\">\n<h4 class=\"post-header\"><span class=\"post-header\">Lire aussi<\/span><\/h4>\n<\/div>\n<\/div>\n<p>Auteur: LM<br \/>\n<a href=\"https:\/\/www.tunisienumerique.com\/le-gouvernement-de-sarraj-ne-participera-a-la-conference-dalger\/\">Cliquez ici pour lire l&rsquo;article depuis sa source.<\/a><\/p>\n","protected":false},"excerpt":{"rendered":"<p>Le ministre des Affaires Etrang\u00e8res de Fayez Sarraj a annoc\u00e9 que le gouvernement de consensus national ne participera pas \u00e0 la conf\u00e9rence des pays voisins de la Libye, qui se tient demain jeudi, \u00e0 Alger. Selon la chaine TV \u00ab\u00a0Libya Al Ahrar\u00a0\u00bb, le gouvernement Sarraj refuse de participer \u00e0 cette conf\u00e9rence parce que l\u2019Alg\u00e9rie a [&hellip;]<\/p>\n","protected":false},"author":1789,"featured_media":73860,"comment_status":"closed","ping_status":"closed","sticky":false,"template":"","format":"standard","meta":{"fifu_image_url":"","fifu_image_alt":"","footnotes":""},"categories":[73,55],"tags":[],"class_list":["post-73859","post","type-post","status-publish","format-standard","has-post-thumbnail","hentry","category-actualite","category-tunisie"],"_links":{"self":[{"href":"https:\/\/linitiative.ca\/International\/wp-json\/wp\/v2\/posts\/73859","targetHints":{"allow":["GET"]}}],"collection":[{"href":"https:\/\/linitiative.ca\/International\/wp-json\/wp\/v2\/posts"}],"about":[{"href":"https:\/\/linitiative.ca\/International\/wp-json\/wp\/v2\/types\/post"}],"author":[{"embeddable":true,"href":"https:\/\/linitiative.ca\/International\/wp-json\/wp\/v2\/users\/1789"}],"replies":[{"embeddable":true,"href":"https:\/\/linitiative.ca\/International\/wp-json\/wp\/v2\/comments?post=73859"}],"version-history":[{"count":0,"href":"https:\/\/linitiative.ca\/International\/wp-json\/wp\/v2\/posts\/73859\/revisions"}],"wp:featuredmedia":[{"embeddable":true,"href":"https:\/\/linitiative.ca\/International\/wp-json\/"}],"wp:attachment":[{"href":"https:\/\/linitiative.ca\/International\/wp-json\/wp\/v2\/media?parent=73859"}],"wp:term":[{"taxonomy":"category","embeddable":true,"href":"https:\/\/linitiative.ca\/International\/wp-json\/wp\/v2\/categories?post=73859"},{"taxonomy":"post_tag","embeddable":true,"href":"https:\/\/linitiative.ca\/International\/wp-json\/wp\/v2\/tags?post=73859"}],"curies":[{"name":"wp","href":"https:\/\/api.w.org\/{rel}","templated":true}]}}