{"id":73861,"date":"2020-01-22T16:31:59","date_gmt":"2020-01-22T21:31:59","guid":{"rendered":"https:\/\/linitiative.ca\/International\/tunisie-la-consultante-en-communication-sirine-chrif-na-jamais-adhere-a-ettakattol\/"},"modified":"2020-01-22T16:31:59","modified_gmt":"2020-01-22T21:31:59","slug":"tunisie-la-consultante-en-communication-sirine-chrif-na-jamais-adhere-a-ettakattol","status":"publish","type":"post","link":"https:\/\/linitiative.ca\/International\/tunisie-la-consultante-en-communication-sirine-chrif-na-jamais-adhere-a-ettakattol\/","title":{"rendered":"Tunisie \u2013 La consultante en communication, Sirine Chrif, n\u2019a jamais adh\u00e9r\u00e9 \u00e0 Ettakattol"},"content":{"rendered":"<div class=\"post-cont-in left relative\">\n<p>Suite \u00e0 la diffusion d\u2019informations erron\u00e9es ou impr\u00e9cises concernant la consultante en communication Sirine Cherif, l\u2019annon\u00e7ant comme faisant partie du cabinet d\u2019<a href=\"https:\/\/www.tunisienumerique.com\/tunisie-actualite\/elyes-fakhfakh\/\" title=\"Elyes Fakhfakh\" target=\"_top\" class=\"auto-link\" rel=\"noopener noreferrer\">Elyes Fakhfakh<\/a>, le chef du gouvernement charg\u00e9, et la pr\u00e9sentant comme membre d\u2019Ettakatol, il importe de pr\u00e9ciser que Sirine Cherif n\u2019a jamais adh\u00e9r\u00e9 \u00e0 Ettakatol, bien qu\u2019elle ait aid\u00e9, \u00e0 titre b\u00e9n\u00e9vole, \u00e0 la communication de Mustapha Ben Ja\u00e2far, comme elle l\u2019a fait plus tard, et toujours \u00e0 titre b\u00e9n\u00e9vole, pour le compte d\u2019Al Badil et de Mehdi Joma\u00e2, sans pour autant adh\u00e9rer \u00e0 ce parti.<\/p>\n<div class=\"code-block code-block-1 c3\"><ins class=\"adsbygoogle c2\" data-ad-layout=\"in-article\" data-ad-format=\"fluid\" data-ad-client=\"ca-pub-2102118777505746\" data-ad-slot=\"7301775417\"\/> <\/div>\n<p>Sur un autre plan, Sirine Cherif a \u00e9t\u00e9 pr\u00e9sent\u00e9e comme \u00e9tant propri\u00e9taire et g\u00e9n\u00e9ral manager de \u00ab\u00a0Memac\u00a0Ogilvy Labelou\u00a0\u00bb, alors qu\u2019en r\u00e9alit\u00e9, elle a vendu ses parts dans cette soci\u00e9t\u00e9 depuis plus d\u2019un an, et elle exerce, actuellement comme consultante \u00e0 son propre compte.<\/p>\n<p>Ensuite, et pour le moment, Sirine Cherif fait juste partie de l\u2019\u00e9quipe d\u2019Elyes Fakhfakh, et il est trop t\u00f4t pour sp\u00e9culer sur la possibilit\u00e9 pour elle de prendre la t\u00eate du d\u00e9partement de la communication \u00e0 El Kasbah.<\/p>\n<div class=\"swp_social_panel swp_horizontal_panel swp_flat_fresh swp_default_full_color swp_individual_full_color swp_other_full_color scale-100 scale-\" data-min-width=\"1100\" data-float-color=\"#ffffff\" data-float=\"bottom\" data-float-mobile=\"bottom\" data-transition=\"slide\">\n<div class=\"nc_tweetContainer swp_share_button total_shares total_sharesalt\"><span class=\"swp_count\">10 <span class=\"swp_label\">Partages<\/span><\/span><\/div>\n<\/div>\n<p><strong>Que se passe-t-il en Tunisie?<\/strong><br \/>Nous expliquons sur notre <a href=\"https:\/\/www.youtube.com\/channel\/UCRzypVq0B_yBad5eGrwBx0Q?sub_confirmation=1\" target=\"_blank\" rel=\"noopener noreferrer\">cha\u00eene YouTube<\/a> . <a href=\"https:\/\/www.youtube.com\/channel\/UCRzypVq0B_yBad5eGrwBx0Q?sub_confirmation=1\" target=\"_blank\" rel=\"noopener noreferrer\">Abonnez-vous!<\/a><\/p>\n<div class=\"mvp-org-wrap mvp-org-logo\" itemprop=\"publisher\" itemscope=\"\" itemtype=\"https:\/\/schema.org\/Organization\"><img decoding=\"async\" src=\"https:\/\/www.tunisienumerique.com\/wp-content\/uploads\/2017\/02\/logo_tunisie_numerique.png\"\/><\/div>\n<div class=\"mvp-related-posts left relative\">\n<h4 class=\"post-header\"><span class=\"post-header\">Lire aussi<\/span><\/h4>\n<\/div>\n<\/div>\n<p>Auteur: LM<br \/>\n<a href=\"https:\/\/www.tunisienumerique.com\/tunisie-la-consultante-en-communication-sirine-chrif-na-jamais-adhere-a-ettakattol\/\">Cliquez ici pour lire l&rsquo;article depuis sa source.<\/a><\/p>\n","protected":false},"excerpt":{"rendered":"<p>Suite \u00e0 la diffusion d\u2019informations erron\u00e9es ou impr\u00e9cises concernant la consultante en communication Sirine Cherif, l\u2019annon\u00e7ant comme faisant partie du cabinet d\u2019Elyes Fakhfakh, le chef du gouvernement charg\u00e9, et la pr\u00e9sentant comme membre d\u2019Ettakatol, il importe de pr\u00e9ciser que Sirine Cherif n\u2019a jamais adh\u00e9r\u00e9 \u00e0 Ettakatol, bien qu\u2019elle ait aid\u00e9, \u00e0 titre b\u00e9n\u00e9vole, \u00e0 la [&hellip;]<\/p>\n","protected":false},"author":1789,"featured_media":73862,"comment_status":"closed","ping_status":"closed","sticky":false,"template":"","format":"standard","meta":{"fifu_image_url":"","fifu_image_alt":"","footnotes":""},"categories":[73,55],"tags":[],"class_list":["post-73861","post","type-post","status-publish","format-standard","has-post-thumbnail","hentry","category-actualite","category-tunisie"],"_links":{"self":[{"href":"https:\/\/linitiative.ca\/International\/wp-json\/wp\/v2\/posts\/73861","targetHints":{"allow":["GET"]}}],"collection":[{"href":"https:\/\/linitiative.ca\/International\/wp-json\/wp\/v2\/posts"}],"about":[{"href":"https:\/\/linitiative.ca\/International\/wp-json\/wp\/v2\/types\/post"}],"author":[{"embeddable":true,"href":"https:\/\/linitiative.ca\/International\/wp-json\/wp\/v2\/users\/1789"}],"replies":[{"embeddable":true,"href":"https:\/\/linitiative.ca\/International\/wp-json\/wp\/v2\/comments?post=73861"}],"version-history":[{"count":0,"href":"https:\/\/linitiative.ca\/International\/wp-json\/wp\/v2\/posts\/73861\/revisions"}],"wp:featuredmedia":[{"embeddable":true,"href":"https:\/\/linitiative.ca\/International\/wp-json\/"}],"wp:attachment":[{"href":"https:\/\/linitiative.ca\/International\/wp-json\/wp\/v2\/media?parent=73861"}],"wp:term":[{"taxonomy":"category","embeddable":true,"href":"https:\/\/linitiative.ca\/International\/wp-json\/wp\/v2\/categories?post=73861"},{"taxonomy":"post_tag","embeddable":true,"href":"https:\/\/linitiative.ca\/International\/wp-json\/wp\/v2\/tags?post=73861"}],"curies":[{"name":"wp","href":"https:\/\/api.w.org\/{rel}","templated":true}]}}