{"id":73865,"date":"2020-01-22T16:54:08","date_gmt":"2020-01-22T21:54:08","guid":{"rendered":"https:\/\/linitiative.ca\/International\/par-maher-ben-ghachem-le-phenomene-abir-moussi\/"},"modified":"2020-01-22T16:54:08","modified_gmt":"2020-01-22T21:54:08","slug":"par-maher-ben-ghachem-le-phenomene-abir-moussi","status":"publish","type":"post","link":"https:\/\/linitiative.ca\/International\/par-maher-ben-ghachem-le-phenomene-abir-moussi\/","title":{"rendered":"Par Maher Ben Ghachem : Le ph\u00e9nom\u00e8ne Abir Moussi"},"content":{"rendered":"<div class=\"post-cont-in left relative\">\n<p>Tous les modernistes, sans exception, appr\u00e9cient le discours v\u00e9h\u00e9ment de cette dame vis \u00e0 vis des islamistes. (par revanche \u00e0 ceux des\u00ab LPR \u00bb* rafra\u00eechies.)<\/p>\n<div class=\"code-block code-block-1 c3\"><ins class=\"adsbygoogle c2\" data-ad-layout=\"in-article\" data-ad-format=\"fluid\" data-ad-client=\"ca-pub-2102118777505746\" data-ad-slot=\"7301775417\"\/> <\/div>\n<p>Je n\u2019ai pas rencontr\u00e9 une seule personne de ce camp qui ne se d\u00e9lecte pas de ses attaques frontales, surtout qu\u2019elle dit vrai !<\/p>\n<p>Les modernistes, qui ne sont pas tous progressistes, lui reprochent\u00a0 parfois d\u2019exag\u00e9rer, surtout quand on manque de respect aux victimes de la r\u00e9volution. L\u00e0 il y a une ligne rouge \u00e0 ne pas franchir car il s\u2019agit de victimes r\u00e9elles et devant la mort , tout le monde doit s\u2019incliner, en respectant les familles meurtries.<\/p>\n<p>Les accusations reprises par Abir sur la responsabilit\u00e9 des \u00ab khouanjia \u00bb dans l\u2019\u00e9tat du pays sont indiscutables.<\/p>\n<p>Leur id\u00e9ologie, leur soif d\u2019argent, leurs pr\u00e9occupation de r\u00e9cup\u00e9rer ce qu\u2019ils ont perdu durant leurs ann\u00e9es de \u00ab militantisme \u00bb d\u00e9montrent combien chez eux, tout est calcul et point de principes.<\/p>\n<p>Le fait de vouloir imposer la loi canonique islamique r\u00e9gissant la vie religieuse, politique, sociale et individuelle, appliqu\u00e9e de mani\u00e8re stricte dans certains \u00c9tats musulmans, entra\u00eene de facto une restriction des libert\u00e9s et de toutes id\u00e9es novatrices.<\/p>\n<p>Maintenant, l\u2019autre facette de la libert\u00e9, c\u2019est automatiquement l\u2019instabilit\u00e9.<\/p>\n<p>En effet, quand on est libre de penser, on se sent libre d\u2019agir et m\u00eame libre de changer d\u2019avis.<\/p>\n<p>Ce qui est vrai aujourd\u2019hui peut ne pas \u00eatre vrai demain et les engagements pris aujourd\u2019hui peuvent ne plus engager ceux qui les ont pris hier au nom de la libert\u00e9. D\u2019o\u00f9 l\u2019instabilit\u00e9 qui peut aller jusqu\u2019\u00e0 l\u2019anarchie.<\/p>\n<p>Abir semble remettre en cause le seul acquis de cette \u00ab r\u00e9volution \u00bb ( la libert\u00e9 ) et\u00a0a l\u2019air plut\u00f4t partisane de la mani\u00e8re \u00ab forte \u00bb<\/p>\n<p>Ce que pr\u00f4ne Abir c\u2019est un rejet total de cohabitation avec les \u00ab khouanjia \u00bb tout en d\u00e9fendant le pass\u00e9 r\u00e9cent( 23\u00a0ans de dictature) qui n\u2019est ni reluisant en mati\u00e8re \u00e9conomique ( sinon on en serait pas l\u00e0) ni\u00a0 sur la plan des libert\u00e9s et de la d\u00e9mocratique, ce qui constituait indiscutablement un frein\u00a0\u00e0 l\u2019\u00e9panouissement et \u00e0 l\u2019expression des talents cach\u00e9s.<\/p>\n<p>On peut se poser la question : mais que veut cette dame?<\/p>\n<p>Quand on fait de la politique c\u2019est en g\u00e9n\u00e9ral pour acc\u00e9der au pouvoir!<\/p>\n<p>Or, dans les conditions actuelles, Abir ne peut pas pr\u00e9tendre \u00e0 prendre seule le pouvoir et d\u2019ailleurs personne et aucun parti ne peut y pr\u00e9tendre.<\/p>\n<p>Alors quelle est sa strat\u00e9gie?<\/p>\n<p>Il n\u2019y a qu\u2019une seule explication: A force de taper sur les \u00ab khouanjia \u00bb elle arrivera \u00e0 \u00e9roder leur \u00e9lectorat jusqu\u2019\u00e0 le r\u00e9duire \u00e0 ses \u00ab ultras \u00bb et \u00e9loigner ceux qui croient en leur mutation, qui opteront pour les partis de centre droit ou gauche et peut \u00eatre m\u00eame qu\u2019elle pourra en r\u00e9cup\u00e9rer une bonne partie. ( comme le vote populaire en faveur de Marine Le Pen).<\/p>\n<p>A force de d\u00e9montrer la cupidit\u00e9 d\u2019une majorit\u00e9 d\u2019\u00ab islamistes \u00bb, elle finira par augmenter son assise \u00e9lectorale tout en renfor\u00e7ant le camp des modernistes et des progressistes, aboutissant enfin \u00e0 la rel\u00e9gation du parti islamiste dans l\u2019opposition.<\/p>\n<p>La pr\u00e9sence du PDL au parlement est importante, elle contre balance les partis \u00e0 droite d\u2019<a href=\"https:\/\/www.tunisienumerique.com\/tunisie-actualite\/ennahdha\/\" title=\"Ennahdha\" target=\"_top\" class=\"auto-link\" rel=\"noopener noreferrer\">Ennahdha<\/a> (Karama et Rahma).<\/p>\n<p>Ses membres disent tout haut ce que pensent tout bas les partis centristes qui en tirent profit en se montrant \u00ab polis et d\u00e9mocrates \u00bb mais \u00e0 terme il faut qu\u2019ils s\u2019allient \u00e0 elle pour \u00e9vincer du pouvoir ceux qui sont t\u00e9tanis\u00e9s par le sacr\u00e9 et qui ne pr\u00e9sentent aucune comp\u00e9tence pour diriger le pays.<\/p>\n<p>Il faut reconna\u00eetre qu\u2019il y a de nombreuses personnes \u201cfr\u00e9quentables\u201d dans le parti\u00a0 Ennahdha et elles vont contribuer\u00a0au changement de leur parti en commen\u00e7ant par faire des mis\u00e8res \u00e0 leur pr\u00e9sident qui n\u2019est plus leur Gourou.<\/p>\n<p>Je pr\u00e9cise que je ne vote pas pour le PDL car il fait l\u2019apologie d\u2019une p\u00e9riode dictatoriale qui est \u00e0 l\u2019origine de la situation difficile qu\u2019on vit actuellement, tout autant responsable que les islamistes qui ont en profit\u00e9 pour se servir directement dans les caisses de l\u2019\u00e9tat par la fameuse distribution \u00e0 leurs militants du \u00ab manque \u00bb \u00e0 gagner durant leurs ann\u00e9es de militantisme.<\/p>\n<p><a href=\"https:\/\/www.tunisienumerique.com\/tunisie-actualite\/abir-moussi\/\" title=\"Abir Moussi\" target=\"_top\" class=\"auto-link\" rel=\"noopener noreferrer\">Abir Moussi<\/a> est une femme courageuse, une sorte de Jeanne d\u2019Arc, (en ne lui souhaitant absolument pas la m\u00eame fin). Elle doit \u00e9voluer si elle veut r\u00e9ellement repr\u00e9senter la femme issue du Bourguibisme qui va sauver le pays en se d\u00e9barrassant de ces images ridicules de \u00ab tabel et zakar \u00bb pour ramener vers elle un autre entourage moderne qui honnit ces cultes de la personnalit\u00e9.<\/p>\n<p>Par ailleurs ses positions homophobes et contre certaines r\u00e9formes de la soci\u00e9t\u00e9 ( comme l\u2019\u00e9galit\u00e9 dans l\u2019h\u00e9ritage) lui donnent une image conservatrice dans la lign\u00e9e des \u00abkhouanjia\u00bb. Une passerelle pour l\u2019\u00e9lectorat sympathisant d\u2019Ennahdha?<\/p>\n<p>Wait and see.<\/p>\n<p>*LPR: Ligues de Protection de la R\u00e9volution.<\/p>\n<p>*Tabel et\u00a0zakar: Fanfaronnade.<\/p>\n<p><em>Maher Ben Ghachem.\u00a0<\/em><em>Ancien Professeur de M\u00e9decine.\u00a0<\/em><em>Ancien Interne des H\u00f4pitaux de Paris.<\/em><\/p>\n<div class=\"swp_social_panel swp_horizontal_panel swp_flat_fresh swp_default_full_color swp_individual_full_color swp_other_full_color scale-100 scale-\" data-min-width=\"1100\" data-float-color=\"#ffffff\" data-float=\"bottom\" data-float-mobile=\"bottom\" data-transition=\"slide\">\n<div class=\"nc_tweetContainer swp_share_button total_shares total_sharesalt\"><span class=\"swp_count\">12 <span class=\"swp_label\">Partages<\/span><\/span><\/div>\n<\/div>\n<p><strong>Que se passe-t-il en Tunisie?<\/strong><br \/>Nous expliquons sur notre <a href=\"https:\/\/www.youtube.com\/channel\/UCRzypVq0B_yBad5eGrwBx0Q?sub_confirmation=1\" target=\"_blank\" rel=\"noopener noreferrer\">cha\u00eene YouTube<\/a> . <a href=\"https:\/\/www.youtube.com\/channel\/UCRzypVq0B_yBad5eGrwBx0Q?sub_confirmation=1\" target=\"_blank\" rel=\"noopener noreferrer\">Abonnez-vous!<\/a><\/p>\n<div class=\"mvp-org-wrap mvp-org-logo\" itemprop=\"publisher\" itemscope=\"\" itemtype=\"https:\/\/schema.org\/Organization\"><img decoding=\"async\" src=\"https:\/\/www.tunisienumerique.com\/wp-content\/uploads\/2017\/02\/logo_tunisie_numerique.png\"\/><\/div>\n<div class=\"mvp-related-posts left relative\">\n<h4 class=\"post-header\"><span class=\"post-header\">Lire aussi<\/span><\/h4>\n<\/div>\n<\/div>\n<p>Auteur: Tunisie Num\u00e9rique<br \/>\n<a href=\"https:\/\/www.tunisienumerique.com\/par-maher-ben-ghachem-le-phenomene-abir-moussi\/\">Cliquez ici pour lire l&rsquo;article depuis sa source.<\/a><\/p>\n","protected":false},"excerpt":{"rendered":"<p>Tous les modernistes, sans exception, appr\u00e9cient le discours v\u00e9h\u00e9ment de cette dame vis \u00e0 vis des islamistes. (par revanche \u00e0 ceux des\u00ab LPR \u00bb* rafra\u00eechies.) Je n\u2019ai pas rencontr\u00e9 une seule personne de ce camp qui ne se d\u00e9lecte pas de ses attaques frontales, surtout qu\u2019elle dit vrai ! Les modernistes, qui ne sont pas [&hellip;]<\/p>\n","protected":false},"author":1789,"featured_media":73866,"comment_status":"closed","ping_status":"closed","sticky":false,"template":"","format":"standard","meta":{"fifu_image_url":"","fifu_image_alt":"","footnotes":""},"categories":[73,55],"tags":[],"class_list":["post-73865","post","type-post","status-publish","format-standard","has-post-thumbnail","hentry","category-actualite","category-tunisie"],"_links":{"self":[{"href":"https:\/\/linitiative.ca\/International\/wp-json\/wp\/v2\/posts\/73865","targetHints":{"allow":["GET"]}}],"collection":[{"href":"https:\/\/linitiative.ca\/International\/wp-json\/wp\/v2\/posts"}],"about":[{"href":"https:\/\/linitiative.ca\/International\/wp-json\/wp\/v2\/types\/post"}],"author":[{"embeddable":true,"href":"https:\/\/linitiative.ca\/International\/wp-json\/wp\/v2\/users\/1789"}],"replies":[{"embeddable":true,"href":"https:\/\/linitiative.ca\/International\/wp-json\/wp\/v2\/comments?post=73865"}],"version-history":[{"count":0,"href":"https:\/\/linitiative.ca\/International\/wp-json\/wp\/v2\/posts\/73865\/revisions"}],"wp:featuredmedia":[{"embeddable":true,"href":"https:\/\/linitiative.ca\/International\/wp-json\/"}],"wp:attachment":[{"href":"https:\/\/linitiative.ca\/International\/wp-json\/wp\/v2\/media?parent=73865"}],"wp:term":[{"taxonomy":"category","embeddable":true,"href":"https:\/\/linitiative.ca\/International\/wp-json\/wp\/v2\/categories?post=73865"},{"taxonomy":"post_tag","embeddable":true,"href":"https:\/\/linitiative.ca\/International\/wp-json\/wp\/v2\/tags?post=73865"}],"curies":[{"name":"wp","href":"https:\/\/api.w.org\/{rel}","templated":true}]}}