{"id":73867,"date":"2020-01-22T16:45:25","date_gmt":"2020-01-22T21:45:25","guid":{"rendered":"https:\/\/linitiative.ca\/International\/prime-a-limpunite-pour-le-digireant-burundaislindecent-prix-a-payer-pour-tourner-la-page-nkurunziza\/"},"modified":"2020-01-22T16:45:25","modified_gmt":"2020-01-22T21:45:25","slug":"prime-a-limpunite-pour-le-digireant-burundaislindecent-prix-a-payer-pour-tourner-la-page-nkurunziza","status":"publish","type":"post","link":"https:\/\/linitiative.ca\/International\/prime-a-limpunite-pour-le-digireant-burundaislindecent-prix-a-payer-pour-tourner-la-page-nkurunziza\/","title":{"rendered":"PRIME A L\u2019IMPUNITE POUR LE DIGIREANT BURUNDAIS:L\u2019ind\u00e9cent prix \u00e0 payer pour tourner la page N\u2019kurunziza"},"content":{"rendered":"<div class=\"stream-item stream-item-above-post-content\">\n<p><noscript><\/p>\n<p><a href=\"\/\/www3.smartadserver.com\/ac?jump=1&#038;nwid=2136&#038;siteid=240610&#038;pgname=rg&#038;fmtid=49046&#038;visit=m&#038;tmstp=[timestamp]&#038;out=nonrich\" target=\"_blank\" rel=\"noopener noreferrer\"><img decoding=\"async\" src=\"\/\/www3.smartadserver.com\/ac?out=nonrich&#038;nwid=2136&#038;siteid=240610&#038;pgname=rg&#038;fmtid=49046&#038;visit=m&#038;tmstp=[timestamp]\" border=\"0\" alt=\"\"\/><\/a><\/p>\n<p><\/noscript><\/div>\n<p class=\"c3\">500\u00a0000 euros, une villa cossue digne de statut d\u2019ancien chef d\u2019Etat, auxquels il faudra ajouter bien d\u2019autres privil\u00e8ges et avantages dont une retraite dor\u00e9e et paisible sans aucun risque de poursuites judiciaires. \u00a0C\u2019est le sacrifice suppl\u00e9mentaire \u2013 apr\u00e8s avoir tant souffert \u2013 que le pauvre peuple burundais devra consentir pour obtenir le d\u00e9part du tr\u00e8s redout\u00e9 homme fort du Burundi, du palais pr\u00e9sidentiel. \u00a0S\u2019il venait \u00e0 passer (et l\u2019on ne saurait imaginer le contraire), le projet de loi adopt\u00e9 mardi dernier par l\u2019Assembl\u00e9e nationale, accorderait ainsi un parachute dor\u00e9 \u00e0 \u00ab\u00a0un (ancien) chef d\u2019Etat ayant \u00e9t\u00e9 \u00e9lu au suffrage universel\u00a0\u00bb. Pierre N\u2019kurunziza voudrait tailler une loi \u00e0 sa mesure, \u00e0 quelque quatre mois d\u2019une pr\u00e9sidentielle \u00e0 laquelle il a promis de renoncer cette fois, qu\u2019il ne s\u2019y prendrait pas autrement. Il est \u00e9vident que ce projet de loi ne pose aucun probl\u00e8me de conscience au ma\u00eetre absolu de Bujumbura. M\u00eame si ce parachute dor\u00e9\u00a0\u00a0 repr\u00e9sente une fortune au Burundi plus que jamais englu\u00e9 dans les profondeurs abyssales de la pauvret\u00e9, o\u00f9 d\u00e9sormais 75% de la population vit en dessous du seuil de pauvret\u00e9.<\/p>\n<p class=\"c3\"><strong>Il faut craindre que ce ne soit pas demain la veille, la fin de ces pratiques naus\u00e9euses<\/strong><\/p>\n<p class=\"c3\">V\u00e9ritable prime \u00e0 l\u2019impunit\u00e9 s\u2019il en est, la loi inique en pr\u00e9paration, doit-elle constituer, pour le peuple burundais, le prix \u00e0 payer pour tourner la sombre et douloureuse page N\u2019kurunziza\u00a0? Ne soul\u00e8ve-t-elle pas l\u00e0, un v\u00e9ritable probl\u00e8me d\u2019\u00e9thique et de morale\u00a0? Chacun appr\u00e9ciera. L\u2019initiative ne devrait pas, en tout cas, choquer outre mesure tous ceux qui pensent, comme un certain\u2026 Alpha Cond\u00e9 jadis opposant, qu\u2019il faut aider les chefs d\u2019Etat qui s\u2019accrochent au pouvoir, \u00e0 se m\u00e9nager une porte de sortie honorable,\u00a0m\u00eame si lui, aujourd\u2019hui \u00e0 l\u2019\u00e9preuve du pouvoir, ne veut plus s\u2019en d\u00e9partir parce qu\u2019il y a pris go\u00fbt.<\/p>\n<p class=\"c3\">H\u00e9las, mille fois h\u00e9las, il faut craindre que ce ne soit pas demain la veille, la fin de ces pratiques naus\u00e9euses, c\u2019est-\u00e0-dire ces d\u00e9parts \u00ab\u00a0couverts\u00a0\u00bb allant \u00e0 rebours du principe de redevabilit\u00e9 qui doit pourtant constituer une exigence absolue pour les dirigeants sortants. Comme dans bien d\u2019autres r\u00e9publiques banani\u00e8res, au Burundi, un pr\u00e9sident aux mains d\u00e9goulinantes du sang de ses concitoyens, va bient\u00f4t vivre une retraite dor\u00e9e et couler des jours tranquilles si tout se passe comme il l\u2019entend. Pour ceux qui pourraient s\u2019activer afin que le pasteur \u00e9gar\u00e9 r\u00e9ponde un jour de ses m\u00e9faits, ils doivent comprendre que c\u2019est la bataille risque malheureusement d\u2019\u00eatre rude. Mais par sa noblesse, le combat vaut la peine d\u2019\u00eatre men\u00e9.<\/p>\n<p class=\"c3\"><strong>\u00ab\u00a0Le Pays\u00a0\u00bb<\/strong><\/p>\n<p>Auteur: Le Pays<br \/>\n<a href=\"http:\/\/lepays.bf\/prime-a-limpunite-pour-le-digireant-burundaislindecent-prix-a-payer-pour-tourner-la-page-nkurunziza\/\">Cliquez ici pour lire l&rsquo;article depuis sa source.<\/a><\/p>\n","protected":false},"excerpt":{"rendered":"<p>500\u00a0000 euros, une villa cossue digne de statut d\u2019ancien chef d\u2019Etat, auxquels il faudra ajouter bien d\u2019autres privil\u00e8ges et avantages dont une retraite dor\u00e9e et paisible sans aucun risque de poursuites judiciaires. \u00a0C\u2019est le sacrifice suppl\u00e9mentaire \u2013 apr\u00e8s avoir tant souffert \u2013 que le pauvre peuple burundais devra consentir pour obtenir le d\u00e9part du tr\u00e8s [&hellip;]<\/p>\n","protected":false},"author":1813,"featured_media":0,"comment_status":"closed","ping_status":"closed","sticky":false,"template":"","format":"standard","meta":{"fifu_image_url":"","fifu_image_alt":"","footnotes":""},"categories":[73,81],"tags":[],"class_list":["post-73867","post","type-post","status-publish","format-standard","hentry","category-actualite","category-burkina-faso"],"_links":{"self":[{"href":"https:\/\/linitiative.ca\/International\/wp-json\/wp\/v2\/posts\/73867","targetHints":{"allow":["GET"]}}],"collection":[{"href":"https:\/\/linitiative.ca\/International\/wp-json\/wp\/v2\/posts"}],"about":[{"href":"https:\/\/linitiative.ca\/International\/wp-json\/wp\/v2\/types\/post"}],"author":[{"embeddable":true,"href":"https:\/\/linitiative.ca\/International\/wp-json\/wp\/v2\/users\/1813"}],"replies":[{"embeddable":true,"href":"https:\/\/linitiative.ca\/International\/wp-json\/wp\/v2\/comments?post=73867"}],"version-history":[{"count":0,"href":"https:\/\/linitiative.ca\/International\/wp-json\/wp\/v2\/posts\/73867\/revisions"}],"wp:attachment":[{"href":"https:\/\/linitiative.ca\/International\/wp-json\/wp\/v2\/media?parent=73867"}],"wp:term":[{"taxonomy":"category","embeddable":true,"href":"https:\/\/linitiative.ca\/International\/wp-json\/wp\/v2\/categories?post=73867"},{"taxonomy":"post_tag","embeddable":true,"href":"https:\/\/linitiative.ca\/International\/wp-json\/wp\/v2\/tags?post=73867"}],"curies":[{"name":"wp","href":"https:\/\/api.w.org\/{rel}","templated":true}]}}