{"id":73868,"date":"2020-01-22T16:52:02","date_gmt":"2020-01-22T21:52:02","guid":{"rendered":"https:\/\/linitiative.ca\/International\/nouveau-massacre-de-civils-au-burkinasi-la-lachete-avait-un-nom\/"},"modified":"2020-01-22T16:52:02","modified_gmt":"2020-01-22T21:52:02","slug":"nouveau-massacre-de-civils-au-burkinasi-la-lachete-avait-un-nom","status":"publish","type":"post","link":"https:\/\/linitiative.ca\/International\/nouveau-massacre-de-civils-au-burkinasi-la-lachete-avait-un-nom\/","title":{"rendered":"NOUVEAU MASSACRE DE CIVILS AU BURKINA:Si la l\u00e2chet\u00e9 avait un nom\u2026"},"content":{"rendered":"<div class=\"stream-item stream-item-above-post-content\">\n<p><noscript><\/p>\n<p><a href=\"\/\/www3.smartadserver.com\/ac?jump=1&#038;nwid=2136&#038;siteid=240610&#038;pgname=rg&#038;fmtid=49046&#038;visit=m&#038;tmstp=[timestamp]&#038;out=nonrich\" target=\"_blank\" rel=\"noopener noreferrer\"><img decoding=\"async\" src=\"\/\/www3.smartadserver.com\/ac?out=nonrich&#038;nwid=2136&#038;siteid=240610&#038;pgname=rg&#038;fmtid=49046&#038;visit=m&#038;tmstp=[timestamp]\" border=\"0\" alt=\"\"\/><\/a><\/p>\n<p><\/noscript><\/div>\n<p class=\"c3\">36 personnes tu\u00e9es\u00a0! C\u2019est le bilan macabre de l\u2019attaque perp\u00e9tr\u00e9e en d\u00e9but de semaine, par des terroristes, dans un march\u00e9 et un village de la r\u00e9gion du Centre-Nord au Burkina. Si la l\u00e2chet\u00e9 avait un nom, elle ne pourrait pas mieux rimer avec un autre mot. Car, non seulement <em>\u00a0<\/em>les pr\u00e9tendus fous d\u2019Allah\u00a0 ne font pas preuve de bravoure en s\u2019en prenant \u00e0 des populations sans d\u00e9fense, mais dans le cas d\u2019esp\u00e8ce, ils ont pouss\u00e9 la bassesse jusqu\u2019\u00e0 se faire passer pour des militaires en patrouille pour mieux faire jouer l\u2019effet de surprise et accomplir leur sale besogne.\u00a0 Mais en agissant de la sorte, ces enrag\u00e9s aux desseins funestes, ont prouv\u00e9 \u00e0 la face du monde, qu\u2019ils sont des individus sans foi ni loi, qui n\u2019ob\u00e9issent qu\u2019\u00e0 un instinct primaire de sauvagerie et de barbarie, dans un combat qui n\u2019a pas de sens. Car, m\u00eame en temps de guerre, il y a des dispositions internationales qui interdisent de s\u2019en prendre aux populations civiles et qui reconnaissent, au passage, des droits aux prisonniers de guerre.<\/p>\n<p class=\"c3\"><strong>Cette nouvelle attaque l\u00e2che et barbare ressemble \u00e0 la r\u00e9action d\u2019une b\u00eate bless\u00e9e<\/strong><\/p>\n<p class=\"c3\">C\u2019est dire si l\u2019acte de ces individus arm\u00e9s tirant \u00e0 l\u2019aveuglette et dans le tas sur d\u2019innocentes populations dont le seul tort \u00e9tait de se trouver au mauvais endroit au mauvais moment, est simplement inqualifiable et \u00e9chappe \u00e0 la raison. Mais au-del\u00e0 de l\u2019\u00e9motion, cette nouvelle attaque l\u00e2che et barbare ressemble \u00e0 la r\u00e9action d\u2019une b\u00eate bless\u00e9e, r\u00e9duite \u00e0 s\u2019en prendre \u00e0 des cibles molles face \u00e0 la mont\u00e9e en puissance des Forces de d\u00e9fense et de s\u00e9curit\u00e9 (FDS). En effet, depuis un certains temps, les FDS sont en train de leur porter la contradiction sur le terrain en leur infligeant de s\u00e9v\u00e8res revers. Est-ce donc par d\u00e9pit que les terroristes ont agi \u00e0 Nagraogo et Alamou\u00a0? Quoi qu\u2019il en soit, ce nouveau drame vient rappeler, si besoin en \u00e9tait, la n\u00e9cessit\u00e9 de toujours garder l\u2019arme au pied, face \u00e0 un adversaire de plus en plus accul\u00e9 et visiblement contraint \u00e0 changer constamment de strat\u00e9gie pour brouiller les pistes et esp\u00e9rer continuer \u00e0 faire parler de lui. C\u2019est dire si le danger reste toujours permanent et que le combat sera de longue haleine. Mais l\u2019espoir est permis. Surtout face au courage et \u00e0 la d\u00e9termination des Forces de d\u00e9fense et de s\u00e9curit\u00e9 dont l\u2019engagement au combat est, peut-on dire, en train de porter fruit au point que la donne est en train de changer sur le terrain.<\/p>\n<p class=\"c3\"><strong>Vote de la loi sur l\u2019enr\u00f4lement de volontaires<\/strong><\/p>\n<p class=\"c3\">Mais ce combat ne saurait \u00eatre celui des seules FDS. La collaboration des populations se pr\u00e9sente d\u2019autant comme une n\u00e9cessit\u00e9 que l\u2019on ne pourra jamais mettre un agent de s\u00e9curit\u00e9 derri\u00e8re chaque citoyen. C\u2019est pourquoi le vote, au lendemain des attaques, par l\u2019Assembl\u00e9e nationale, de la loi sur l\u2019enr\u00f4lement de volontaires pour la d\u00e9fense de la patrie, ne pouvait pas mieux tomber.\u00a0 En rappel, cette loi est une r\u00e9ponse \u00e0 l\u2019appel du chef de l\u2019Etat, Roch Marc Christian Kabor\u00e9 qui, au lendemain de l\u2019attaque sanglante d\u2019un convoi minier qui avait laiss\u00e9 une quarantaine de victimes sur le carreau, en novembre 2019, appelait \u00e0 la mobilisation g\u00e9n\u00e9rale contre le terrorisme.\u00a0 Dans un message adress\u00e9 \u00e0 la Nation, il ordonnait le recrutement de volontaires pour renforcer les effectifs des soldats. C\u2019est ce \u00e0 quoi a fait droit l\u2019Assembl\u00e9e nationale, le 21 janvier dernier, par l\u2019adoption de ladite loi.<\/p>\n<p class=\"c3\"><strong>Il y a des raisons de penser que l\u2019ennemi vit au sein des populations<\/strong><\/p>\n<p class=\"c3\">Au passage, on peut saluer l\u2019unanimit\u00e9 qui s\u2019est d\u00e9gag\u00e9e autour de l\u2019adoption de cette loi qui n\u2019a fait l\u2019objet d\u2019aucune abstention \u00e0 la Repr\u00e9sentation nationale. C\u2019est dire si aujourd\u2019hui, la question s\u00e9curitaire est devenue une pr\u00e9occupation nationale.\u00a0 Si fait que les d\u00e9put\u00e9s,\u00a0 d\u00e9passant leurs clivages et autres consid\u00e9rations politiques, ont compris la n\u00e9cessit\u00e9 de faire front et d\u2019aller en rangs serr\u00e9s contre la b\u00eate venimeuse \u00e0 multiples t\u00eates. \u00a0Car, \u00e0 maintes reprises, les terroristes ont prouv\u00e9 qu\u2019ils avaient plus d\u2019un sale tour dans leur sac et leur fourberie ne laisse place \u00e0 aucun doute qu\u2019ils ne cherchent qu\u2019\u00e0 profiter des failles pour mieux \u00e9tendre leurs tentacules et r\u00e9pandre leur venin au sein des populations. Mais les Burkinab\u00e8 ont l\u2019occasion de leur prouver que le terrorisme n\u2019a pas d\u2019avenir et qu\u2019\u00e0 peuple uni, il n\u2019y a rien d\u2019impossible. Pour en revenir au cas du massacre de Nagraogo, il vient comme une piq\u00fbre de rappel de la n\u00e9cessit\u00e9 de rester vigilant. Car, si l\u2019attaque \u00e9tait intervenue dans une zone frontali\u00e8re, on aurait pu penser que l\u2019ennemi \u00e9tait venu d\u2019ailleurs. Mais dans le cas d\u2019esp\u00e8ce, il y a des raisons de penser que l\u2019ennemi vit au sein des populations avec une redoutable capacit\u00e9 de se fondre parmi elles. C\u2019est pourquoi, il n\u2019est pas exag\u00e9r\u00e9 de dire que la situation, dans le Centre-Nord, m\u00e9rite un traitement particulier. Car, depuis un certain temps, c\u2019est comme si l\u2019\u00e9picentre des attaques terroristes s\u2019\u00e9tait d\u00e9plac\u00e9 des fronts Est et Nord pour se concentrer dans cette zone, avec parfois des attaques cibl\u00e9es dont on se demande \u00e0 quoi elles peuvent bien r\u00e9pondre. C\u2019est dire si une op\u00e9ration de d\u00e9ratisation s\u2019impose dans la zone. Et tout porte \u00e0 croire que plus vite on la m\u00e8nera, mieux cela vaudra.<\/p>\n<p class=\"c3\"><strong><em>\u00a0\u00ab\u00a0Le Pays\u00a0\u00bb<\/em><\/strong><\/p>\n<p>Auteur: Le Pays<br \/>\n<a href=\"http:\/\/lepays.bf\/nouveau-massacre-de-civils-au-burkinasi-la-lachete-avait-un-nom\/\">Cliquez ici pour lire l&rsquo;article depuis sa source.<\/a><\/p>\n","protected":false},"excerpt":{"rendered":"<p>36 personnes tu\u00e9es\u00a0! C\u2019est le bilan macabre de l\u2019attaque perp\u00e9tr\u00e9e en d\u00e9but de semaine, par des terroristes, dans un march\u00e9 et un village de la r\u00e9gion du Centre-Nord au Burkina. Si la l\u00e2chet\u00e9 avait un nom, elle ne pourrait pas mieux rimer avec un autre mot. Car, non seulement \u00a0les pr\u00e9tendus fous d\u2019Allah\u00a0 ne font [&hellip;]<\/p>\n","protected":false},"author":1813,"featured_media":0,"comment_status":"closed","ping_status":"closed","sticky":false,"template":"","format":"standard","meta":{"fifu_image_url":"","fifu_image_alt":"","footnotes":""},"categories":[73,81],"tags":[],"class_list":["post-73868","post","type-post","status-publish","format-standard","hentry","category-actualite","category-burkina-faso"],"_links":{"self":[{"href":"https:\/\/linitiative.ca\/International\/wp-json\/wp\/v2\/posts\/73868","targetHints":{"allow":["GET"]}}],"collection":[{"href":"https:\/\/linitiative.ca\/International\/wp-json\/wp\/v2\/posts"}],"about":[{"href":"https:\/\/linitiative.ca\/International\/wp-json\/wp\/v2\/types\/post"}],"author":[{"embeddable":true,"href":"https:\/\/linitiative.ca\/International\/wp-json\/wp\/v2\/users\/1813"}],"replies":[{"embeddable":true,"href":"https:\/\/linitiative.ca\/International\/wp-json\/wp\/v2\/comments?post=73868"}],"version-history":[{"count":0,"href":"https:\/\/linitiative.ca\/International\/wp-json\/wp\/v2\/posts\/73868\/revisions"}],"wp:attachment":[{"href":"https:\/\/linitiative.ca\/International\/wp-json\/wp\/v2\/media?parent=73868"}],"wp:term":[{"taxonomy":"category","embeddable":true,"href":"https:\/\/linitiative.ca\/International\/wp-json\/wp\/v2\/categories?post=73868"},{"taxonomy":"post_tag","embeddable":true,"href":"https:\/\/linitiative.ca\/International\/wp-json\/wp\/v2\/tags?post=73868"}],"curies":[{"name":"wp","href":"https:\/\/api.w.org\/{rel}","templated":true}]}}