{"id":73869,"date":"2020-01-22T17:18:23","date_gmt":"2020-01-22T22:18:23","guid":{"rendered":"https:\/\/linitiative.ca\/International\/maxime-kabore-sur-la-situation-nationale-si-jetais-le-president-du-faso\/"},"modified":"2020-01-22T17:18:23","modified_gmt":"2020-01-22T22:18:23","slug":"maxime-kabore-sur-la-situation-nationale-si-jetais-le-president-du-faso","status":"publish","type":"post","link":"https:\/\/linitiative.ca\/International\/maxime-kabore-sur-la-situation-nationale-si-jetais-le-president-du-faso\/","title":{"rendered":"Maxime Kabor\u00e9 sur la situation nationale \u00ab Si j\u2019\u00e9tais le pr\u00e9sident du Faso\u2026\u00bb"},"content":{"rendered":"<div class=\"td-post-featured-image\"><a href=\"https:\/\/i1.wp.com\/www.sidwaya.info\/wp-content\/uploads\/2020\/01\/maxime23.gif?fit=390%2C520&#038;ssl=1\" data-caption=\"\"><img loading=\"lazy\" decoding=\"async\" width=\"390\" height=\"520\" class=\"entry-thumb td-modal-image\" src=\"https:\/\/i1.wp.com\/www.sidwaya.info\/wp-content\/uploads\/2020\/01\/maxime23.gif?resize=390%2C520&#038;ssl=1\" alt=\"\" title=\"maxime23\"\/><\/a><\/div>\n<p><strong>Dans notre initiative d\u00e9nomm\u00e9e la Route de la coh\u00e9sion sociale, nous avons crois\u00e9 le chemin du pr\u00e9sident du Parti pour l\u2019Ind\u00e9pendance du Burkina (PIB), Maxime Kabor\u00e9, disparu des radars depuis longtemps. Celui-ci a bien voulu se prononcer sur des questions d\u2019actualit\u00e9 de son pays, notamment le terrorisme, le sommet de Pau, le franc CFA, l\u2019\u00e9lection pr\u00e9sidentielle.<\/strong><\/p>\n<p>Donatien Rapha\u00ebl Niki\u00e9ma (D.R.N.) : M. Kabor\u00e9, vous avez disparu des radars depuis un bon bout de temps. Comment vous portez-vous?<\/p>\n<div class=\"td-a-rec td-a-rec-id-content_inline tdi_30_80d td_block_template_1\"><a href=\"https:\/\/www.sidwaya.info\/wp-content\/uploads\/2019\/12\/Bandeau-sitebonneannee.jpg\"><img loading=\"lazy\" decoding=\"async\" class=\"aligncenter size-full wp-image-17812\" src=\"https:\/\/www.sidwaya.info\/wp-content\/uploads\/2019\/12\/Bandeau-sitebonneannee.jpg\" alt=\"\" width=\"720\" height=\"90\"\/><\/a><\/div>\n<p>Maxime Kabor\u00e9 (M.K.) : Non, pourtant je suis l\u00e0. Je n\u2019ai pas disparu des radars. Je me porte tr\u00e8s bien. Presque chaque deux mois je suis au pays pour mes activit\u00e9s politiques et p\u00e9dagogiques, car je donne des cours \u00e0 l\u2019universit\u00e9 de Koudougou, dans une universit\u00e9 de Ouagadougou et m\u00eame bient\u00f4t \u00e0 Manga.<br \/>D.R.N. : Vous nous recevez ici dans vos locaux, alors de quoi s\u2019agit-il ici ?<\/p>\n<p>M.K. : Nous sommes une maison d\u2019accueil, un centre agr\u00e9\u00e9 par l\u2019Etat belge, et nous recevons des personnes d\u00e9favoris\u00e9es. Nous accueillons pr\u00e9sentement pr\u00e8s de quarante personnes qui sont nourries et blanchies. Ce sont g\u00e9n\u00e9ralement des personnes qui sortent de prison ou qui sont dans des difficult\u00e9s pour se trouver un logement. Grace donc au service social belge, elles sont accueillies pendant au moins neuf mois, le temps de trouver une situation stable et d\u00e9m\u00e9nager.<\/p>\n<p>D.R.N. : Venons-en \u00e0 la situation qui pr\u00e9vaut au pays. Quel regard y jetez-vous?<\/p>\n<p>M.K. : C\u2019est vrai que le pr\u00e9sident Kabor\u00e9 n\u2019a pas \u00e9t\u00e9 vraiment g\u00e2t\u00e9 en arrivant au pouvoir, du fait des attaques terroristes qui endeuillent les populations. Je crois que la situation est surtout politique. Pour cela, il faut trouver des solutions politiques. La seule donne militaire ne peut pas venir \u00e0 bout de cette guerre qui n\u2019est pas conventionnelle.<\/p>\n<p>D.R.N. : Et si le terrorisme vous \u00e9tait cont\u00e9 ?<\/p>\n<p>M.K. : Il est important que le pays se d\u00e9fende. Nous sommes tous engag\u00e9s contre le terrorisme et je demeure convaincu que si on trouve des solutions politiques, le terrorisme ne pourra pas prosp\u00e9rer. J\u2019en suis convaincu car les terroristes se servent de la division et du calcul partisan de certains hommes politiques press\u00e9s de voir le r\u00e9gime \u00e9chouer. Apr\u00e8s tout, c\u2019est le pays qui perd, ce sont nos enfants qui meurent, ce sont les Burkinab\u00e8 qui en p\u00e2tissent. Donc il faut qu\u2019on s\u2019arr\u00eate et qu\u2019on se parle, vu le mode op\u00e9ratoire des djihadistes qui consiste maintenant \u00e0 s\u2019attaquer aux populations. Toutes choses d\u2019ailleurs qui traduit leur l\u00e2chet\u00e9, leur manque d\u2019humanisme et leur d\u00e9sarroi.<\/p>\n<p>D.R.N. : Quand vous parlez de solutions politiques, \u00e0 quelles solutions pensez-vous ?<\/p>\n<p>M.K. : Il faut qu\u2019on apprenne \u00e0 se parler. Il y a une fracture sociale et on veut l\u2019occulter. Nous passons le temps \u00e0 nous accuser mutuellement alors qu\u2019il faut bien qu\u2019on d\u00e9finisse ce que nous pouvons faire ensemble pour sortir le pays de l\u2019impasse. Si nous sommes unis, alors nous saurons taire nos divergences pour l\u2019unit\u00e9 d\u2019action. Un pays qui est divis\u00e9 ne peut pas tenir face \u00e0 l\u2019ennemi. Les terroristes profitent de cela pour prendre le dessus. Le pr\u00e9sident du Faso doit prendre l\u2019initiative de convoquer une grande conf\u00e9rence nationale avec toutes les forces vives de la nation pour que l\u2019on se parle afin de crever l\u2019abc\u00e8s et aller \u00e0 la r\u00e9conciliation. D\u2019aucuns diront qu\u2019il faut d\u2019abord qu\u2019il y ait la justice. Cela est vrai mais lorsqu\u2019une maison br\u00fble, la principale pr\u00e9occupation n\u2019est pas la qualit\u00e9 de l\u2019eau utilis\u00e9e pour \u00e9teindre l\u2019incendie, mais plut\u00f4t de l\u2019\u00e9teindre urgemment.<\/p>\n<p>D.R.N. : Pour faire face au terrorisme, ne faut-il pas que le Burkinab\u00e8 apprenne \u00e0 se surpasser, notamment en ce qui concerne un certain nombre de comportements ?<\/p>\n<p>M.K. :<br \/>Les Burkinab\u00e8 doivent sortir de leur zone de confort pour s\u2019engager. Le Burkinab\u00e8 a un c\u00f4t\u00e9 attentiste tr\u00e8s d\u00e9velopp\u00e9, si fait que sa capacit\u00e9 \u00e0 se projeter et \u00e0 anticiper n\u2019existe pas.<\/p>\n<p>D.R.N. : Par-dessus tout, quel appel avez-vous \u00e0 lancer ?<\/p>\n<p>M.K. : J\u2019appelle les Burkinab\u00e8 \u00e0 la solidarit\u00e9 et \u00e0 l\u2019unit\u00e9 car on a l\u2019impression qu\u2019il y a actuellement deux cat\u00e9gories de Burkinab\u00e8, \u00e0 savoir les patriotes et les non patriotes. Nul n\u2019a le monopole du patriotisme. Il faut accepter que les gens pensent diff\u00e9remment. Il faut donc qu\u2019on aille au-del\u00e0 des clivages partisans et politiques car pour l\u2019instant, la priorit\u00e9 est de d\u00e9fendre le pays en tant que nation. Il n\u2019y a pas de bouc \u00e9missaire \u00e0 trouver ni \u00e0 identifier.<\/p>\n<p>D.R.N. : un sommet s\u2019est tenu r\u00e9cemment \u00e0 Pau pour parler de cette relation France-Afrique. A votre avis, doit-elle \u00eatre rompue ou s\u2019inscrire dans la continuit\u00e9 ?<\/p>\n<p>M.K. : Il faut \u00eatre r\u00e9aliste. On ne peut pas rompre avec la France pour le moment. On n\u2019a pas les moyens mat\u00e9riels et militaires pour nous passer de cette collaboration. A long terme peut-\u00eatre, l\u2019Afrique pourrait prendre le relai militaire de la France car elle aura eu le temps de mettre en place une arm\u00e9e africaine ou sous r\u00e9gionale \u00e9quip\u00e9e et op\u00e9rationnelle. Pour l\u2019instant, les Fran\u00e7ais sont bien \u00e9quip\u00e9s, ils ont la connaissance du terrain et la supervision de l\u2019espace a\u00e9rien et toute la technologie qui va avec.<\/p>\n<p>D.R.N. : Selon vous que commanderait notre r\u00e9alisme ?<\/p>\n<p>M.K. : Il faut red\u00e9finir la nature de la coop\u00e9ration avec la France. Tout ne doit pas venir d\u2019elle. L\u2019Hexagone doit seulement venir en appui de nos forces militaires. Ce qui n\u2019est pas r\u00e9solu au Sahel va se transporter un jour ou l\u2019autre en France. La France a tout int\u00e9r\u00eat \u00e0 nous d\u00e9fendre et \u00e0 bien le faire, et cela d\u2019autant plus que la conscience populaire la suspecte d\u2019incomp\u00e9tence, voire de connivence. La coop\u00e9ration avec la France doit mettre en avant le renforcement des comp\u00e9tences militaires, l\u2019\u00e9quipement de nos arm\u00e9es en moyens et par-dessus tout, permettre que le commandement militaire sur le front rel\u00e8ve de l\u2019arm\u00e9e burkinab\u00e8.<\/p>\n<p>D.R.N. : Et si vous \u00e9tiez le pr\u00e9sident du Faso, que seriez-vous all\u00e9 dire au pr\u00e9sident fran\u00e7ais ?<\/p>\n<p>M.K. : Si j\u2019\u00e9tais le pr\u00e9sident du Faso, il y aurait d\u2019abord un pr\u00e9alable. Je me convaincrais d\u2019une chose, \u00e0 savoir que les terroristes peuvent p\u00e9n\u00e9trer le territoire burkinab\u00e8, mais pas en ressortir. Et pour ce faire, j\u2019impliquerais toute la population comme du temps de la r\u00e9volution avec les Comit\u00e9s de d\u00e9fense de la r\u00e9volution (CDR). Chacun doit \u00eatre le surveillant de l\u2019autre. Ce n\u2019est pas possible qu\u2019un \u00e9tranger traverse un village sans que l\u2019on ne s\u2019en rende compte. Non ! A l\u2019\u00e9gard du pr\u00e9sident fran\u00e7ais, je demanderais qu\u2019il me donne la possibilit\u00e9 de surveiller moi-m\u00eame le territoire burkinab\u00e8. La France a, pour ce faire, toute la technologie n\u00e9cessaire. La coop\u00e9ration doit \u00eatre sinc\u00e8re. Je dirais clairement \u00e0 la France que, soit elle joue franc jeu avec nous, soit c\u2019est termin\u00e9.<\/p>\n<p>D.R.N. : Toujours dans le sens de rompre avec la France, il y a la question du franc CFA. Quel est votre avis ?<\/p>\n<p>M.K. : Sur ce point, la mani\u00e8re dont l\u2019annonce de la cr\u00e9ation de l\u2019Eco a \u00e9t\u00e9 faite par les pr\u00e9sidents Alassane Ouattara et Emmanuel Macron, en dehors des autres pays membres de l\u2019UEMOA, est bien curieuse. L\u2019Eco dont parle Alassane Ouattara n\u2019est pas l\u2019Eco tel que la CEDEAO l\u2019a con\u00e7u et programm\u00e9. C\u2019est vrai que la France dit ne plus vouloir garder nos r\u00e9serves ni avoir un administrateur au conseil d\u2019administration, mais en r\u00e9alit\u00e9 elle garde toujours un regard par la parit\u00e9, lequel regard est en quelque sorte une mainmise qui ne dit pas son nom. L\u2019Eco tel que d\u00e9fini par la CEDEAO est la meilleure d\u00e9marche et je suis d\u2019accord avec un taux de change flexible. Du reste, la France \u00e9tait moins bien indiqu\u00e9e pour faire cette annonce de cr\u00e9ation.<\/p>\n<p>D.R.N. : 2020 est une ann\u00e9e de d\u00e9fis au regard du terrorisme et des \u00e9ch\u00e9ances \u00e9lectorales. Alors quels sont vos v\u0153ux ?<\/p>\n<p>M.K. : Je souhaite que nous travaillions \u00e0 ce qu\u2019il y ait des \u00e9lections apais\u00e9es et s\u00e9curis\u00e9es, pour ne pas avoir \u00e0 basculer dans une situation d\u2019anti-constitutionnalit\u00e9. Travaillons \u00e0 ne pas annuler ou reporter les \u00e9lections car on donnerait ainsi raison aux terroristes. Je souhaite que ces \u00e9lections soient inclusives, notamment avec la participation de la diaspora, de sorte que le pr\u00e9sident qui sera \u00e9lu ait toute la l\u00e9gitimit\u00e9 pour conduire des r\u00e9formes qui sortiront le pays de sa situation actuelle.<\/p>\n<p>D.R.N. : Pour vous, le terrorisme ne saurait \u00eatre un motif de report des \u00e9lections ?<\/p>\n<p>M.K. : Partout o\u00f9 des situations semblables se sont pr\u00e9sent\u00e9es, les \u00e9lections se sont tenues. Certes, d\u2019aucuns diront que le nombre des votants sera faible, mais de toute fa\u00e7on, m\u00eame quand il n\u2019y avait pas le terrorisme, des gens ne votaient pas. Je souhaite que les \u00e9lections puissent se tenir \u00e0 bonne date pour nous \u00e9viter des lendemains difficiles.<\/p>\n<p>D.R.N. :Seriez-vous candidat \u00e0 l\u2019\u00e9lection pr\u00e9sidentielle ?<\/p>\n<p>M.K. : J\u2019aviserai en son temps. De toute fa\u00e7on, je jouis des capacit\u00e9s physiques et morales pour \u00eatre le pr\u00e9sident du Faso. Un Kabor\u00e9 pourrait en cacher un autre. Pour l\u2019instant, nous travaillons \u00e0 \u00eatre pr\u00e9sents aux \u00e9lections l\u00e9gislatives.<\/p>\n<p>Damien Rapha\u00ebl NIKI\u00c8MA (Collaborateur)<br \/>Sur la Route de la Coh\u00e9sion Sociale<br \/>Paris \u2013 Li\u00e8ge.<\/p>\n<div class=\"td-a-rec td-a-rec-id-content_bottom tdi_31_b05 td_block_template_1\"><img loading=\"lazy\" decoding=\"async\" class=\"aligncenter size-full wp-image-9623\" src=\"https:\/\/www.sidwaya.info\/wp-content\/uploads\/2019\/06\/Projet-bannie%CC%80re-Orange-mobile.jpg\" alt=\"\" width=\"728\" height=\"81\"\/><\/div>\n<p>Auteur: BM. Sidwaya<br \/>\n<a href=\"https:\/\/www.sidwaya.info\/blog\/2020\/01\/22\/maxime-kabore-sur-la-situation-nationale-si-jetais-le-president-du-faso\/\">Cliquez ici pour lire l&rsquo;article depuis sa source.<\/a><\/p>\n","protected":false},"excerpt":{"rendered":"<p>Dans notre initiative d\u00e9nomm\u00e9e la Route de la coh\u00e9sion sociale, nous avons crois\u00e9 le chemin du pr\u00e9sident du Parti pour l\u2019Ind\u00e9pendance du Burkina (PIB), Maxime Kabor\u00e9, disparu des radars depuis longtemps. Celui-ci a bien voulu se prononcer sur des questions d\u2019actualit\u00e9 de son pays, notamment le terrorisme, le sommet de Pau, le franc CFA, l\u2019\u00e9lection [&hellip;]<\/p>\n","protected":false},"author":1816,"featured_media":0,"comment_status":"closed","ping_status":"closed","sticky":false,"template":"","format":"standard","meta":{"fifu_image_url":"","fifu_image_alt":"","footnotes":""},"categories":[73,81],"tags":[],"class_list":["post-73869","post","type-post","status-publish","format-standard","hentry","category-actualite","category-burkina-faso"],"_links":{"self":[{"href":"https:\/\/linitiative.ca\/International\/wp-json\/wp\/v2\/posts\/73869","targetHints":{"allow":["GET"]}}],"collection":[{"href":"https:\/\/linitiative.ca\/International\/wp-json\/wp\/v2\/posts"}],"about":[{"href":"https:\/\/linitiative.ca\/International\/wp-json\/wp\/v2\/types\/post"}],"author":[{"embeddable":true,"href":"https:\/\/linitiative.ca\/International\/wp-json\/wp\/v2\/users\/1816"}],"replies":[{"embeddable":true,"href":"https:\/\/linitiative.ca\/International\/wp-json\/wp\/v2\/comments?post=73869"}],"version-history":[{"count":0,"href":"https:\/\/linitiative.ca\/International\/wp-json\/wp\/v2\/posts\/73869\/revisions"}],"wp:attachment":[{"href":"https:\/\/linitiative.ca\/International\/wp-json\/wp\/v2\/media?parent=73869"}],"wp:term":[{"taxonomy":"category","embeddable":true,"href":"https:\/\/linitiative.ca\/International\/wp-json\/wp\/v2\/categories?post=73869"},{"taxonomy":"post_tag","embeddable":true,"href":"https:\/\/linitiative.ca\/International\/wp-json\/wp\/v2\/tags?post=73869"}],"curies":[{"name":"wp","href":"https:\/\/api.w.org\/{rel}","templated":true}]}}