{"id":73870,"date":"2020-01-22T17:23:41","date_gmt":"2020-01-22T22:23:41","guid":{"rendered":"https:\/\/linitiative.ca\/International\/attaque-terroriste-de-nagraogo-et-alamou\/"},"modified":"2020-01-22T17:23:41","modified_gmt":"2020-01-22T22:23:41","slug":"attaque-terroriste-de-nagraogo-et-alamou","status":"publish","type":"post","link":"https:\/\/linitiative.ca\/International\/attaque-terroriste-de-nagraogo-et-alamou\/","title":{"rendered":"Attaque terroriste de Nagraogo et Alamou"},"content":{"rendered":"<div class=\"td-post-featured-image\"><a href=\"https:\/\/i1.wp.com\/www.sidwaya.info\/wp-content\/uploads\/2020\/01\/terrorisme23.gif?fit=728%2C364&#038;ssl=1\" data-caption=\"\"><img loading=\"lazy\" decoding=\"async\" width=\"696\" height=\"348\" class=\"entry-thumb td-modal-image\" src=\"https:\/\/i1.wp.com\/www.sidwaya.info\/wp-content\/uploads\/2020\/01\/terrorisme23.gif?resize=696%2C348&#038;ssl=1\" alt=\"\" title=\"terrorisme23\"\/><\/a><\/div>\n<p><strong>Une d\u00e9l\u00e9gation des autorit\u00e9s r\u00e9gionales du Centre-Nord, conduite par le gouverneur Casimir S\u00e9gu\u00e9da, a pr\u00e9sent\u00e9, le mercredi 22 janvier 2020, \u00e0 Barsalogho, ses condol\u00e9ances et compassions aux familles victimes de l\u2019attaque terroriste de Nagraogo, survenue le 20 janvier dernier.<\/strong><\/p>\n<p>Les autorit\u00e9s administratives, politiques, coutumi\u00e8res et religieuses de la r\u00e9gion du Centre-Nord \u00e9prouvent de la sympathie pour les familles endeuill\u00e9es par l\u2019attaque terroriste du 20 janvier dernier survenue dans le village de Nagraogo et Alamou, dans la commune de Barsalogho. Elles ont exprim\u00e9, le mercredi 22 janvier 2020, dans le chef-lieu de ladite localit\u00e9, province du Sanmatenga, leurs compassions et solidarit\u00e9 aux familles \u00e9plor\u00e9es. La d\u00e9l\u00e9gation, conduite par le gouverneur Casimir S\u00e9gu\u00e9da, a, d\u2019abord, visit\u00e9 le cimeti\u00e8re de la localit\u00e9 o\u00f9 reposent les 38 personnes tu\u00e9es (selon le gouverneur). Ici, les communaut\u00e9s musulmanes, catholiques et protestantes ont pri\u00e9 pour que leurs \u00e2mes reposent en paix. \u00ab La douleur est telle qu\u2019il ne faut pas parler beaucoup. Nous avons confi\u00e9 ces d\u00e9funts \u00e0 la mis\u00e9ricorde de Dieu pour qu\u2019ils reposent en paix\u00a0\u00bb, a soulign\u00e9 l\u2019\u00e9v\u00eaque de Kaya, Mgr Th\u00e9ophile Nar\u00e9. Ils ont aussi implor\u00e9 la protection divine sur les veufs, veuves, orphelins, parents et connaissances des disparus. \u00ab Nous pensons que si Dieu y met sa main, bient\u00f4t nous trouverons une solution\u00a0et le Burkina Faso retrouvera sa paix d\u2019antan \u00bb, a souhait\u00e9 l\u2019\u00e9v\u00eaque. Mgr Nar\u00e9 et ses collaborateurs ont aussi pri\u00e9 pour ceux qui font mourir des innocents parce qu\u2019ils ne savent pas ce qu\u2019ils font, afin que le Seigneur touche leurs c\u0153urs. Le convoi s\u2019est, ensuite, \u00e9branl\u00e9 vers la r\u00e9sidence du pr\u00e9fet de Barsalogho, Modeste Hien.<\/p>\n<div class=\"td-a-rec td-a-rec-id-content_inline tdi_30_ffd td_block_template_1\"><a href=\"https:\/\/www.sidwaya.info\/wp-content\/uploads\/2019\/12\/Bandeau-sitebonneannee.jpg\"><img loading=\"lazy\" decoding=\"async\" class=\"aligncenter size-full wp-image-17812\" src=\"https:\/\/www.sidwaya.info\/wp-content\/uploads\/2019\/12\/Bandeau-sitebonneannee.jpg\" alt=\"\" width=\"720\" height=\"90\"\/><\/a><\/div>\n<p>Union sacr\u00e9e<\/p>\n<p>Apr\u00e8s un huis clos, la d\u00e9l\u00e9gation est all\u00e9e \u00e0 la rencontre des familles endeuill\u00e9es toujours sous le choc. L\u00e0, la tristesse et la d\u00e9solation se lisent toujours sur les visages. L\u2019\u00e9motion des rescap\u00e9s se manifeste \u00e0 travers des gouttes de larmes, des pleurs des bambins orphelins et du silence absolu des infortun\u00e9s. Ils sont tous d\u00e9sempar\u00e9s. \u00ab Que dois-je faire maintenant avec ces gamins. O\u00f9 rentrer avec eux \u00bb, s\u2019interroge, une habitante dudit village, qui ne cesse de remuer r\u00e9guli\u00e8rement sa t\u00eate. Apr\u00e8s les salutations d\u2019usage et des pri\u00e8res, le chef de la d\u00e9l\u00e9gation a adress\u00e9 un message d\u2019apaisement. \u00ab Nous sommes venus pr\u00e9senter nos condol\u00e9ances au nom du Pr\u00e9sident du Faso et exprimer la compassion du gouvernement pour les victimes que nous avons enregistr\u00e9es qui sont au nombre de 38 au total \u00bb, a indiqu\u00e9 M. S\u00e9gu\u00e9da. Il a mis l\u2019occasion \u00e0 profit pour inviter la population \u00e0 une union sacr\u00e9e, afin de vaincre les forces du mal et d\u00e9fendre l\u2019int\u00e9grit\u00e9 territoriale. Pour lui, la loi sur le recrutement de volontaire vot\u00e9e \u00e0 l\u2019unanimit\u00e9 par les d\u00e9put\u00e9s permettra de s\u00e9curiser l\u2019ensemble du territoire national. \u00ab Et, nous mettrons tout en \u0153uvre pour d\u00e9fendre notre r\u00e9gion \u00bb, a rassur\u00e9 le gouverneur Casimir S\u00e9gu\u00e9da. Pour le repr\u00e9sentant des populations de Nagraogo et Alamou, Moussa Ou\u00e9draogo, cette visite est r\u00e9confortante, en ce sens qu\u2019elle apaise leurs c\u0153urs \u2018\u2019saign\u00e9s\u2019\u2019. \u00ab M\u00eame si nous sommes bien accueillis ici, notre souhait est de retourner chez nous \u00bb, a pr\u00e9f\u00e9r\u00e9 le rescap\u00e9 Ou\u00e9draogo. C\u2019est pourquoi, il a souhait\u00e9 que le d\u00e9cret d\u2019application de ladite loi ne se fasse pas attendre. \u00ab Nous allons aider le gouvernement \u00e0 choisir des gens cr\u00e9dibles pour \u00e9viter tout d\u00e9sarroi \u00bb, a indiqu\u00e9 Moussa Ou\u00e9draogo.<\/p>\n<p>Emil SEGDA<br \/>Segda9emil@gmail.com<\/p>\n<p>\u2026\u2026\u2026\u2026\u2026\u2026\u2026\u2026\u2026\u2026\u2026\u2026\u2026\u2026\u2026\u2026\u2026\u2026\u2026\u2026\u2026\u2026\u2026\u2026\u2026\u2026\u2026\u2026\u2026\u2026\u2026\u2026\u2026\u2026\u2026\u2026\u2026\u2026\u2026\u2026\u2026\u2026.<\/p>\n<p>T\u00e9moignage d\u2019un rescap\u00e9<\/p>\n<p>\u00abCe drame nous a tous surpris car, c\u2019est avant-hier soir que nous avons appris l\u2019information que des individus arm\u00e9s ont visit\u00e9 le village de Alamou avant de continuer sur Nagraogo. En partant, ils ont tu\u00e9 tous les riverains crois\u00e9s sur la route avant de poursuivre leur chemin. Lorsqu\u2019ils sont arriv\u00e9s au march\u00e9 de Nagraogo, ils ont tir\u00e9 sur les gens. Outre, les 38 morts, nous avons enregistr\u00e9 aussi quatre bless\u00e9s transf\u00e9r\u00e9s \u00e0 Kaya pour des soins. Cela ne les a pas suffi, ils ont incendi\u00e9 le march\u00e9 et 35 motos. S\u2019ils arrivent te trouver coucher sous ton hangar, ils te br\u00fblent syst\u00e9matiquement. Apr\u00e8s cette forfaiture, ils ont rebrouss\u00e9 chemin sans \u00eatre inqui\u00e9t\u00e9s. Tous ceux qu\u2019ils ont tu\u00e9s sont des p\u00e8res de famille sauf trois c\u00e9libataires. Lorsqu\u2019ils sont arriv\u00e9s, ils n\u2019ont m\u00eame pas livr\u00e9 un message. Il y a des gens qui ont \u00e9t\u00e9 abattu dans des douches. Ils ont aussi saut\u00e9 des serrures des maisons pour tuer des innocents. Si nous avions des armes, tous les autres villages allaient se pr\u00e9parer pour les attendre et ils ne commettraient pas ce drame. M\u00eame si nous allons mourir, ils ne seraient pas tous repartis\u00bb.<\/p>\n<div class=\"td-a-rec td-a-rec-id-content_bottom tdi_31_e85 td_block_template_1\"><img loading=\"lazy\" decoding=\"async\" class=\"aligncenter size-full wp-image-9623\" src=\"https:\/\/www.sidwaya.info\/wp-content\/uploads\/2019\/06\/Projet-bannie%CC%80re-Orange-mobile.jpg\" alt=\"\" width=\"728\" height=\"81\"\/><\/div>\n<p>Auteur: BM. Sidwaya<br \/>\n<a href=\"https:\/\/www.sidwaya.info\/blog\/2020\/01\/22\/attaque-terroriste-de-nagraogo-et-alamou\/\">Cliquez ici pour lire l&rsquo;article depuis sa source.<\/a><\/p>\n","protected":false},"excerpt":{"rendered":"<p>Une d\u00e9l\u00e9gation des autorit\u00e9s r\u00e9gionales du Centre-Nord, conduite par le gouverneur Casimir S\u00e9gu\u00e9da, a pr\u00e9sent\u00e9, le mercredi 22 janvier 2020, \u00e0 Barsalogho, ses condol\u00e9ances et compassions aux familles victimes de l\u2019attaque terroriste de Nagraogo, survenue le 20 janvier dernier. Les autorit\u00e9s administratives, politiques, coutumi\u00e8res et religieuses de la r\u00e9gion du Centre-Nord \u00e9prouvent de la sympathie [&hellip;]<\/p>\n","protected":false},"author":1816,"featured_media":0,"comment_status":"closed","ping_status":"closed","sticky":false,"template":"","format":"standard","meta":{"fifu_image_url":"","fifu_image_alt":"","footnotes":""},"categories":[73,81],"tags":[],"class_list":["post-73870","post","type-post","status-publish","format-standard","hentry","category-actualite","category-burkina-faso"],"_links":{"self":[{"href":"https:\/\/linitiative.ca\/International\/wp-json\/wp\/v2\/posts\/73870","targetHints":{"allow":["GET"]}}],"collection":[{"href":"https:\/\/linitiative.ca\/International\/wp-json\/wp\/v2\/posts"}],"about":[{"href":"https:\/\/linitiative.ca\/International\/wp-json\/wp\/v2\/types\/post"}],"author":[{"embeddable":true,"href":"https:\/\/linitiative.ca\/International\/wp-json\/wp\/v2\/users\/1816"}],"replies":[{"embeddable":true,"href":"https:\/\/linitiative.ca\/International\/wp-json\/wp\/v2\/comments?post=73870"}],"version-history":[{"count":0,"href":"https:\/\/linitiative.ca\/International\/wp-json\/wp\/v2\/posts\/73870\/revisions"}],"wp:attachment":[{"href":"https:\/\/linitiative.ca\/International\/wp-json\/wp\/v2\/media?parent=73870"}],"wp:term":[{"taxonomy":"category","embeddable":true,"href":"https:\/\/linitiative.ca\/International\/wp-json\/wp\/v2\/categories?post=73870"},{"taxonomy":"post_tag","embeddable":true,"href":"https:\/\/linitiative.ca\/International\/wp-json\/wp\/v2\/tags?post=73870"}],"curies":[{"name":"wp","href":"https:\/\/api.w.org\/{rel}","templated":true}]}}