{"id":73872,"date":"2020-01-22T17:35:03","date_gmt":"2020-01-22T22:35:03","guid":{"rendered":"https:\/\/linitiative.ca\/International\/banque-de-semences-de-pobe-mengao\/"},"modified":"2020-01-22T17:35:03","modified_gmt":"2020-01-22T22:35:03","slug":"banque-de-semences-de-pobe-mengao","status":"publish","type":"post","link":"https:\/\/linitiative.ca\/International\/banque-de-semences-de-pobe-mengao\/","title":{"rendered":"Banque de semences  de Pob\u00e9-Mengao"},"content":{"rendered":"<div class=\"td-post-featured-image\"><a href=\"https:\/\/i2.wp.com\/www.sidwaya.info\/wp-content\/uploads\/2020\/01\/envirooo.gif?fit=787%2C590&#038;ssl=1\" data-caption=\"\"><img loading=\"lazy\" decoding=\"async\" width=\"696\" height=\"522\" class=\"entry-thumb td-modal-image\" src=\"https:\/\/i2.wp.com\/www.sidwaya.info\/wp-content\/uploads\/2020\/01\/envirooo.gif?resize=696%2C522&#038;ssl=1\" alt=\"\" title=\"envirooo\"\/><\/a><\/div>\n<p><strong>Le projet BKF\/054 organise, du 21 au 23 janvier 2020 \u00e0 Ouahigouya, un atelier de formation des gestionnaires de la banque de g\u00e8nes\/Semences de Pob\u00e9-Mengao.<\/strong><\/p>\n<p>Les vari\u00e9t\u00e9s de semences traditionnelles qui ont fait jadis leurs preuves en mati\u00e8re de r\u00e9silience climatique sont en voie de disparition. C\u2019est pour permettre aux producteurs de la r\u00e9gion du Sahel d\u2019apprendre \u00e0 g\u00e9rer la banque de semence mise \u00e0 leur disposition par l\u2019Organisation des Nations unies pour l\u2019agriculture et l\u2019alimentation ( FAO) et l\u2019Institut de l\u2019environnement et de recherches agricoles (INERA) que le projet BKF\/054 a initi\u00e9 une rencontre de 72 heures en vue d\u2019\u00e9changer avec les gestionnaires de la banque de g\u00e8nes\/semences de Pob\u00e9-Mengao. Selon la repr\u00e9sentante du coordonnateur des activit\u00e9s du projet, Elizabeth Zida, cette formation va permettre aux participants d\u2019apprendre \u00e0 conserver les semences, ma\u00eetriser leur qualit\u00e9 dans les banques et les bonnes pratiques de gestion de ces structures. \u00ab\u00a0 Nous assistons \u00e0 une perte de la diversit\u00e9 des vari\u00e9t\u00e9s locales et \u00e0 la disparition de certains cultivars. C\u2019est pourquoi, il est n\u00e9cessaire d\u2019assurer la s\u00e9curit\u00e9 des semences et sauvegarder au mieux l\u2019agro-biodiversit\u00e9\u00a0\u00bb, a-t-elle soutenu. A ses dires, gr\u00e2ce au projet, plusieurs vari\u00e9t\u00e9s telles que le mil, le sorgho, le ni\u00e9b\u00e9, le voandzou ont pu \u00eatre sauv\u00e9es \u00e0 travers la mise en place des banques de g\u00e8nes de Tougouri et de Pob\u00e9-Mengao par la FAO en partenariat avec l\u2019INERA. Pour le repr\u00e9sentant de la FAO dans le Sahel, Mahamoudou Tamboura, l\u2019action de sa structure vise \u00e0 \u00e9radiquer la faim dans le monde gr\u00e2ce \u00e0 une meilleure productivit\u00e9. Et pour atteindre cet objectif, M. Tamboura a soutenu que son organisation accompagne le gouvernement dans sa politique de conservation des semences traditionnelles. Car a-t-il dit, des \u00e9tudes ont montr\u00e9 qu\u2019elles sont plus adapt\u00e9es aux conditions climatiques du pays. Pour sa part, le directeur r\u00e9gional de l\u2019INERA du Sahel, Ali Ganan\u00e9 a, d\u2019abord, rassur\u00e9 les participants du soutien de sa structure avant de leur rappeler l\u2019importance de leur travail pour la recherche.<\/p>\n<div class=\"td-a-rec td-a-rec-id-content_inline tdi_30_e51 td_block_template_1\"><a href=\"https:\/\/www.sidwaya.info\/wp-content\/uploads\/2019\/12\/Bandeau-sitebonneannee.jpg\"><img loading=\"lazy\" decoding=\"async\" class=\"aligncenter size-full wp-image-17812\" src=\"https:\/\/www.sidwaya.info\/wp-content\/uploads\/2019\/12\/Bandeau-sitebonneannee.jpg\" alt=\"\" width=\"720\" height=\"90\"\/><\/a><\/div>\n<p>Donald Wendpouir\u00e9 NIKIEMA<br \/>tousunis.do@gmail.com<\/p>\n<div class=\"td-a-rec td-a-rec-id-content_bottom tdi_31_027 td_block_template_1\"><img loading=\"lazy\" decoding=\"async\" class=\"aligncenter size-full wp-image-9623\" src=\"https:\/\/www.sidwaya.info\/wp-content\/uploads\/2019\/06\/Projet-bannie%CC%80re-Orange-mobile.jpg\" alt=\"\" width=\"728\" height=\"81\"\/><\/div>\n<p>Auteur: BM. Sidwaya<br \/>\n<a href=\"https:\/\/www.sidwaya.info\/blog\/2020\/01\/22\/banque-de-semences-de-pobe-mengao\/\">Cliquez ici pour lire l&rsquo;article depuis sa source.<\/a><\/p>\n","protected":false},"excerpt":{"rendered":"<p>Le projet BKF\/054 organise, du 21 au 23 janvier 2020 \u00e0 Ouahigouya, un atelier de formation des gestionnaires de la banque de g\u00e8nes\/Semences de Pob\u00e9-Mengao. Les vari\u00e9t\u00e9s de semences traditionnelles qui ont fait jadis leurs preuves en mati\u00e8re de r\u00e9silience climatique sont en voie de disparition. C\u2019est pour permettre aux producteurs de la r\u00e9gion du [&hellip;]<\/p>\n","protected":false},"author":1816,"featured_media":0,"comment_status":"closed","ping_status":"closed","sticky":false,"template":"","format":"standard","meta":{"fifu_image_url":"","fifu_image_alt":"","footnotes":""},"categories":[73,81],"tags":[],"class_list":["post-73872","post","type-post","status-publish","format-standard","hentry","category-actualite","category-burkina-faso"],"_links":{"self":[{"href":"https:\/\/linitiative.ca\/International\/wp-json\/wp\/v2\/posts\/73872","targetHints":{"allow":["GET"]}}],"collection":[{"href":"https:\/\/linitiative.ca\/International\/wp-json\/wp\/v2\/posts"}],"about":[{"href":"https:\/\/linitiative.ca\/International\/wp-json\/wp\/v2\/types\/post"}],"author":[{"embeddable":true,"href":"https:\/\/linitiative.ca\/International\/wp-json\/wp\/v2\/users\/1816"}],"replies":[{"embeddable":true,"href":"https:\/\/linitiative.ca\/International\/wp-json\/wp\/v2\/comments?post=73872"}],"version-history":[{"count":0,"href":"https:\/\/linitiative.ca\/International\/wp-json\/wp\/v2\/posts\/73872\/revisions"}],"wp:attachment":[{"href":"https:\/\/linitiative.ca\/International\/wp-json\/wp\/v2\/media?parent=73872"}],"wp:term":[{"taxonomy":"category","embeddable":true,"href":"https:\/\/linitiative.ca\/International\/wp-json\/wp\/v2\/categories?post=73872"},{"taxonomy":"post_tag","embeddable":true,"href":"https:\/\/linitiative.ca\/International\/wp-json\/wp\/v2\/tags?post=73872"}],"curies":[{"name":"wp","href":"https:\/\/api.w.org\/{rel}","templated":true}]}}