{"id":73874,"date":"2020-01-22T14:18:02","date_gmt":"2020-01-22T19:18:02","guid":{"rendered":"https:\/\/linitiative.ca\/International\/cote-divoire-la-levee-de-limmunite-de-six-deputes-est-nulle-opposition-parlementaire\/"},"modified":"2020-01-22T14:18:02","modified_gmt":"2020-01-22T19:18:02","slug":"cote-divoire-la-levee-de-limmunite-de-six-deputes-est-nulle-opposition-parlementaire","status":"publish","type":"post","link":"https:\/\/linitiative.ca\/International\/cote-divoire-la-levee-de-limmunite-de-six-deputes-est-nulle-opposition-parlementaire\/","title":{"rendered":"C\u00f4te d\u2019Ivoire : la lev\u00e9e de l\u2019immunit\u00e9 de six d\u00e9put\u00e9s est  \u00abnulle\u00bb, (Opposition parlementaire)"},"content":{"rendered":"<div readability=\"32\">\n<p>Publi\u00e9 le 22.01.2020 \u00e0 20h18 par APA News<\/p>\n<\/div>\n<div readability=\"87\">\n<p>La lev\u00e9e de l\u2019immunit\u00e9 parlementaire de Guillaume Soro, l\u2019ex-pr\u00e9sident de l\u2019Assembl\u00e9e nationale ivoirienne et de cinq autres d\u00e9put\u00e9s accus\u00e9s d\u2019atteinte \u00e0 l\u2019autorit\u00e9 de l\u2019\u00c9tat, est \u00abnulle parce que mal fond\u00e9e et ill\u00e9gale\u00bb, a estim\u00e9 mercredi \u00e0 Abidjan, dans une conf\u00e9rence de presse conjointe, Yasmina Ou\u00e9gnin, la porte-parole de l\u2019opposition parlementaire compos\u00e9e des groupes Parti d\u00e9mocratique de C\u00f4te d\u2019Ivoire (PDCI), Vox-Populi et Rassemblement.\u00ab L\u2019arr\u00eat\u00e9 portant lev\u00e9e de l\u2019immunit\u00e9 parlementaire des six d\u00e9put\u00e9s est nul parce que mal fond\u00e9 et ill\u00e9gal\u00bb, \u00a0a soutenu Mme Ou\u00e9gnin exigeant la \u00absuspension imm\u00e9diate\u00bb de leur d\u00e9tention et la suspension des poursuites.<\/p>\n<p>\u00a0Selon elle, aucun groupe parlementaire ne peut demander la lev\u00e9e de l\u2019immunit\u00e9 parlementaire d\u2019un autre. \u00a0C\u2019est pourquoi, pour Mme Ou\u00e9gnin, la requ\u00eate du groupe parlementaire Rassemblement des Houphou\u00ebtistes pour la d\u00e9mocratie et la paix (RHDP, pouvoir) demandant la lev\u00e9e de l\u2019immunit\u00e9 parlementaire des six d\u00e9put\u00e9s est \u00abill\u00e9gale et consid\u00e9r\u00e9e comme n\u2019ayant j\u2019aimais exist\u00e9e\u00bb.<\/p>\n<p>\u00a0\u00ab L\u2019arr\u00eat\u00e9 du bureau de l\u2019Assembl\u00e9e nationale portant lev\u00e9e de l\u2019immunit\u00e9 parlementaire de 06 d\u00e9put\u00e9s a vis\u00e9 la constitution ivoirienne et le r\u00e8glement de l\u2019Assembl\u00e9e nationale alors qu\u2019aucune disposition de ces lois ne permet d\u2019agir comme l\u2019a fait le groupe parlementaire RHDP\u00bb, s\u2019est offusqu\u00e9e Mme Ou\u00e9gnin pour qui le pr\u00e9sident de l\u2019institution parlementaire ivoirienne a \u00ab m\u00e9connu le pr\u00e9ambule de la constitution ivoirienne et s\u2019est rendu coupable de violation flagrante de son article 92 tout comme de l\u2019article 47 du r\u00e8glement de l\u2019Assembl\u00e9e nationale\u00bb.<\/p>\n<p>\u00a0Dans le m\u00eame \u00e9lan, la conf\u00e9renci\u00e8re a d\u00e9nonc\u00e9 \u00ab l\u2019ill\u00e9galit\u00e9 \u00bb et \u00ab l\u2019ill\u00e9gitimit\u00e9 \u00bb du bureau actuel de l\u2019Assembl\u00e9e nationale ivoirienne. \u00ab Le bureau actuel de l\u2019Assembl\u00e9e nationale m\u00eame s\u2019il avait \u00e9t\u00e9 l\u00e9galement constitu\u00e9 n\u2019a pas comp\u00e9tence pour se prononcer sur la lev\u00e9e de l\u2019immunit\u00e9 parlementaire de d\u00e9put\u00e9s arr\u00eat\u00e9s en session ordinaire \u00bb, a estim\u00e9 la parlementaire.<\/p>\n<p>Sur requ\u00eate du groupe parlementaire du Rassemblement des Houphou\u00ebtistes pour la d\u00e9mocratie et la paix (RHDP, coalition au pouvoir), le bureau de l\u2019Assembl\u00e9e nationale de C\u00f4te d\u2019Ivoire a lev\u00e9 lundi l\u2019immunit\u00e9 parlementaire de Guillaume Soro et de cinq autres d\u00e9put\u00e9s ivoiriens accus\u00e9s d\u2019atteinte \u00e0 l\u2019autorit\u00e9 de l\u2019Etat, une proc\u00e9dure qui ouvre la voie \u00e0 un jugement de ces \u00e9lus.<\/p>\n<p>Il s\u2019agit \u00a0des d\u00e9put\u00e9s Alain Lobognon, Soro Kanigui Mamadou, Yao Souma\u00efla, Camara Loukimane et Soumahoro Kando en d\u00e9tention depuis le 23 d\u00e9cembre dernier.<\/p>\n<p>Quant \u00e0 M. Soro, depuis son retour avort\u00e9 \u00e0 Abidjan, le 23 d\u00e9cembre dernier, la justice ivoirienne a lanc\u00e9 contre lui un mandat d\u2019arr\u00eat international pour atteinte \u00e0 l\u2019autorit\u00e9 de l\u2019\u00c9tat, recel de d\u00e9tournement de deniers publics et blanchiment de capitaux.<\/p>\n<\/div>\n<p>Auteur: APA News<br \/>\n<a href=\"https:\/\/www.journalducameroun.com\/cote-divoire-la-levee-de-limmunite-de-six-deputes-est-nulle-opposition-parlementaire\/\">Cliquez ici pour lire l&rsquo;article depuis sa source.<\/a><\/p>\n","protected":false},"excerpt":{"rendered":"<p>Publi\u00e9 le 22.01.2020 \u00e0 20h18 par APA News La lev\u00e9e de l\u2019immunit\u00e9 parlementaire de Guillaume Soro, l\u2019ex-pr\u00e9sident de l\u2019Assembl\u00e9e nationale ivoirienne et de cinq autres d\u00e9put\u00e9s accus\u00e9s d\u2019atteinte \u00e0 l\u2019autorit\u00e9 de l\u2019\u00c9tat, est \u00abnulle parce que mal fond\u00e9e et ill\u00e9gale\u00bb, a estim\u00e9 mercredi \u00e0 Abidjan, dans une conf\u00e9rence de presse conjointe, Yasmina Ou\u00e9gnin, la porte-parole [&hellip;]<\/p>\n","protected":false},"author":1965,"featured_media":0,"comment_status":"closed","ping_status":"closed","sticky":false,"template":"","format":"standard","meta":{"fifu_image_url":"","fifu_image_alt":"","footnotes":""},"categories":[73,82],"tags":[],"class_list":["post-73874","post","type-post","status-publish","format-standard","hentry","category-actualite","category-cameroun"],"_links":{"self":[{"href":"https:\/\/linitiative.ca\/International\/wp-json\/wp\/v2\/posts\/73874","targetHints":{"allow":["GET"]}}],"collection":[{"href":"https:\/\/linitiative.ca\/International\/wp-json\/wp\/v2\/posts"}],"about":[{"href":"https:\/\/linitiative.ca\/International\/wp-json\/wp\/v2\/types\/post"}],"author":[{"embeddable":true,"href":"https:\/\/linitiative.ca\/International\/wp-json\/wp\/v2\/users\/1965"}],"replies":[{"embeddable":true,"href":"https:\/\/linitiative.ca\/International\/wp-json\/wp\/v2\/comments?post=73874"}],"version-history":[{"count":0,"href":"https:\/\/linitiative.ca\/International\/wp-json\/wp\/v2\/posts\/73874\/revisions"}],"wp:attachment":[{"href":"https:\/\/linitiative.ca\/International\/wp-json\/wp\/v2\/media?parent=73874"}],"wp:term":[{"taxonomy":"category","embeddable":true,"href":"https:\/\/linitiative.ca\/International\/wp-json\/wp\/v2\/categories?post=73874"},{"taxonomy":"post_tag","embeddable":true,"href":"https:\/\/linitiative.ca\/International\/wp-json\/wp\/v2\/tags?post=73874"}],"curies":[{"name":"wp","href":"https:\/\/api.w.org\/{rel}","templated":true}]}}