{"id":73876,"date":"2020-01-22T15:50:06","date_gmt":"2020-01-22T20:50:06","guid":{"rendered":"https:\/\/linitiative.ca\/International\/le-maroc-integre-les-eaux-du-sahara-occidental-dans-son-espace-maritime-2\/"},"modified":"2020-01-22T15:50:06","modified_gmt":"2020-01-22T20:50:06","slug":"le-maroc-integre-les-eaux-du-sahara-occidental-dans-son-espace-maritime-2","status":"publish","type":"post","link":"https:\/\/linitiative.ca\/International\/le-maroc-integre-les-eaux-du-sahara-occidental-dans-son-espace-maritime-2\/","title":{"rendered":"Le Maroc int\u00e8gre les eaux du Sahara occidental dans son espace maritime"},"content":{"rendered":"<div readability=\"32\">\n<p>Publi\u00e9 le 22.01.2020 \u00e0 21h50 par AFP<\/p>\n<\/div>\n<div readability=\"148\">\n<p>Le Maroc a int\u00e9gr\u00e9 mercredi les eaux du Sahara occidental dans son espace maritime, en adoptant deux lois renfor\u00e7ant sa tutelle sur cette ancienne colonie espagnole au statut toujours ind\u00e9fini.<\/p>\n<p>\u00ab\u00a0Ces lois visent \u00e0 r\u00e9actualiser l\u2019arsenal juridique national\u00a0\u00bb, en phase avec \u00ab\u00a0la souverainet\u00e9 totale du royaume sur ses fronti\u00e8res effectives, terrestres et maritimes\u00a0\u00bb, a d\u00e9clar\u00e9 le ministre des Affaires \u00e9trang\u00e8res, Nasser Bourita, avant l\u2019adoption du texte par le Parlement \u00e0 Rabat.<\/p>\n<p>Les lois \u00e9tablissant la comp\u00e9tence juridique du Maroc sur l\u2019espace maritime allant de Tanger (nord) \u00e0 Lagouira, \u00e0 la fronti\u00e8re mauritanienne, ont \u00e9t\u00e9 adopt\u00e9es \u00e0 l\u2019unanimit\u00e9 par les d\u00e9put\u00e9s et salu\u00e9es par des applaudissements.<\/p>\n<p>La question du statut du Sahara occidental, toujours consid\u00e9r\u00e9 comme un \u00ab\u00a0territoire non autonome\u00a0\u00bb par l\u2019ONU en l\u2019absence d\u2019un r\u00e8glement d\u00e9finitif, oppose depuis des d\u00e9cennies le Maroc aux ind\u00e9pendantistes du Front Polisario, soutenu par l\u2019Alg\u00e9rie.<\/p>\n<p>Cette vaste \u00e9tendue d\u00e9sertique bord\u00e9e par environ 1000 km de c\u00f4te atlantique est en grande partie contr\u00f4l\u00e9e par le Maroc, qui veut une \u00ab\u00a0autonomie sous contr\u00f4le\u00a0\u00bb pour la zone qu\u2019il consid\u00e8re comme sienne. Le Polisario r\u00e9clame un r\u00e9f\u00e9rendum d\u2019autod\u00e9termination.<\/p>\n<p>Le Polisario a d\u00e9pos\u00e9 des recours contre deux r\u00e9cents accords entre l\u2019Union europ\u00e9enne et le Maroc, \u00e9largissant les \u00e9changes commerciaux agricoles et halieutiques aux produits du Sahara occidental. La proc\u00e9dure est en cours, selon Me Gilles Devers, l\u2019avocat du Polisario joint par l\u2019AFP.<\/p>\n<p>\u2013 Tensions \u2013<\/p>\n<p>En gestation depuis des ann\u00e9es, la d\u00e9limitation des eaux a aussi, par le pass\u00e9, suscit\u00e9 des tensions entre le Maroc et l\u2019Espagne, notamment apr\u00e8s des explorations p\u00e9troli\u00e8res dans la zone.<\/p>\n<p>La question sera abord\u00e9e vendredi lors de la premi\u00e8re visite \u00e0 Rabat de la nouvelle ministre espagnole des Affaires \u00e9trang\u00e8res, Arancha Gonzalez, a indiqu\u00e9 M. Bourita apr\u00e8s le vote.<\/p>\n<p>\u00ab\u00a0Nous ne voulons pas imposer un fait accompli mais nous sommes pr\u00eats au dialogue avec l\u2019Espagne dans le cadre de nos droits essentiels et souverains\u00a0\u00bb, a-t-il dit devant le Parlement.<\/p>\n<p>Mi-d\u00e9cembre, le gouvernement espagnol avait rappel\u00e9 au Maroc que la d\u00e9limitation des fronti\u00e8res maritimes avec des pays voisins \u00e9tait r\u00e9gie par \u00ab\u00a0un accord mutuel\u00a0\u00bb.<\/p>\n<p>Moins de 100 km s\u00e9parent l\u2019archipel espagnol des Canaries des c\u00f4tes marocaines et chaque \u00e9tat est en droit de revendiquer un plateau continental allant de 200 \u00e0 350 milles marins.<\/p>\n<p>Les nationalistes de la Coalition Canaries ont r\u00e9cemment exig\u00e9 du gouvernement espagnol qu\u2019il se plaigne aupr\u00e8s des Nations unies de \u00ab\u00a0la d\u00e9cision du Maroc de poursuivre la nouvelle d\u00e9limitation de ses fronti\u00e8res\u00a0\u00bb. \u00ab\u00a0Cette d\u00e9cision unilat\u00e9rale concerne directement les Canaries\u00a0\u00bb, a protest\u00e9 la formation avant le vote, sur son compte twitter.<\/p>\n<p>Rabat avait ratifi\u00e9 la convention des Nations unies sur le droit de la mer en 2007, disposant alors d\u2019un d\u00e9lai de dix ans maximum pour d\u00e9finir son plateau continental et ses fronti\u00e8res maritimes.<\/p>\n<p>\u2013 Cons\u00e9cration \u2013<\/p>\n<p>Parall\u00e8lement \u00e0 la ratification de ces lois et \u00e0 sa politique de grands chantiers, le royaume table sur la diplomatie et le sport pour asseoir sa l\u00e9gitimit\u00e9, depuis le cessez-le-feu sign\u00e9 sous la houlette des Nations unies avec le Polisario en 1991, apr\u00e8s 16 ans de guerre.<\/p>\n<p>La r\u00e9cente ouverture de quatre consulats \u00e9trangers dans la zone sous contr\u00f4le marocain a marqu\u00e9 \u00ab\u00a0le d\u00e9but d\u2019une cons\u00e9cration diplomatique\u00a0\u00bb, selon M. Bourita.<\/p>\n<p>Apr\u00e8s les Comores, la Gambie, la Guin\u00e9e et le Gabon, \u00ab\u00a0plusieurs pays ont fait part de leur volont\u00e9 d\u2019ouvrir \u00e0 leur tour des repr\u00e9sentations diplomatiques pour exprimer leur soutien (\u2026) \u00e0 la marocanit\u00e9 du Sahara\u00a0\u00bb, a-t-il assur\u00e9 la semaine derni\u00e8re lors d\u2019une des inaugurations.<\/p>\n<p>L\u2019Alg\u00e9rie voit ce ballet consulaire comme \u00ab\u00a0un acte provocateur\u00a0\u00bb en \u00ab\u00a0violation flagrante\u00a0\u00bb du droit international, comme l\u2019a dit un communiqu\u00e9 de ses Affaires \u00e9trang\u00e8res apr\u00e8s l\u2019ouverture du consulat gambien, d\u00e9but janvier.<\/p>\n<p>Pour le Polisario, \u00ab\u00a0cela ne changera pas le statut juridique du Sahara occidental. La seule partie qui puisse changer ce statut est le peuple sahraoui quand il d\u00e9cidera de son destin\u00a0\u00bb.<\/p>\n<p>Sur le plan sportif, le Maroc a choisi d\u2019accueillir \u00e0 Laayoune (Sahara occidental) la CAN 2020 de futsal pr\u00e9vue du 28 janvier au 7 f\u00e9vrier, apr\u00e8s avoir \u00e9t\u00e9 d\u00e9sign\u00e9 par la Conf\u00e9d\u00e9ration africaine de football (CAF).<\/p>\n<p>Cette d\u00e9cision a soulev\u00e9 une temp\u00eate de protestations en Alg\u00e9rie, le Comit\u00e9 olympique alg\u00e9rien (COA) demandant notamment \u00e0 la CAF d\u2019\u00e9viter toutes \u00ab\u00a0manoeuvres d\u2019essence politique\u00a0\u00bb contraires \u00e0 la charte olympique. Le Polisario, lui, a fustig\u00e9 une \u00ab\u00a0atteinte aux r\u00e9glementations internationales\u00a0\u00bb entachant \u00ab\u00a0la noblesse du sport\u00a0\u00bb.<\/p>\n<\/div>\n<p>Auteur: AFP<br \/>\n<a href=\"https:\/\/www.journalducameroun.com\/le-maroc-integre-les-eaux-du-sahara-occidental-dans-son-espace-maritime-2\/\">Cliquez ici pour lire l&rsquo;article depuis sa source.<\/a><\/p>\n","protected":false},"excerpt":{"rendered":"<p>Publi\u00e9 le 22.01.2020 \u00e0 21h50 par AFP Le Maroc a int\u00e9gr\u00e9 mercredi les eaux du Sahara occidental dans son espace maritime, en adoptant deux lois renfor\u00e7ant sa tutelle sur cette ancienne colonie espagnole au statut toujours ind\u00e9fini. \u00ab\u00a0Ces lois visent \u00e0 r\u00e9actualiser l\u2019arsenal juridique national\u00a0\u00bb, en phase avec \u00ab\u00a0la souverainet\u00e9 totale du royaume sur ses [&hellip;]<\/p>\n","protected":false},"author":1965,"featured_media":0,"comment_status":"closed","ping_status":"closed","sticky":false,"template":"","format":"standard","meta":{"fifu_image_url":"","fifu_image_alt":"","footnotes":""},"categories":[73,82],"tags":[],"class_list":["post-73876","post","type-post","status-publish","format-standard","hentry","category-actualite","category-cameroun"],"_links":{"self":[{"href":"https:\/\/linitiative.ca\/International\/wp-json\/wp\/v2\/posts\/73876","targetHints":{"allow":["GET"]}}],"collection":[{"href":"https:\/\/linitiative.ca\/International\/wp-json\/wp\/v2\/posts"}],"about":[{"href":"https:\/\/linitiative.ca\/International\/wp-json\/wp\/v2\/types\/post"}],"author":[{"embeddable":true,"href":"https:\/\/linitiative.ca\/International\/wp-json\/wp\/v2\/users\/1965"}],"replies":[{"embeddable":true,"href":"https:\/\/linitiative.ca\/International\/wp-json\/wp\/v2\/comments?post=73876"}],"version-history":[{"count":0,"href":"https:\/\/linitiative.ca\/International\/wp-json\/wp\/v2\/posts\/73876\/revisions"}],"wp:attachment":[{"href":"https:\/\/linitiative.ca\/International\/wp-json\/wp\/v2\/media?parent=73876"}],"wp:term":[{"taxonomy":"category","embeddable":true,"href":"https:\/\/linitiative.ca\/International\/wp-json\/wp\/v2\/categories?post=73876"},{"taxonomy":"post_tag","embeddable":true,"href":"https:\/\/linitiative.ca\/International\/wp-json\/wp\/v2\/tags?post=73876"}],"curies":[{"name":"wp","href":"https:\/\/api.w.org\/{rel}","templated":true}]}}