{"id":73877,"date":"2020-01-22T17:18:03","date_gmt":"2020-01-22T22:18:03","guid":{"rendered":"https:\/\/linitiative.ca\/International\/maroc-les-juges-ont-rendu-plus-de-3-millions-decisions-judiciaires-en-2019\/"},"modified":"2020-01-22T17:18:03","modified_gmt":"2020-01-22T22:18:03","slug":"maroc-les-juges-ont-rendu-plus-de-3-millions-decisions-judiciaires-en-2019","status":"publish","type":"post","link":"https:\/\/linitiative.ca\/International\/maroc-les-juges-ont-rendu-plus-de-3-millions-decisions-judiciaires-en-2019\/","title":{"rendered":"Maroc : Les juges ont rendu plus de 3 millions d\u00e9cisions judiciaires en 2019"},"content":{"rendered":"<div readability=\"32\">\n<p>Publi\u00e9 le 22.01.2020 \u00e0 23h18 par APA News<\/p>\n<\/div>\n<div readability=\"94\">\n<p>Les juges au Maroc ont rendu 3.172.653 d\u00e9cisions judiciaires, avec une moyenne annuelle de 1.113 d\u00e9cisions par juge, ce qui constitue une augmentation significative par rapport \u00e0 2018, a affirm\u00e9, mercredi \u00e0 Rabat, le premier pr\u00e9sident de la Cour de cassation, pr\u00e9sident d\u00e9l\u00e9gu\u00e9 du Conseil sup\u00e9rieur du pouvoir judiciaire, Mustafa Fares.M. Fares, qui pr\u00e9sentait le bilan de l\u2019action judiciaire dans les diff\u00e9rents tribunaux du Royaume au cours de l\u2019ann\u00e9e 2019, a fait savoir qu\u2019au niveau de la Cour de cassation, un total de 51.591 affaires a \u00e9t\u00e9 enregistr\u00e9, soit une augmentation de 2,21%, ce qui refl\u00e8te la grande confiance des justiciables en la justice et l\u2019efficacit\u00e9 de la Cour de cassation.<\/p>\n<p>Il a \u00e9galement not\u00e9 que le nombre d\u2019affaires jug\u00e9es en 2019 a connu une forte augmentation pour atteindre 46.726 d\u00e9cisions, soit un bond de 17,1%, ajoutant que les cas r\u00e9solus en moins d\u2019un an s\u2019est \u00e9tabli \u00e0 77%.<\/p>\n<p>Et de souligner la n\u00e9cessit\u00e9 pour tous de s\u2019engager dans le chantier des tribunaux \u00e9lectroniques, notamment \u00e0 travers les notifications \u00e9lectroniques, la d\u00e9lib\u00e9ration \u00e9lectronique et autres services judiciaires \u00e9lectroniques afin de se mettre au diapason de l\u2019acc\u00e9l\u00e9ration technologique que conna\u00eet le monde.<\/p>\n<p>\u00c0 cet \u00e9gard, M. Fares a rappel\u00e9 le lancement de l\u2019application de la e-d\u00e9lib\u00e9ration dans nombre de services de la Cour de cassation, l\u2019immat\u00e9rialisation des d\u00e9cisions et de l\u2019archivage, outre un \u00e9ventail de projets techniques qui seront lanc\u00e9s durant 2020 dans plusieurs circonscriptions judiciaires pilotes avant leur g\u00e9n\u00e9ralisation aux autres juridictions du Royaume.<\/p>\n<p>Pour sa part, le Procureur g\u00e9n\u00e9ral du Roi pr\u00e8s la Cour de cassation, pr\u00e9sident du minist\u00e8re public, Mohamed Abdenabaoui, a affirm\u00e9 que la r\u00e9forme du syst\u00e8me judiciaire est un \u00ab choix strat\u00e9gique du Royaume \u00bb dont le Souverain a d\u00e9termin\u00e9 les orientations \u00e0 plusieurs reprises, notamment dans le discours royal du 20 ao\u00fbt 2009, qui a dress\u00e9 une feuille de route pour garantir l\u2019ind\u00e9pendance du pouvoir judiciaire et le hisser au rang de troisi\u00e8me pouvoir dans le pays.<\/p>\n<p>Il a indiqu\u00e9 que l\u2019ouverture de la nouvelle ann\u00e9e judiciaire co\u00efncide avec l\u2019ach\u00e8vement du minist\u00e8re public de sa deuxi\u00e8me ann\u00e9e en tant qu\u2019institution ind\u00e9pendante affili\u00e9e \u00e0 l\u2019autorit\u00e9 judiciaire unifi\u00e9e, conform\u00e9ment aux dispositions de la Constitution et de la loi.<\/p>\n<p>Et d\u2019ajouter que l\u2019\u00e9tape actuelle n\u00e9cessite davantage d\u2019efforts pour \u00e9tablir les r\u00e8gles d\u2019un \u00ab minist\u00e8re public citoyen \u00bb attentif aux pr\u00e9occupations des citoyens et en interaction avec les \u00e9v\u00e9nements qui suscitent leur int\u00e9r\u00eat, tout en saluant le travail accompli par tous les magistrats du minist\u00e8re public, ainsi que ses fonctionnaires, ses cadres et les officiers de la police judiciaire.<\/p>\n<\/div>\n<p>Auteur: APA News<br \/>\n<a href=\"https:\/\/www.journalducameroun.com\/maroc-les-juges-ont-rendu-plus-de-3-millions-decisions-judiciaires-en-2019\/\">Cliquez ici pour lire l&rsquo;article depuis sa source.<\/a><\/p>\n","protected":false},"excerpt":{"rendered":"<p>Publi\u00e9 le 22.01.2020 \u00e0 23h18 par APA News Les juges au Maroc ont rendu 3.172.653 d\u00e9cisions judiciaires, avec une moyenne annuelle de 1.113 d\u00e9cisions par juge, ce qui constitue une augmentation significative par rapport \u00e0 2018, a affirm\u00e9, mercredi \u00e0 Rabat, le premier pr\u00e9sident de la Cour de cassation, pr\u00e9sident d\u00e9l\u00e9gu\u00e9 du Conseil sup\u00e9rieur du [&hellip;]<\/p>\n","protected":false},"author":1965,"featured_media":0,"comment_status":"closed","ping_status":"closed","sticky":false,"template":"","format":"standard","meta":{"fifu_image_url":"","fifu_image_alt":"","footnotes":""},"categories":[73,82],"tags":[],"class_list":["post-73877","post","type-post","status-publish","format-standard","hentry","category-actualite","category-cameroun"],"_links":{"self":[{"href":"https:\/\/linitiative.ca\/International\/wp-json\/wp\/v2\/posts\/73877","targetHints":{"allow":["GET"]}}],"collection":[{"href":"https:\/\/linitiative.ca\/International\/wp-json\/wp\/v2\/posts"}],"about":[{"href":"https:\/\/linitiative.ca\/International\/wp-json\/wp\/v2\/types\/post"}],"author":[{"embeddable":true,"href":"https:\/\/linitiative.ca\/International\/wp-json\/wp\/v2\/users\/1965"}],"replies":[{"embeddable":true,"href":"https:\/\/linitiative.ca\/International\/wp-json\/wp\/v2\/comments?post=73877"}],"version-history":[{"count":0,"href":"https:\/\/linitiative.ca\/International\/wp-json\/wp\/v2\/posts\/73877\/revisions"}],"wp:attachment":[{"href":"https:\/\/linitiative.ca\/International\/wp-json\/wp\/v2\/media?parent=73877"}],"wp:term":[{"taxonomy":"category","embeddable":true,"href":"https:\/\/linitiative.ca\/International\/wp-json\/wp\/v2\/categories?post=73877"},{"taxonomy":"post_tag","embeddable":true,"href":"https:\/\/linitiative.ca\/International\/wp-json\/wp\/v2\/tags?post=73877"}],"curies":[{"name":"wp","href":"https:\/\/api.w.org\/{rel}","templated":true}]}}