{"id":73881,"date":"2020-01-22T08:40:36","date_gmt":"2020-01-22T13:40:36","guid":{"rendered":"https:\/\/linitiative.ca\/International\/art-le-pca-accuse-le-dg-de-malversation-financiere\/"},"modified":"2020-01-22T08:40:36","modified_gmt":"2020-01-22T13:40:36","slug":"art-le-pca-accuse-le-dg-de-malversation-financiere","status":"publish","type":"post","link":"https:\/\/linitiative.ca\/International\/art-le-pca-accuse-le-dg-de-malversation-financiere\/","title":{"rendered":"ART: le PCA accuse le DG de malversation financi\u00e8re"},"content":{"rendered":"<div class=\"featured-area featured-area-inner\" readability=\"8\"><img loading=\"lazy\" decoding=\"async\" width=\"500\" height=\"384\" src=\"https:\/\/i1.wp.com\/ecomatin.net\/wp-content\/uploads\/2020\/01\/Philemeon-Zoo-Zame.jpg?resize=500%2C384&#038;ssl=1&#038;is-pending-load=1\" class=\"attachment-jannah-image-post size-jannah-image-post wp-post-image jetpack-lazy-image\" alt=\"\" data-lazy-srcset=\"https:\/\/i1.wp.com\/ecomatin.net\/wp-content\/uploads\/2020\/01\/Philemeon-Zoo-Zame.jpg?w=500&#038;ssl=1 500w, https:\/\/i1.wp.com\/ecomatin.net\/wp-content\/uploads\/2020\/01\/Philemeon-Zoo-Zame.jpg?resize=300%2C230&#038;ssl=1 300w\" data-lazy-sizes=\"(max-width: 500px) 100vw, 500px\" srcset=\"data:image\/gif;base64,R0lGODlhAQABAIAAAAAAAP\/\/\/yH5BAEAAAAALAAAAAABAAEAAAIBRAA7\"\/> Phil\u00e9mon Zo\u2019o Zame, le Directeur G\u00e9n\u00e9ral de l&rsquo;ART sur le Grill<\/div>\n<div class=\"entry-content entry clearfix\" readability=\"67.5112033195\">\n<p class=\"c3\"><span class=\"c2\">Le feuilleton \u00e9pistolaire qui, depuis novembre 2019, oppose publiquement le Pr\u00e9sident du Conseil d\u2019administration (<\/span><span class=\"c2\"><strong>PCA<\/strong><\/span><span class=\"c2\">) de l\u2019<\/span><span class=\"c2\"><strong>Agence de R\u00e9gulation des T\u00e9l\u00e9communications<\/strong><\/span> <span class=\"c2\">(ART),<\/span> <span class=\"c2\"><strong>Hessana Mahamat<\/strong><\/span> <span class=\"c2\">au directeur g\u00e9n\u00e9ral (<\/span><span class=\"c2\">DG<\/span><span class=\"c2\">) de cette structure,<\/span> <span class=\"c2\"><strong>Phil\u00e9mon Zo\u2019o Zame<\/strong><\/span><span class=\"c2\">, s\u2019est r\u00e9cemment enrichi d\u2019un nouvel \u00e9pisode. Le premier a de nouveau port\u00e9 la charge contre le second. Et c\u2019est par une lettre, d\u00e9sormais publique, que Hessana Mahamat a choisi de rappeler et de pr\u00e9ciser les griefs qu\u2019il porte au directeur g\u00e9n\u00e9ral de l\u2019ART. Le style administratif, cens\u00e9 impersonnaliser la correspondance ou \u00e0 tout le moins en att\u00e9nuer le caract\u00e8re bellig\u00e8ne, n\u2019a pas suffi \u00e0 cacher l\u2019ire du PCA.<\/span><\/p>\n<p class=\"c3\"><span class=\"c2\">Mais, c\u2019est la gravit\u00e9 des accusations implicitement formul\u00e9es par le PCA \u00e0 l\u2019encontre de son DG qui ne laisse pas d\u2019\u00e9tonner. \u00ab <em>C\u2019est le lieu de relever que la discordance des chiffres sur la masse salariale brute (\u2026) d\u2019une variation de pr\u00e8s de <strong>deux milliards Fcfa<\/strong> a d\u00e9j\u00e0 \u00e9t\u00e9 \u00e0 l\u2019origine de la convocation de deux sessions ordinaires au terme desquelles les comptes et les \u00e9tats financiers pour l\u2019exercice 2018 ont \u00e9t\u00e9 d\u00e9finitivement arr\u00eat\u00e9s<\/em> \u00bb, \u00e9crit Hessana Mahamat.<\/span><\/p>\n<p class=\"c3\"><span class=\"c2\">En clair, ce dernier accuse le DG de l\u2019ART de d\u00e9tournements de deniers publics portant sur un montant de pr\u00e8s de <strong>deux milliards Fcfa<\/strong>. Et il ne s\u2019arr\u00eate pas l\u00e0\u00a0: \u00ab<em>\u00a0il conviendrait de signaler \u00e9galement que certains projets inscrits dans le PPA de l\u2019exercice 2020 n\u2019ont pas \u00e9t\u00e9 approuv\u00e9s par le conseil d\u2019administration lors de sa r\u00e9cente session ordinaire, notamment le march\u00e9 d\u2019un montant toutes taxes comprises de plus d\u2019un milliard de FCFA, relatif \u00e0 la mise en place d\u2019un centre de supervision d\u2019une plateforme alternative pour les communications \u00e9lectroniques d\u2019urgence, qui ne cadre pas avec les missions de r\u00e9gulation de l\u2019agence<\/em> \u00bb, \u00e9crit-il encore.<\/span><\/p>\n<p class=\"c3\"><span class=\"c2\">Hessana Mahamat le dit donc \u00e0 demi-mot, ce DG \u00ab <em>pr\u00e9varicateur<\/em> \u00bb serait aussi un imp\u00e9nitent insubordonn\u00e9, ayant l\u2019irrespect en plus, puisque le PCA lui \u00ab\u00a0<em>demande<\/em> \u00bb aussi \u00ab <em>d\u2019am\u00e9liorer \u00e0 l\u2019avenir (son) style administratif et de faire preuve de courtoisie vis-\u00e0-vis de (sa) hi\u00e9rarchie en \u00e9vitant des expressions comme \u00ab j\u2019attire votre attention\u2026<\/em>\u00bb\u00bb.\u00a0\u00a0Que de joyeuset\u00e9s\u00a0!<\/span><\/p>\n<div class=\"sharedaddy sd-sharing-enabled robots-nocontent sd-block sd-social sd-social-icon-text sd-sharing\">\n<h3 class=\"sd-title\">Partager\u00a0:<\/h3>\n<\/div>\n<p><h3 class=\"jp-relatedposts-headline\"><em>Articles similaires<\/em><\/h3>\n<\/p>\n<div class=\"stream-item stream-item-below-post-content\"><a href=\"https:\/\/www.facebook.com\/canalpluscmr\/\" title=\"\" target=\"_blank\" rel=\"noopener noreferrer\"><img loading=\"lazy\" decoding=\"async\" src=\"https:\/\/ecomatin.net\/wp-content\/uploads\/2020\/01\/ecomatin-H1260-xL-6222-px.png\" alt=\"\" width=\"728\" height=\"90\"\/><\/a><\/div>\n<\/div>\n<div class=\"toggle-post-content clearfix\"><a id=\"toggle-post-button\" class=\"button\" href=\"#\">Afficher plus <\/a><\/div>\n<p>Auteur: Nasser Ngoume<br \/>\n<a href=\"https:\/\/ecomatin.net\/agence-de-regulation-des-telecommunications-le-pca-accuse-le-dg-de-malversation-financiere\/\">Cliquez ici pour lire l&rsquo;article depuis sa source.<\/a><\/p>\n","protected":false},"excerpt":{"rendered":"<p>Phil\u00e9mon Zo\u2019o Zame, le Directeur G\u00e9n\u00e9ral de l&rsquo;ART sur le Grill Le feuilleton \u00e9pistolaire qui, depuis novembre 2019, oppose publiquement le Pr\u00e9sident du Conseil d\u2019administration (PCA) de l\u2019Agence de R\u00e9gulation des T\u00e9l\u00e9communications (ART), Hessana Mahamat au directeur g\u00e9n\u00e9ral (DG) de cette structure, Phil\u00e9mon Zo\u2019o Zame, s\u2019est r\u00e9cemment enrichi d\u2019un nouvel \u00e9pisode. Le premier a de [&hellip;]<\/p>\n","protected":false},"author":1969,"featured_media":0,"comment_status":"closed","ping_status":"closed","sticky":false,"template":"","format":"standard","meta":{"fifu_image_url":"","fifu_image_alt":"","footnotes":""},"categories":[82,78],"tags":[],"class_list":["post-73881","post","type-post","status-publish","format-standard","hentry","category-cameroun","category-economie"],"_links":{"self":[{"href":"https:\/\/linitiative.ca\/International\/wp-json\/wp\/v2\/posts\/73881","targetHints":{"allow":["GET"]}}],"collection":[{"href":"https:\/\/linitiative.ca\/International\/wp-json\/wp\/v2\/posts"}],"about":[{"href":"https:\/\/linitiative.ca\/International\/wp-json\/wp\/v2\/types\/post"}],"author":[{"embeddable":true,"href":"https:\/\/linitiative.ca\/International\/wp-json\/wp\/v2\/users\/1969"}],"replies":[{"embeddable":true,"href":"https:\/\/linitiative.ca\/International\/wp-json\/wp\/v2\/comments?post=73881"}],"version-history":[{"count":0,"href":"https:\/\/linitiative.ca\/International\/wp-json\/wp\/v2\/posts\/73881\/revisions"}],"wp:attachment":[{"href":"https:\/\/linitiative.ca\/International\/wp-json\/wp\/v2\/media?parent=73881"}],"wp:term":[{"taxonomy":"category","embeddable":true,"href":"https:\/\/linitiative.ca\/International\/wp-json\/wp\/v2\/categories?post=73881"},{"taxonomy":"post_tag","embeddable":true,"href":"https:\/\/linitiative.ca\/International\/wp-json\/wp\/v2\/tags?post=73881"}],"curies":[{"name":"wp","href":"https:\/\/api.w.org\/{rel}","templated":true}]}}