{"id":73882,"date":"2020-01-22T08:44:02","date_gmt":"2020-01-22T13:44:02","guid":{"rendered":"https:\/\/linitiative.ca\/International\/pamol-recherche-7-milliards-de-fcfa-pour-relancer-ses-activites\/"},"modified":"2020-01-22T08:44:02","modified_gmt":"2020-01-22T13:44:02","slug":"pamol-recherche-7-milliards-de-fcfa-pour-relancer-ses-activites","status":"publish","type":"post","link":"https:\/\/linitiative.ca\/International\/pamol-recherche-7-milliards-de-fcfa-pour-relancer-ses-activites\/","title":{"rendered":"Pamol recherche 7 milliards de FCFA pour relancer ses activit\u00e9s"},"content":{"rendered":"<div class=\"featured-area featured-area-inner\"><img loading=\"lazy\" decoding=\"async\" width=\"500\" height=\"375\" src=\"https:\/\/i2.wp.com\/ecomatin.net\/wp-content\/uploads\/2018\/10\/ecomatin.net-pamol.jpg?resize=500%2C375&#038;ssl=1&#038;is-pending-load=1\" class=\"attachment-jannah-image-post size-jannah-image-post wp-post-image jetpack-lazy-image\" alt=\"\" data-lazy-srcset=\"https:\/\/i2.wp.com\/ecomatin.net\/wp-content\/uploads\/2018\/10\/ecomatin.net-pamol.jpg?w=500&#038;ssl=1 500w, https:\/\/i2.wp.com\/ecomatin.net\/wp-content\/uploads\/2018\/10\/ecomatin.net-pamol.jpg?resize=300%2C225&#038;ssl=1 300w\" data-lazy-sizes=\"(max-width: 500px) 100vw, 500px\" srcset=\"data:image\/gif;base64,R0lGODlhAQABAIAAAAAAAP\/\/\/yH5BAEAAAAALAAAAAABAAEAAAIBRAA7\"\/><\/div>\n<div class=\"entry-content entry clearfix\" readability=\"67.9143356643\">\n<p class=\"c3\"><span class=\"c2\">La crise sociopolitique qui s\u00e9vit les r\u00e9gions du Sud-Ouest et du Nord-Ouest plombe les activit\u00e9s de\u00a0<\/span><span class=\"c2\"><strong>Pamol Plantations PLC.\u00a0<\/strong><\/span><span class=\"c2\">De sources internes \u00e0 la soci\u00e9t\u00e9, l\u2019unit\u00e9 agro-industrielle publique a besoin d\u2019au moins\u00a0<\/span><span class=\"c2\"><strong>6,8 milliards de FCFA<\/strong><\/span><span class=\"c2\">\u00a0pour remettre \u00e0 flot et combler les pertes due au conflit. Actuellement, l\u2019on d\u00e9nombre environ\u00a0<\/span><span class=\"c2\"><strong>200 employ\u00e9s<\/strong><\/span><span class=\"c2\">\u00a0sur les\u00a0<\/span><span class=\"c2\"><strong>2 600 recens\u00e9s<\/strong><\/span><span class=\"c2\">\u00a0avant les attaques constantes dans ces zones. Ceux-ci seraient rest\u00e9s pour poursuivre les activit\u00e9s quotidiennes de l\u2019entreprise agro-industrielle. Des efforts qui ne suffisent pas pour redynamiser les activit\u00e9s au sein de\u00a0<\/span><span class=\"c2\"><strong>Pamol.<\/strong><\/span><\/p>\n<p class=\"c3\"><span class=\"c2\">L\u2019arr\u00eat des activit\u00e9s de Pamol, apprend-on, a mis un coup de frein \u00e0 un vaste programme d\u2019investissements impl\u00e9ment\u00e9 depuis 2015 au sein de l\u2019entreprise. Ce programme pr\u00e9voit notamment l\u2019acquisition d\u2019une unit\u00e9 de production d\u2019huile de palme, d\u2019une capacit\u00e9\u00a0<\/span><span class=\"c2\"><strong>de 30 TM<\/strong><\/span><span class=\"c2\">\u00a0par heure. Il est \u00e9galement pr\u00e9vu la construction d\u2019une savonnerie et l\u2019extension des plantations de l\u2019entreprise sur une superficie de\u00a0<\/span><span class=\"c2\"><strong>500 hectares\u00a0<\/strong><\/span><span class=\"c2\">dans la presqu\u2019\u00eele de Bakassi. Pour conduire ce programme d\u2019investissements, Pamol Plantations Plc et l\u2019\u00c9tat du Cameroun ont sign\u00e9 un contrat plan d\u2019un montant de\u00a0<\/span><span class=\"c2\"><strong>14 milliards de FCFA,<\/strong><\/span><span class=\"c2\">\u00a0qui attend toujours d\u2019\u00eatre financ\u00e9.<\/span><\/p>\n<p class=\"c3\"><span class=\"c2\">Entre 2010 et 2016, l\u2019agro-industriel croulait sous un d\u00e9ficit de plus de<\/span> <span class=\"c2\"><strong>8,2 milliards de FCFA<\/strong><\/span><span class=\"c2\">, une dette fiscale de<\/span> <span class=\"c2\"><strong>3,7 milliards de FCFA<\/strong><\/span> <span class=\"c2\">et plus de<\/span> <span class=\"c2\"><strong>2,2 milliards de FCFA<\/strong><\/span> <span class=\"c2\">dus \u00e0 la Caisse nationale de pr\u00e9voyance sociale (<\/span><span class=\"c2\"><strong>Cnps<\/strong><\/span><span class=\"c2\">). Son exploitation a en outre \u00e9t\u00e9 plomb\u00e9e par une mesure prise en octobre 2008 par les autorit\u00e9s, interdisant l\u2019exportation de l\u2019huile de palme alors que, dans le m\u00eame temps, les salaires des employ\u00e9s de l\u2019entreprise devaient conna\u00eetre une augmentation automatique.<\/span><\/p>\n<p class=\"c3\"><span class=\"c2\">Cette unit\u00e9 agro-industrielle est la deuxi\u00e8me \u00e0 payer le lourd tribut de la crise anglophone dans la r\u00e9gion du Sud-Ouest, apr\u00e8s la Cameroon development company (<\/span><span class=\"c2\"><strong>CDC<\/strong><\/span><span class=\"c2\">). Deuxi\u00e8me employeur apr\u00e8s l\u2019Etat avec 22\u2009000 employ\u00e9s d\u00e9sormais au ch\u00f4mage, cette soci\u00e9t\u00e9 a r\u00e9cemment exprim\u00e9 des besoins de financement de<\/span> <span class=\"c2\"><strong>29 milliards de FCFA<\/strong><\/span><span class=\"c2\">, pour la relance de ses activit\u00e9s.<\/span><\/p>\n<div class=\"sharedaddy sd-sharing-enabled robots-nocontent sd-block sd-social sd-social-icon-text sd-sharing\">\n<h3 class=\"sd-title\">Partager\u00a0:<\/h3>\n<\/div>\n<p><h3 class=\"jp-relatedposts-headline\"><em>Articles similaires<\/em><\/h3>\n<\/p>\n<div class=\"stream-item stream-item-below-post-content\"><a href=\"https:\/\/www.facebook.com\/canalpluscmr\/\" title=\"\" target=\"_blank\" rel=\"noopener noreferrer\"><img loading=\"lazy\" decoding=\"async\" src=\"https:\/\/ecomatin.net\/wp-content\/uploads\/2020\/01\/ecomatin-H1260-xL-6222-px.png\" alt=\"\" width=\"728\" height=\"90\"\/><\/a><\/div>\n<\/div>\n<div class=\"toggle-post-content clearfix\"><a id=\"toggle-post-button\" class=\"button\" href=\"#\">Afficher plus <\/a><\/div>\n<p>Auteur: Nasser Ngoume<br \/>\n<a href=\"https:\/\/ecomatin.net\/pamol-recherche-7-milliards-de-fcfa-pour-relancer-ses-activites\/\">Cliquez ici pour lire l&rsquo;article depuis sa source.<\/a><\/p>\n","protected":false},"excerpt":{"rendered":"<p>La crise sociopolitique qui s\u00e9vit les r\u00e9gions du Sud-Ouest et du Nord-Ouest plombe les activit\u00e9s de\u00a0Pamol Plantations PLC.\u00a0De sources internes \u00e0 la soci\u00e9t\u00e9, l\u2019unit\u00e9 agro-industrielle publique a besoin d\u2019au moins\u00a06,8 milliards de FCFA\u00a0pour remettre \u00e0 flot et combler les pertes due au conflit. Actuellement, l\u2019on d\u00e9nombre environ\u00a0200 employ\u00e9s\u00a0sur les\u00a02 600 recens\u00e9s\u00a0avant les attaques constantes dans [&hellip;]<\/p>\n","protected":false},"author":1969,"featured_media":0,"comment_status":"closed","ping_status":"closed","sticky":false,"template":"","format":"standard","meta":{"fifu_image_url":"","fifu_image_alt":"","footnotes":""},"categories":[82,78],"tags":[],"class_list":["post-73882","post","type-post","status-publish","format-standard","hentry","category-cameroun","category-economie"],"_links":{"self":[{"href":"https:\/\/linitiative.ca\/International\/wp-json\/wp\/v2\/posts\/73882","targetHints":{"allow":["GET"]}}],"collection":[{"href":"https:\/\/linitiative.ca\/International\/wp-json\/wp\/v2\/posts"}],"about":[{"href":"https:\/\/linitiative.ca\/International\/wp-json\/wp\/v2\/types\/post"}],"author":[{"embeddable":true,"href":"https:\/\/linitiative.ca\/International\/wp-json\/wp\/v2\/users\/1969"}],"replies":[{"embeddable":true,"href":"https:\/\/linitiative.ca\/International\/wp-json\/wp\/v2\/comments?post=73882"}],"version-history":[{"count":0,"href":"https:\/\/linitiative.ca\/International\/wp-json\/wp\/v2\/posts\/73882\/revisions"}],"wp:attachment":[{"href":"https:\/\/linitiative.ca\/International\/wp-json\/wp\/v2\/media?parent=73882"}],"wp:term":[{"taxonomy":"category","embeddable":true,"href":"https:\/\/linitiative.ca\/International\/wp-json\/wp\/v2\/categories?post=73882"},{"taxonomy":"post_tag","embeddable":true,"href":"https:\/\/linitiative.ca\/International\/wp-json\/wp\/v2\/tags?post=73882"}],"curies":[{"name":"wp","href":"https:\/\/api.w.org\/{rel}","templated":true}]}}