{"id":73883,"date":"2020-01-22T08:56:06","date_gmt":"2020-01-22T13:56:06","guid":{"rendered":"https:\/\/linitiative.ca\/International\/une-circulaire-contre-les-dysfonctionnements-dans-lapplication-du-code-des-marches-publics\/"},"modified":"2020-01-22T08:56:06","modified_gmt":"2020-01-22T13:56:06","slug":"une-circulaire-contre-les-dysfonctionnements-dans-lapplication-du-code-des-marches-publics","status":"publish","type":"post","link":"https:\/\/linitiative.ca\/International\/une-circulaire-contre-les-dysfonctionnements-dans-lapplication-du-code-des-marches-publics\/","title":{"rendered":"Une circulaire contre les dysfonctionnements dans l\u2019application du Code des march\u00e9s publics"},"content":{"rendered":"<div class=\"featured-area featured-area-inner\"><img loading=\"lazy\" decoding=\"async\" width=\"780\" height=\"405\" src=\"https:\/\/i0.wp.com\/ecomatin.net\/wp-content\/uploads\/2019\/10\/ecomatin.net-le-ministre-des-marches-publics-redefinit-les-indemnites-au-sein-des-commissions-ibrahim-talba-malla-1.jpg?resize=780%2C405&#038;ssl=1&#038;is-pending-load=1\" class=\"attachment-jannah-image-post size-jannah-image-post wp-post-image jetpack-lazy-image\" alt=\"\" srcset=\"data:image\/gif;base64,R0lGODlhAQABAIAAAAAAAP\/\/\/yH5BAEAAAAALAAAAAABAAEAAAIBRAA7\"\/><\/div>\n<div class=\"entry-content entry clearfix\" readability=\"55.3041516245\">\n<p class=\"c3\"><span class=\"c2\">Un nouveau<\/span> <span class=\"c2\"><strong>Code des march\u00e9s publics<\/strong><\/span> <span class=\"c2\">est en vigueur au Cameroun depuis le 20 juin 2018, mettant un terme \u00e0 l\u2019application d\u2019une s\u00e9rie de textes issus de la r\u00e9forme du syst\u00e8me de march\u00e9s publics depuis le 8 mars 2012 et qui avaient mis en suspens plusieurs dispositions du code du 24 septembre 2004.\u00a0\u00a0Un an et demi plus tard, le ministre d\u00e9l\u00e9gu\u00e9 \u00e0 la pr\u00e9sidence charg\u00e9 des<\/span> <span class=\"c2\"><strong>March\u00e9s publics<\/strong><\/span> <span class=\"c2\">(<\/span><span class=\"c2\"><strong>Minmap<\/strong><\/span><span class=\"c2\">),\u00a0<\/span><span class=\"c2\"><strong>Ibrahim Talba Malla<\/strong><\/span><span class=\"c2\">\u00a0se f\u00e9licite des avanc\u00e9es. Mais, il rappelle aussi qu\u2019il existe encore quelques goulots d\u2019\u00e9tranglement.<\/span><\/p>\n<p class=\"c3\"><span class=\"c2\">Le Minmap recense \u00e0 cet effet, cinq principaux probl\u00e8mes. Notamment, le montage approximatif et la transmission incompl\u00e8te des dossiers soumis \u00e0 l\u2019avis des <strong>Commissions centrales de contr\u00f4le des march\u00e9s<\/strong> (CCCM), la perte de certains cr\u00e9dits budg\u00e9taires cons\u00e9quemment au retrait de certains partenaires qui annulent les projets encore \u00e0 la phase de passation, alors qu\u2019ils devraient \u00eatre normalement termin\u00e9s selon le planning pr\u00e9vu par les accords de financement.\u00a0\u00a0Y figurent \u00e9galement le non-respect des d\u00e9lais r\u00e9glementaires impartis aux diff\u00e9rents acteurs concern\u00e9s\u00a0; les lourdeurs et lenteurs constat\u00e9es \u00e0 chaque \u00e9tape de la proc\u00e9dure donnant ainsi lieu au recours r\u00e9current \u00e0 la proc\u00e9dure de gr\u00e9 \u00e0 gr\u00e9.<\/span><\/p>\n<p class=\"c3\"><span class=\"c2\">Pour y rem\u00e9dier, Ibrahim Talba Malla vient de signer une circulaire qui pr\u00e9cise des am\u00e9nagements pour acc\u00e9l\u00e9rer le traitement des dossiers soumis \u00e0 l\u2019appr\u00e9ciation des CCCM. Il s\u2019agit de la mise en place d\u2019un Secr\u00e9tariat permanent, qui va servir de plateforme entre les diff\u00e9rents ma\u00eetres d\u2019ouvrage et ma\u00eetre d\u2019ouvrages d\u00e9l\u00e9gu\u00e9.\u00a0\u00a0L\u2019autre point concerne la recevabilit\u00e9 des dossiers transmis au CCCM. \u00ab\u00a0<em>Tout dossier soumis au contr\u00f4le d\u2019une Commission centrale de contr\u00f4le des march\u00e9s devra \u00eatre constitu\u00e9 dans le strict respect des dispositions pertinentes de l\u2019article 39 du Code des march\u00e9s publics et, donc, parvenir au secr\u00e9tariat permanent les jours ouvrables au plus tard \u00e0 12h\u00a0<\/em>\u00bb, indique la circulaire du ministre Talba Malla.<\/span><\/p>\n<div class=\"sharedaddy sd-sharing-enabled robots-nocontent sd-block sd-social sd-social-icon-text sd-sharing\">\n<h3 class=\"sd-title\">Partager\u00a0:<\/h3>\n<\/div>\n<p><h3 class=\"jp-relatedposts-headline\"><em>Articles similaires<\/em><\/h3>\n<\/p>\n<div class=\"stream-item stream-item-below-post-content\"><a href=\"https:\/\/www.facebook.com\/canalpluscmr\/\" title=\"\" target=\"_blank\" rel=\"noopener noreferrer\"><img loading=\"lazy\" decoding=\"async\" src=\"https:\/\/ecomatin.net\/wp-content\/uploads\/2020\/01\/ecomatin-H1260-xL-6222-px.png\" alt=\"\" width=\"728\" height=\"90\"\/><\/a><\/div>\n<\/div>\n<div class=\"toggle-post-content clearfix\"><a id=\"toggle-post-button\" class=\"button\" href=\"#\">Afficher plus <\/a><\/div>\n<p>Auteur: Nasser Ngoume<br \/>\n<a href=\"https:\/\/ecomatin.net\/une-circulaire-contre-les-dysfonctionnements-dans-lapplication-du-code-des-marches-publics\/\">Cliquez ici pour lire l&rsquo;article depuis sa source.<\/a><\/p>\n","protected":false},"excerpt":{"rendered":"<p>Un nouveau Code des march\u00e9s publics est en vigueur au Cameroun depuis le 20 juin 2018, mettant un terme \u00e0 l\u2019application d\u2019une s\u00e9rie de textes issus de la r\u00e9forme du syst\u00e8me de march\u00e9s publics depuis le 8 mars 2012 et qui avaient mis en suspens plusieurs dispositions du code du 24 septembre 2004.\u00a0\u00a0Un an et [&hellip;]<\/p>\n","protected":false},"author":1969,"featured_media":0,"comment_status":"closed","ping_status":"closed","sticky":false,"template":"","format":"standard","meta":{"fifu_image_url":"","fifu_image_alt":"","footnotes":""},"categories":[82,78],"tags":[],"class_list":["post-73883","post","type-post","status-publish","format-standard","hentry","category-cameroun","category-economie"],"_links":{"self":[{"href":"https:\/\/linitiative.ca\/International\/wp-json\/wp\/v2\/posts\/73883","targetHints":{"allow":["GET"]}}],"collection":[{"href":"https:\/\/linitiative.ca\/International\/wp-json\/wp\/v2\/posts"}],"about":[{"href":"https:\/\/linitiative.ca\/International\/wp-json\/wp\/v2\/types\/post"}],"author":[{"embeddable":true,"href":"https:\/\/linitiative.ca\/International\/wp-json\/wp\/v2\/users\/1969"}],"replies":[{"embeddable":true,"href":"https:\/\/linitiative.ca\/International\/wp-json\/wp\/v2\/comments?post=73883"}],"version-history":[{"count":0,"href":"https:\/\/linitiative.ca\/International\/wp-json\/wp\/v2\/posts\/73883\/revisions"}],"wp:attachment":[{"href":"https:\/\/linitiative.ca\/International\/wp-json\/wp\/v2\/media?parent=73883"}],"wp:term":[{"taxonomy":"category","embeddable":true,"href":"https:\/\/linitiative.ca\/International\/wp-json\/wp\/v2\/categories?post=73883"},{"taxonomy":"post_tag","embeddable":true,"href":"https:\/\/linitiative.ca\/International\/wp-json\/wp\/v2\/tags?post=73883"}],"curies":[{"name":"wp","href":"https:\/\/api.w.org\/{rel}","templated":true}]}}