{"id":73884,"date":"2020-01-22T09:01:20","date_gmt":"2020-01-22T14:01:20","guid":{"rendered":"https:\/\/linitiative.ca\/International\/fotso-victor-retrocede-la-mairie-de-bandjoun-a-letat\/"},"modified":"2020-01-22T09:01:20","modified_gmt":"2020-01-22T14:01:20","slug":"fotso-victor-retrocede-la-mairie-de-bandjoun-a-letat","status":"publish","type":"post","link":"https:\/\/linitiative.ca\/International\/fotso-victor-retrocede-la-mairie-de-bandjoun-a-letat\/","title":{"rendered":"Fotso Victor r\u00e9troc\u00e8de la mairie de Bandjoun \u00e0 l\u2019Etat"},"content":{"rendered":"<div class=\"featured-area featured-area-inner\"><img loading=\"lazy\" decoding=\"async\" width=\"780\" height=\"405\" src=\"https:\/\/i1.wp.com\/ecomatin.net\/wp-content\/uploads\/2020\/01\/Mairie-de-Bandjoun.jpg?resize=780%2C405&#038;ssl=1&#038;is-pending-load=1\" class=\"attachment-jannah-image-post size-jannah-image-post wp-post-image jetpack-lazy-image\" alt=\"\" srcset=\"data:image\/gif;base64,R0lGODlhAQABAIAAAAAAAP\/\/\/yH5BAEAAAAALAAAAAABAAEAAAIBRAA7\"\/><\/div>\n<div class=\"entry-content entry clearfix\" readability=\"57.0717948718\">\n<p class=\"c3\"><span class=\"c2\">L\u2019immeuble abritant la mairie de\u00a0<\/span><span class=\"c2\"><strong>Bandjoun<\/strong><\/span><span class=\"c2\">, dans la r\u00e9gion de l\u2019Ouest, appartient d\u00e9sormais \u00e0 l\u2019Etat. Vendredi\u00a017\u00a0janvier, dans la salle de conf\u00e9rence de la commune de<\/span> <span class=\"c2\"><strong>Pete-Bandjoun<\/strong><\/span><span class=\"c2\">, \u2019homme d\u2019affaires\u00a0<\/span><span class=\"c2\"><strong>Victor<\/strong><\/span> <span class=\"c2\"><strong>Fotso<\/strong><\/span><span class=\"c2\">\u00a0a r\u00e9troc\u00e9d\u00e9 l\u2019\u00e9difice \u00e0 l\u2019Etat au cours\u00a0d\u2019une c\u00e9r\u00e9monie de donation pr\u00e9sid\u00e9e par le <strong>ministre de la D\u00e9centralisation et du d\u00e9veloppement local<\/strong> (<\/span><span class=\"c2\"><strong>Minddevel<\/strong><\/span><span class=\"c2\">),\u00a0<\/span><span class=\"c2\"><strong>Georges Elanga Obam.<\/strong><\/span><span class=\"c2\"><em><strong>\u00a0<\/strong><\/em><\/span> <span class=\"c2\">Le co\u00fbt de l\u2019infrastructure, souligne-t-on, est de<\/span> <span class=\"c2\"><strong>4,16 milliards de FCFA.<\/strong><\/span> <span class=\"c2\">Le b\u00e2timent R+2 b\u00e2ti sur 4\u00a0610 m\u00e8tres carr\u00e9s, comporte en son sein des bureaux, des salles de f\u00eates, une biblioth\u00e8que, une m\u00e9diath\u00e8que, des toilettes, un mus\u00e9e, des parkings internes et externes.<\/span><\/p>\n<p class=\"c3\"><span class=\"c2\">La c\u00e9r\u00e9monie s\u2019est d\u00e9roul\u00e9e en deux phases. La premi\u00e8re, consacrait\u00a0l\u2019approbation de ce don par la commune de Pete-Bandjoun. La seconde portait sur\u00a0\u00a0\u00a0la lecture de l\u2019acte de d\u00e9lib\u00e9ration et de donation de cet immeuble par le ministre de la D\u00e9centralisation.<\/span><\/p>\n<p class=\"c3\"><span class=\"c2\">La r\u00e9trocession de l\u2019h\u00f4tel de ville de\u00a0<\/span><span class=\"c2\"><strong>Bandjoun<\/strong><\/span><span class=\"c2\">\u00a0intervient huit ans apr\u00e8s son inauguration le 5 avril 2012 par\u00a0<\/span><span class=\"c2\"><strong>Ren\u00e9 Emmanuel Sadi<\/strong><\/span><span class=\"c2\">\u00a0qui occupait le poste de ministre de l\u2019Administration Territorial et de la D\u00e9centralisation. Rappelons que l\u2019actuel maire de Bandjoun,<\/span> <span class=\"c2\">Victor Fotso,<\/span><span class=\"c2\">\u00a0est\u00a0un homme d\u2019affaires qui dispose de plusieurs\u00a0entreprises\u00a0\u00e0 l\u2019instar de Pilcam et Fermencam.<\/span><\/p>\n<div class=\"sharedaddy sd-sharing-enabled robots-nocontent sd-block sd-social sd-social-icon-text sd-sharing\">\n<h3 class=\"sd-title\">Partager\u00a0:<\/h3>\n<\/div>\n<p><h3 class=\"jp-relatedposts-headline\"><em>Articles similaires<\/em><\/h3>\n<\/p>\n<div class=\"stream-item stream-item-below-post-content\"><a href=\"https:\/\/www.facebook.com\/canalpluscmr\/\" title=\"\" target=\"_blank\" rel=\"noopener noreferrer\"><img loading=\"lazy\" decoding=\"async\" src=\"https:\/\/ecomatin.net\/wp-content\/uploads\/2020\/01\/ecomatin-H1260-xL-6222-px.png\" alt=\"\" width=\"728\" height=\"90\"\/><\/a><\/div>\n<\/div>\n<div class=\"toggle-post-content clearfix\"><a id=\"toggle-post-button\" class=\"button\" href=\"#\">Afficher plus <\/a><\/div>\n<p>Auteur: Nasser Ngoume<br \/>\n<a href=\"https:\/\/ecomatin.net\/fotso-victor-retrocede-la-mairie-de-bandjoun-a-letat\/\">Cliquez ici pour lire l&rsquo;article depuis sa source.<\/a><\/p>\n","protected":false},"excerpt":{"rendered":"<p>L\u2019immeuble abritant la mairie de\u00a0Bandjoun, dans la r\u00e9gion de l\u2019Ouest, appartient d\u00e9sormais \u00e0 l\u2019Etat. Vendredi\u00a017\u00a0janvier, dans la salle de conf\u00e9rence de la commune de Pete-Bandjoun, \u2019homme d\u2019affaires\u00a0Victor Fotso\u00a0a r\u00e9troc\u00e9d\u00e9 l\u2019\u00e9difice \u00e0 l\u2019Etat au cours\u00a0d\u2019une c\u00e9r\u00e9monie de donation pr\u00e9sid\u00e9e par le ministre de la D\u00e9centralisation et du d\u00e9veloppement local (Minddevel),\u00a0Georges Elanga Obam.\u00a0 Le co\u00fbt de l\u2019infrastructure, [&hellip;]<\/p>\n","protected":false},"author":1969,"featured_media":0,"comment_status":"closed","ping_status":"closed","sticky":false,"template":"","format":"standard","meta":{"fifu_image_url":"","fifu_image_alt":"","footnotes":""},"categories":[82,78],"tags":[],"class_list":["post-73884","post","type-post","status-publish","format-standard","hentry","category-cameroun","category-economie"],"_links":{"self":[{"href":"https:\/\/linitiative.ca\/International\/wp-json\/wp\/v2\/posts\/73884","targetHints":{"allow":["GET"]}}],"collection":[{"href":"https:\/\/linitiative.ca\/International\/wp-json\/wp\/v2\/posts"}],"about":[{"href":"https:\/\/linitiative.ca\/International\/wp-json\/wp\/v2\/types\/post"}],"author":[{"embeddable":true,"href":"https:\/\/linitiative.ca\/International\/wp-json\/wp\/v2\/users\/1969"}],"replies":[{"embeddable":true,"href":"https:\/\/linitiative.ca\/International\/wp-json\/wp\/v2\/comments?post=73884"}],"version-history":[{"count":0,"href":"https:\/\/linitiative.ca\/International\/wp-json\/wp\/v2\/posts\/73884\/revisions"}],"wp:attachment":[{"href":"https:\/\/linitiative.ca\/International\/wp-json\/wp\/v2\/media?parent=73884"}],"wp:term":[{"taxonomy":"category","embeddable":true,"href":"https:\/\/linitiative.ca\/International\/wp-json\/wp\/v2\/categories?post=73884"},{"taxonomy":"post_tag","embeddable":true,"href":"https:\/\/linitiative.ca\/International\/wp-json\/wp\/v2\/tags?post=73884"}],"curies":[{"name":"wp","href":"https:\/\/api.w.org\/{rel}","templated":true}]}}