{"id":73885,"date":"2020-01-22T09:06:47","date_gmt":"2020-01-22T14:06:47","guid":{"rendered":"https:\/\/linitiative.ca\/International\/937-personnes-tuees-par-accident-de-la-route-en-2019\/"},"modified":"2020-01-22T09:06:47","modified_gmt":"2020-01-22T14:06:47","slug":"937-personnes-tuees-par-accident-de-la-route-en-2019","status":"publish","type":"post","link":"https:\/\/linitiative.ca\/International\/937-personnes-tuees-par-accident-de-la-route-en-2019\/","title":{"rendered":"937 personnes tu\u00e9es par accident de la route en 2019"},"content":{"rendered":"<div class=\"featured-area featured-area-inner\"><img loading=\"lazy\" decoding=\"async\" width=\"678\" height=\"381\" src=\"https:\/\/i0.wp.com\/ecomatin.net\/wp-content\/uploads\/2020\/01\/Accident-de-la-route.jpg?resize=678%2C381&#038;ssl=1&#038;is-pending-load=1\" class=\"attachment-jannah-image-post size-jannah-image-post wp-post-image jetpack-lazy-image\" alt=\"\" data-lazy-srcset=\"https:\/\/i0.wp.com\/ecomatin.net\/wp-content\/uploads\/2020\/01\/Accident-de-la-route.jpg?w=678&#038;ssl=1 678w, https:\/\/i0.wp.com\/ecomatin.net\/wp-content\/uploads\/2020\/01\/Accident-de-la-route.jpg?resize=300%2C169&#038;ssl=1 300w, https:\/\/i0.wp.com\/ecomatin.net\/wp-content\/uploads\/2020\/01\/Accident-de-la-route.jpg?resize=390%2C220&#038;ssl=1 390w\" data-lazy-sizes=\"(max-width: 678px) 100vw, 678px\" srcset=\"data:image\/gif;base64,R0lGODlhAQABAIAAAAAAAP\/\/\/yH5BAEAAAAALAAAAAABAAEAAAIBRAA7\"\/><\/div>\n<div class=\"entry-content entry clearfix\" readability=\"68.6446961895\">\n<p class=\"c3\"><span class=\"c2\">Le ministre des Transports (<\/span><span class=\"c2\"><strong>Mintransport<\/strong><\/span><span class=\"c2\">),\u00a0<\/span><span class=\"c2\"><strong>Jean Ernest Massena Ngalle Bibehe,<\/strong><\/span><span class=\"c2\">\u00a0vient de dresser le bilan de l\u2019ann\u00e9e 2019 sur la s\u00e9curit\u00e9 routi\u00e8re au Cameroun. Dans une interview accord\u00e9e au quotidien<\/span> <span class=\"c2\"><strong>Mutations<\/strong><\/span><span class=\"c2\">, il d\u00e9clare que \u00ab\u00a0l\u2019ann\u00e9e 2019 est une ann\u00e9e particuli\u00e8re en ce sens qu\u2019elle marque la fin de la d\u00e9cennie d\u2019action des Nations-Unies pour la s\u00e9curisation routi\u00e8re. Du point de vue du ministre le nombre de morts sur nos routes est en baisse. Il est pass\u00e9 de<\/span> <span class=\"c2\"><strong>1 588<\/strong><\/span><span class=\"c2\">\u00a0en 2011, \u00e0\u00a0<\/span><span class=\"c2\"><strong>1 091<\/strong><\/span><span class=\"c2\">\u00a0en 2015 et\u00a0<\/span><span class=\"c2\"><strong>937<\/strong><\/span><span class=\"c2\">\u00a0en 2019. La marge atteinte est de 31% pour un objectif fix\u00e9 \u00e0 50%\u00a0\u00bb.<\/span><\/p>\n<p class=\"c3\"><span class=\"c2\">Pour parvenir \u00e0 ce r\u00e9sultat, rappelle le membre du gouvernement, trois principale mesures ont \u00e9t\u00e9 prises. Premi\u00e8rement, les \u00e9quipes de la pr\u00e9vention routi\u00e8re sont astreintes aux op\u00e9rations sp\u00e9ciales en vue de veiller au respect des r\u00e8gles de s\u00e9curit\u00e9 sur les axes routiers.<\/span><\/p>\n<p class=\"c3\"><span class=\"c2\">Ensuite sur les accidents li\u00e9s \u00e0 l\u2019\u00e9tat des infrastructures routi\u00e8res, il a commis un audit de signalisation routi\u00e8re sur l\u2019ensemble du territoire national, donc les conclusions ont\u00a0permis de d\u00e9terminer sur certains axes routiers, les points noirs identifi\u00e9s comme accidentog\u00e8nes. Pour\u00a0ce qui est des accidents de la circulation qui sont li\u00e9s \u00e0 l\u2019\u00e9tat technique des v\u00e9hicules, le Mintransports a instruit des contr\u00f4les au sein des centres de visite technique automobile pour s\u2019assurer de l\u2019efficacit\u00e9 du dispositif de contr\u00f4le technique des v\u00e9hicules. Actuellement une r\u00e9forme est en cours de mise en \u0153uvre visant\u00a0\u00e0 s\u00e9curiser le processus\u00a0de d\u00e9livrance\u00a0des vignettes de visite technique.<\/span><\/p>\n<p class=\"c3\"><span class=\"c2\">Les compagnies de transport ne sont pas en reste dans ce processus de r\u00e9duction des accidents de la route. \u00ab\u00a0J\u2019ai instruit le maintien de la d\u00e9cision de suspension des compagnies de transport n\u2019ayant pas cru devoir r\u00e9gulariser leur situation administrative apr\u00e8s la vaste campagne qui s\u2019est d\u00e9roul\u00e9e sur l\u2019ensemble du territoire national en f\u00e9vrier 2019. Pour garantir le suivi de l\u2019application de cette d\u00e9cision de suspension afin d\u2019amener l\u2019ensemble des agences\u00a0de voyages \u00e0 se conformer, j\u2019ai saisi les gouverneurs de r\u00e9gions afin qu\u2019ils veillent \u00e0 la stricte application de cette mesure de suspension. Je viens \u00e0 cet effet de proc\u00e9der \u00e0 l\u2019acquisition de nouveaux radars semi-portatifs de derni\u00e8re g\u00e9n\u00e9ration, lesquels ont \u00e9t\u00e9 d\u00e9ploy\u00e9s sur l\u2019ensemble du territoire national pour contribuer tout comme les radars fixes de contr\u00f4le de vitesse install\u00e9s le long de la route nationale\u00a0\u00bb, informe le ministre Ngalle Bibehe.<\/span><\/p>\n<p class=\"c3\"><span class=\"c2\">Selon une \u00e9tude men\u00e9e par ce d\u00e9partement minist\u00e9riel, les causes des accidents de la circulation en termes de pourcentage sont l\u2019action humaine qui repr\u00e9sente<\/span> <span class=\"c2\"><strong>70%<\/strong><\/span> <span class=\"c2\">des accidents, l\u2019\u00e9tat des infrastructures routi\u00e8res<\/span> <span class=\"c2\"><strong>20%<\/strong><\/span> <span class=\"c2\">et l\u2019\u00e9tat technique des v\u00e9hicules<\/span> <span class=\"c2\"><strong>10 %<\/strong><\/span><span class=\"c2\">.<\/span><\/p>\n<div class=\"sharedaddy sd-sharing-enabled robots-nocontent sd-block sd-social sd-social-icon-text sd-sharing\">\n<h3 class=\"sd-title\">Partager\u00a0:<\/h3>\n<\/div>\n<p><h3 class=\"jp-relatedposts-headline\"><em>Articles similaires<\/em><\/h3>\n<\/p>\n<div class=\"stream-item stream-item-below-post-content\"><a href=\"https:\/\/www.facebook.com\/canalpluscmr\/\" title=\"\" target=\"_blank\" rel=\"noopener noreferrer\"><img loading=\"lazy\" decoding=\"async\" src=\"https:\/\/ecomatin.net\/wp-content\/uploads\/2020\/01\/ecomatin-H1260-xL-6222-px.png\" alt=\"\" width=\"728\" height=\"90\"\/><\/a><\/div>\n<\/div>\n<div class=\"toggle-post-content clearfix\"><a id=\"toggle-post-button\" class=\"button\" href=\"#\">Afficher plus <\/a><\/div>\n<p>Auteur: Nasser Ngoume<br \/>\n<a href=\"https:\/\/ecomatin.net\/937-personnes-tuees-par-accident-de-la-route-en-2019\/\">Cliquez ici pour lire l&rsquo;article depuis sa source.<\/a><\/p>\n","protected":false},"excerpt":{"rendered":"<p>Le ministre des Transports (Mintransport),\u00a0Jean Ernest Massena Ngalle Bibehe,\u00a0vient de dresser le bilan de l\u2019ann\u00e9e 2019 sur la s\u00e9curit\u00e9 routi\u00e8re au Cameroun. Dans une interview accord\u00e9e au quotidien Mutations, il d\u00e9clare que \u00ab\u00a0l\u2019ann\u00e9e 2019 est une ann\u00e9e particuli\u00e8re en ce sens qu\u2019elle marque la fin de la d\u00e9cennie d\u2019action des Nations-Unies pour la s\u00e9curisation routi\u00e8re. [&hellip;]<\/p>\n","protected":false},"author":1969,"featured_media":0,"comment_status":"closed","ping_status":"closed","sticky":false,"template":"","format":"standard","meta":{"fifu_image_url":"","fifu_image_alt":"","footnotes":""},"categories":[82,78],"tags":[],"class_list":["post-73885","post","type-post","status-publish","format-standard","hentry","category-cameroun","category-economie"],"_links":{"self":[{"href":"https:\/\/linitiative.ca\/International\/wp-json\/wp\/v2\/posts\/73885","targetHints":{"allow":["GET"]}}],"collection":[{"href":"https:\/\/linitiative.ca\/International\/wp-json\/wp\/v2\/posts"}],"about":[{"href":"https:\/\/linitiative.ca\/International\/wp-json\/wp\/v2\/types\/post"}],"author":[{"embeddable":true,"href":"https:\/\/linitiative.ca\/International\/wp-json\/wp\/v2\/users\/1969"}],"replies":[{"embeddable":true,"href":"https:\/\/linitiative.ca\/International\/wp-json\/wp\/v2\/comments?post=73885"}],"version-history":[{"count":0,"href":"https:\/\/linitiative.ca\/International\/wp-json\/wp\/v2\/posts\/73885\/revisions"}],"wp:attachment":[{"href":"https:\/\/linitiative.ca\/International\/wp-json\/wp\/v2\/media?parent=73885"}],"wp:term":[{"taxonomy":"category","embeddable":true,"href":"https:\/\/linitiative.ca\/International\/wp-json\/wp\/v2\/categories?post=73885"},{"taxonomy":"post_tag","embeddable":true,"href":"https:\/\/linitiative.ca\/International\/wp-json\/wp\/v2\/tags?post=73885"}],"curies":[{"name":"wp","href":"https:\/\/api.w.org\/{rel}","templated":true}]}}