{"id":73891,"date":"2020-01-23T07:00:51","date_gmt":"2020-01-23T12:00:51","guid":{"rendered":"https:\/\/linitiative.ca\/International\/utilisation-durable-des-eaux-de-la-plaine-du-saiss-le-projet-damenagement-hydro-agricole-avance-a-grands-pas\/"},"modified":"2020-01-23T07:00:51","modified_gmt":"2020-01-23T12:00:51","slug":"utilisation-durable-des-eaux-de-la-plaine-du-saiss-le-projet-damenagement-hydro-agricole-avance-a-grands-pas","status":"publish","type":"post","link":"https:\/\/linitiative.ca\/International\/utilisation-durable-des-eaux-de-la-plaine-du-saiss-le-projet-damenagement-hydro-agricole-avance-a-grands-pas\/","title":{"rendered":"Utilisation durable des eaux de la plaine du Sa\u00efss : Le projet d\u2019am\u00e9nagement hydro-agricole avance \u00e0 grands pas"},"content":{"rendered":"<p><img decoding=\"async\" class=\"post_layout_5_img\" src=\"http:\/\/aujourdhui.ma\/wp-content\/uploads\/2020\/01\/Maroc-Irrigation.jpg?x29840\" alt=\"Utilisation durable des eaux de la plaine du Sa\u00efss : Le projet d\u2019am\u00e9nagement hydro-agricole avance \u00e0 grands pas\"\/><\/p>\n<p class=\"p1\"><span class=\"s1\"><span class=\"c4\"><strong>L\u2019optimisation et la gestion durable des ressources en eau sont essentielles pour l\u2019irrigation des activit\u00e9s agricoles.<\/strong><\/span><\/span> <span id=\"more-330806\"\/><\/p>\n<p class=\"p1\"><span class=\"s1\">Une approche qui n\u00e9cessite le suivi environnemental et la surveillance des eaux souterraines dans les zones les plus concern\u00e9es. C\u2019est la d\u00e9marche adopt\u00e9e par le minist\u00e8re de l\u2019agriculture, de la p\u00eache maritime, du d\u00e9veloppement rural et des eaux et for\u00eats (MAPMDREF) pour le projet de l\u2019am\u00e9nagement hydro-agricole relatif \u00e0 la sauvegarde de la plaine du Sa\u00efss. En effet, la Banque europ\u00e9enne pour la reconstruction et le d\u00e9veloppement (BERD) soutient le Maroc dans le cofinancement du projet de transfert d\u2019eau du barrage de M\u2019Dez vers la plaine du Saiss, qui se trouve entre F\u00e8s et Mekn\u00e8s. Les autres partenaires de ce projet sont le Fonds saoudien pour le d\u00e9veloppement (FSD) et le Fonds vert pour le climat (FVC). Au total, le financement de ce programme de transfert d\u2019eau et d\u2019infrastructure d\u2019irrigation atteint 393 millions d\u2019euros (Hors TVA). Pour y parvenir, une assistance technique devra accompagner les services de la tutelle (Ma\u00eetre d\u2019ouvrage de cette op\u00e9ration) dans le suivi environnemental du projet afin de renforcer les connaissances sur les eaux souterraines du Sa\u00efss, d\u00e9finir les outils, les \u00e9quipements et les syst\u00e8mes n\u00e9cessaires \u00e0 son suivi, et mettre en place les m\u00e9canismes institutionnels permettant une gestion durable de la nappe phr\u00e9atique de cette zone.<\/span><\/p>\n<p class=\"p3\"><span class=\"s1\"><strong>R\u00e9tablir la situation de la nappe souterraine du Sa\u00efss<\/strong><\/span><\/p>\n<p class=\"p1\"><span class=\"s1\">Au rythme actuel, l\u2019aquif\u00e8re (nappe d\u2019eau souterraine) de la plaine du Sa\u00efss risque l\u2019\u00e9puisement d\u2019ici 25 ans. Globalement, le bassin du Sa\u00efss constitue 11% de la dotation annuelle en eau du Maroc. Dans ce sens, le pr\u00eat de 120 millions d\u2019euros de la BERD financera une conduite principale de distribution. Celle-ci transf\u00e9rera annuellement entre 90 et 125 millions de m\u00e8tres cubes d\u2019eau de surface du barrage de M\u2019Dez, actuellement en construction, en direction de la plaine du Sa\u00efss et le r\u00e9seau de distribution pour un premier p\u00e9rim\u00e8tre irrigu\u00e9 (10.000 ha). Pour cofinancer le projet, la BERD pr\u00e9l\u00e8vera une subvention d\u2019investissement de 30 millions d\u2019euros du FVC. Dans cette perspective, la canalisation a pour objectif de fournir suffisamment d\u2019eau pour r\u00e9tablir la situation de l\u2019aquif\u00e8re du Sa\u00efss \u00e0 son niveau historique. Il s\u2019agit \u00e9galement de fournir de l\u2019eau pour l\u2019irrigation des activit\u00e9s agricoles existantes dans la plaine du Sa\u00efss.<\/span><\/p>\n<p class=\"p3\"><span class=\"s1\"><strong>Syst\u00e8me d\u2019irrigation : 7.200 exploitations commerciales\u00a0<\/strong><\/span><span class=\"s1\"><strong>b\u00e9n\u00e9ficiaires<\/strong><\/span><\/p>\n<p class=\"p1\"><span class=\"s1\">Pr\u00e8s de 7.200 exploitations commerciales de subsistance b\u00e9n\u00e9ficieraient du syst\u00e8me d\u2019irrigation sur une superficie totale de 30.000 ha de terres irrigu\u00e9es dans la zone concern\u00e9e. Afin d\u2019am\u00e9liorer les connaissances sur les caract\u00e9ristiques hydrologiques des aquif\u00e8res (nappe d\u2019eau soutairraine), il sera proc\u00e9d\u00e9 \u00e0 des essais de pompage qui porteront sur 15 forages d\u2019exploitation au niveau de F\u00e8s-Mekn\u00e8s. Par ailleurs, le renforcement du r\u00e9seau de surveillance des aquif\u00e8res passera entre autres par l\u2019installation de compteurs t\u00e9l\u00e9mesur\u00e9s ou encore le renforcement du syst\u00e8me d\u2019information. A ce titre, l\u2019article 128 de la loi sur l\u2019eau 36.15 pr\u00e9cise que chaque Agence de bassin hydraulique \u00e9tablisse, au niveau du bassin versant, un syst\u00e8me int\u00e9gr\u00e9 d\u2019information sur l\u2019eau qui permet un suivi r\u00e9gulier de l\u2019eau et des milieux aquatiques en mati\u00e8re de quantit\u00e9 et de qualit\u00e9, de l\u2019utilisation de l\u2019eau, des \u00e9cosyst\u00e8mes et de leur fonctionnement et des risques li\u00e9s \u00e0 l\u2019eau et \u00e0 leur \u00e9volution.<\/span><\/p>\n<p class=\"p1\"><span class=\"s1\">La finalit\u00e9 \u00e9tant de rendre l\u2019information accessible au plus large public. En outre, le projet vise aussi \u00e0 renforcer les capacit\u00e9s des institutions impliqu\u00e9es dans la gestion des ressources en eau dans la zone du projet (rationalisation, \u00e9conomie de l\u2019utilisation de l\u2019eau, contr\u00f4le des pr\u00e9l\u00e8vements). Afin d\u2019assurer le suivi de l\u2019aquif\u00e8re du Sa\u00efss, un ensemble de m\u00e9canismes doit donc \u00eatre mis en place en fonction du Plan directeur d\u2019am\u00e9nagement int\u00e9gr\u00e9 des ressources en eau de Sebou. Ce dernier compte parmi ses objectifs la mise en \u0153uvre d\u2019un contrat aquif\u00e8re entre les parties concern\u00e9es. Cela consiste \u00e0 contr\u00f4ler le pr\u00e9l\u00e8vement d\u2019eau souterraine de l\u2019aquif\u00e8re du Sa\u00efss. Dans ce sens, le contrat aquif\u00e8re d\u00e9finit entre autres le plan d\u2019action, ses objectifs, sa dur\u00e9e, son financement, les droits et obligations des usagers de l\u2019eau, ainsi que l\u2019administration et les diff\u00e9rents partenaires concern\u00e9s. Il d\u00e9termine aussi les r\u00e8gles et le cadre permettant aux usagers de l\u2019eau de participer \u00e0 la gestion et au contr\u00f4le de l\u2019utilisation de l\u2019eau.<\/span><\/p>\n<p>Auteur: Ouchagour Leila<br \/>\n<a href=\"http:\/\/aujourdhui.ma\/economie\/utilisation-durable-des-eaux-de-la-plaine-du-saiss-le-projet-damenagement-hydro-agricole-avance-a-grands-pas\">Cliquez ici pour lire l&rsquo;article depuis sa source.<\/a><\/p>\n","protected":false},"excerpt":{"rendered":"<p>L\u2019optimisation et la gestion durable des ressources en eau sont essentielles pour l\u2019irrigation des activit\u00e9s agricoles. Une approche qui n\u00e9cessite le suivi environnemental et la surveillance des eaux souterraines dans les zones les plus concern\u00e9es. C\u2019est la d\u00e9marche adopt\u00e9e par le minist\u00e8re de l\u2019agriculture, de la p\u00eache maritime, du d\u00e9veloppement rural et des eaux et [&hellip;]<\/p>\n","protected":false},"author":1759,"featured_media":0,"comment_status":"closed","ping_status":"closed","sticky":false,"template":"","format":"standard","meta":{"fifu_image_url":"","fifu_image_alt":"","footnotes":""},"categories":[73,54],"tags":[],"class_list":["post-73891","post","type-post","status-publish","format-standard","hentry","category-actualite","category-maroc"],"_links":{"self":[{"href":"https:\/\/linitiative.ca\/International\/wp-json\/wp\/v2\/posts\/73891","targetHints":{"allow":["GET"]}}],"collection":[{"href":"https:\/\/linitiative.ca\/International\/wp-json\/wp\/v2\/posts"}],"about":[{"href":"https:\/\/linitiative.ca\/International\/wp-json\/wp\/v2\/types\/post"}],"author":[{"embeddable":true,"href":"https:\/\/linitiative.ca\/International\/wp-json\/wp\/v2\/users\/1759"}],"replies":[{"embeddable":true,"href":"https:\/\/linitiative.ca\/International\/wp-json\/wp\/v2\/comments?post=73891"}],"version-history":[{"count":0,"href":"https:\/\/linitiative.ca\/International\/wp-json\/wp\/v2\/posts\/73891\/revisions"}],"wp:attachment":[{"href":"https:\/\/linitiative.ca\/International\/wp-json\/wp\/v2\/media?parent=73891"}],"wp:term":[{"taxonomy":"category","embeddable":true,"href":"https:\/\/linitiative.ca\/International\/wp-json\/wp\/v2\/categories?post=73891"},{"taxonomy":"post_tag","embeddable":true,"href":"https:\/\/linitiative.ca\/International\/wp-json\/wp\/v2\/tags?post=73891"}],"curies":[{"name":"wp","href":"https:\/\/api.w.org\/{rel}","templated":true}]}}