{"id":73892,"date":"2020-01-23T07:15:37","date_gmt":"2020-01-23T12:15:37","guid":{"rendered":"https:\/\/linitiative.ca\/International\/finance-bmce-bank-of-africa-cloture-la-3eme-edition-a-tanger\/"},"modified":"2020-01-23T07:15:37","modified_gmt":"2020-01-23T12:15:37","slug":"finance-bmce-bank-of-africa-cloture-la-3eme-edition-a-tanger","status":"publish","type":"post","link":"https:\/\/linitiative.ca\/International\/finance-bmce-bank-of-africa-cloture-la-3eme-edition-a-tanger\/","title":{"rendered":"Finance : BMCE Bank of Africa cl\u00f4ture la 3\u00e8me \u00e9dition \u00e0 Tanger"},"content":{"rendered":"<p><img decoding=\"async\" class=\"post_layout_5_img\" src=\"http:\/\/aujourdhui.ma\/wp-content\/uploads\/2020\/01\/BMCE-Bank-of-Africa.jpg?x29840\" alt=\"Finance : BMCE Bank of Africa cl\u00f4ture la 3\u00e8me \u00e9dition \u00e0 Tanger\"\/><\/p>\n<p class=\"p1\"><span class=\"c5\"><strong><span class=\"c4\"><em>Cycle de conf\u00e9rences r\u00e9gionales sur la loi de Finances<\/em><\/span><\/strong><\/span><span id=\"more-330766\"\/><\/p>\n<div class=\"base-box mom_box_sc_custom mom_box_sc clear c6\" readability=\"15\">\n<p class=\"p1\"><span class=\"s1\"><strong>Cet \u00e9v\u00e9nement a pu mobiliser de centaines de participants \u00e0 travers les huit villes sillonn\u00e9es, notamment<span class=\"Apple-converted-space\">\u00a0<\/span> Tanger, Oujda, Nador, F\u00e8s, Agadir, Marrakech, Casablanca et Rabat.<\/strong><\/span><\/p>\n<\/div>\n<p class=\"p1\"><span class=\"s1\">BMCE Bank of Africa a mis le cap, mardi 21 janvier, \u00e0 Tanger, consid\u00e9r\u00e9e comme derni\u00e8re \u00e9tape de sa tourn\u00e9e \u00e0 travers le Maroc. Destin\u00e9e \u00e0 sa client\u00e8le professionnelle et entreprise de la r\u00e9gion du Nord, cette rencontre s\u2019inscrivait dans le cadre de la troisi\u00e8me \u00e9dition du cycle de conf\u00e9rences r\u00e9gionales sur la loi de Finances, dont les travaux ont \u00e9t\u00e9 anim\u00e9s par les professionnels du groupe bancaire et d\u2019experts- comptables de r\u00e9f\u00e9rence. Ce rendez-vous visait \u00e0 <em>\u00abexpliciter les particularit\u00e9s et dispositions de cette nouvelle loi de Finances et r\u00e9pondre \u00e0 un certain nombre de questions relatives notamment \u00e0 la contribution lib\u00e9ratoire, que ce soit la reconduction sur la partie devises mais aussi sur la partie dirhams\u00bb<\/em>, a indiqu\u00e9 Omar Tazi, directeur g\u00e9n\u00e9ral d\u00e9l\u00e9gu\u00e9 en charge de la Banque au Maroc.<\/span><\/p>\n<p class=\"p1\"><span class=\"s1\">Le Groupe Bank of Africa s\u2019est engag\u00e9, a poursuivi M. Tazi, dans de nouveaux programmes de soutien \u00e0 la TPE et la PME, et ce conform\u00e9ment aux orientations \u00e9mises lors du discours royal du 11 octobre 2019.<\/span><\/p>\n<p class=\"p1\"><span class=\"s1\"><em>\u00abNous voulons ainsi \u00eatre encore plus proches des TPE et des PME, de chefs entrepreneurs et de jeunes cr\u00e9ateurs d\u2019entreprise, et de leur apporter tout notre soutien, que ce soit en mati\u00e8re d\u2019accompagnement et de formation, mais aussi et surtout en mati\u00e8re de financement\u00bb,<\/em> a-t-il soulign\u00e9. Cette \u00e9tape de Tanger vient d\u2019avoir lieu, selon les organisateurs, apr\u00e8s les sept s\u00e9minaires r\u00e9ussis mobilisant plus de 600 participants \u00e0 Oujda, Nador, F\u00e8s, Agadir, Marrakech, Casablanca et Rabat. <em>\u00abCe genre de rendez-vous nous permet de nous rapprocher davantage \u00e0 notre portefeuille relationnel et r\u00e9pondre aux diff\u00e9rentes questions pos\u00e9es dans le cadre des amendements de la nouvelle loi de Finances\u00bb<\/em>, a affirm\u00e9 le directeur r\u00e9gional de BMCE Bank of Africa au Nord M\u00e9diterran\u00e9e, Fahim Idrissi, tout en soulignant l\u2019importance de la r\u00e9gion du Nord qui <em>\u00abconna\u00eet des projets d\u2019infrastructures de taille et occupe l\u2019int\u00e9r\u00eat de hautes instances d\u00e9cisionnelles \u00e0 l\u2019\u00e9chelle nationale et m\u00eame au niveau international\u00bb.<\/em> Intervenant \u00e0 cette occasion, El Mehdi Fakir, expert-comptable et conseiller juridique et fiscal, charg\u00e9 de l\u2019animation de cette huiti\u00e8me \u00e9tape, a qualifi\u00e9 la nouvelle loi des Finance 2020 de transitoire par excellence ayant fait de la mise en place des m\u00e9canismes de la protection sociale ainsi que le soutien de l\u2019entreprise et de l\u2019investissement parmi ses priorit\u00e9s. Il a poursuivi que cette nouvelle loi comporte plusieurs mesures visant \u00e0 renforcer la confiance (avec les op\u00e9rateurs et avec l\u2019administration) et pour r\u00e9\u00e9quilibrer la fiscalit\u00e9 au profit de l\u2019entrepreneuriat.<\/span><\/p>\n<p class=\"p1\"><span class=\"s1\">Notons que depuis son lancement en 2017, le cycle de conf\u00e9rences r\u00e9gionales sur la loi de Finances a pu mobiliser plus de 1800 participants \u00e0 travers les huit \u00e9tapes r\u00e9gionales sillonn\u00e9es par l\u2019\u00e9quipe BMCE Bank.<\/span><\/p>\n<p>Auteur: Najat Fa\u00efssal<br \/>\n<a href=\"http:\/\/aujourdhui.ma\/economie\/finance-bmce-bank-of-africa-cloture-la-3eme-edition-a-tanger\">Cliquez ici pour lire l&rsquo;article depuis sa source.<\/a><\/p>\n","protected":false},"excerpt":{"rendered":"<p>Cycle de conf\u00e9rences r\u00e9gionales sur la loi de Finances Cet \u00e9v\u00e9nement a pu mobiliser de centaines de participants \u00e0 travers les huit villes sillonn\u00e9es, notamment\u00a0 Tanger, Oujda, Nador, F\u00e8s, Agadir, Marrakech, Casablanca et Rabat. BMCE Bank of Africa a mis le cap, mardi 21 janvier, \u00e0 Tanger, consid\u00e9r\u00e9e comme derni\u00e8re \u00e9tape de sa tourn\u00e9e \u00e0 [&hellip;]<\/p>\n","protected":false},"author":1759,"featured_media":0,"comment_status":"closed","ping_status":"closed","sticky":false,"template":"","format":"standard","meta":{"fifu_image_url":"","fifu_image_alt":"","footnotes":""},"categories":[73,54],"tags":[],"class_list":["post-73892","post","type-post","status-publish","format-standard","hentry","category-actualite","category-maroc"],"_links":{"self":[{"href":"https:\/\/linitiative.ca\/International\/wp-json\/wp\/v2\/posts\/73892","targetHints":{"allow":["GET"]}}],"collection":[{"href":"https:\/\/linitiative.ca\/International\/wp-json\/wp\/v2\/posts"}],"about":[{"href":"https:\/\/linitiative.ca\/International\/wp-json\/wp\/v2\/types\/post"}],"author":[{"embeddable":true,"href":"https:\/\/linitiative.ca\/International\/wp-json\/wp\/v2\/users\/1759"}],"replies":[{"embeddable":true,"href":"https:\/\/linitiative.ca\/International\/wp-json\/wp\/v2\/comments?post=73892"}],"version-history":[{"count":0,"href":"https:\/\/linitiative.ca\/International\/wp-json\/wp\/v2\/posts\/73892\/revisions"}],"wp:attachment":[{"href":"https:\/\/linitiative.ca\/International\/wp-json\/wp\/v2\/media?parent=73892"}],"wp:term":[{"taxonomy":"category","embeddable":true,"href":"https:\/\/linitiative.ca\/International\/wp-json\/wp\/v2\/categories?post=73892"},{"taxonomy":"post_tag","embeddable":true,"href":"https:\/\/linitiative.ca\/International\/wp-json\/wp\/v2\/tags?post=73892"}],"curies":[{"name":"wp","href":"https:\/\/api.w.org\/{rel}","templated":true}]}}