{"id":73893,"date":"2020-01-23T07:50:52","date_gmt":"2020-01-23T12:50:52","guid":{"rendered":"https:\/\/linitiative.ca\/International\/pour-sa-deuxieme-conference-annuelle-renaissance-capital-reunit-les-investisseurs-au-maroc\/"},"modified":"2020-01-23T07:50:52","modified_gmt":"2020-01-23T12:50:52","slug":"pour-sa-deuxieme-conference-annuelle-renaissance-capital-reunit-les-investisseurs-au-maroc","status":"publish","type":"post","link":"https:\/\/linitiative.ca\/International\/pour-sa-deuxieme-conference-annuelle-renaissance-capital-reunit-les-investisseurs-au-maroc\/","title":{"rendered":"Pour sa deuxi\u00e8me conf\u00e9rence annuelle : Renaissance Capital r\u00e9unit les investisseurs au Maroc"},"content":{"rendered":"<p><img decoding=\"async\" class=\"post_layout_5_img\" src=\"http:\/\/aujourdhui.ma\/wp-content\/uploads\/2020\/01\/Renaissance-Capital-Maroc.jpg?x29840\" alt=\"Pour sa deuxi\u00e8me conf\u00e9rence annuelle : Renaissance Capital r\u00e9unit les investisseurs au Maroc\"\/><\/p>\n<p class=\"p1\"><span class=\"c4\"><strong><span class=\"s1\">Apr\u00e8s une premi\u00e8re \u00e9dition tenue \u00e0 Londres, Renaissance Capital, banque d\u2019affaires leader sur les march\u00e9s \u00e9mergents, a port\u00e9 son choix sur la ville de Marrakech pour tenir sa deuxi\u00e8me conf\u00e9rence annuelle des investisseurs en Afrique du Nord et ce les 22 et 23 janvier.<\/span><\/strong><\/span><span id=\"more-330798\"\/><\/p>\n<p class=\"p1\"><span class=\"s1\">C\u2019est la premi\u00e8re fois que la banque organise son \u00e9v\u00e9nement phare pour l\u2019Afrique du Nord au Maroc.<\/span><\/p>\n<p class=\"p1\"><span class=\"s1\">Cette conf\u00e9rence a regroup\u00e9 une pl\u00e9iade de personnalit\u00e9s du monde politique et \u00e9conomique dont l\u2019objectif commun \u00e9tait ax\u00e9 sur la comp\u00e9titivit\u00e9 et l\u2019industrialisation des pays de la r\u00e9gion MENA.<\/span><\/p>\n<p class=\"p1\"><span class=\"s1\">Le sujet a \u00e9t\u00e9 longuement d\u00e9battu lors de la table ronde \u00abAccompagner l\u2019industrialisation dans un nouveau paradigme \u00e9conomique\u00bb organis\u00e9e par des dirigeants de grandes entreprises marocaines et \u00e9gyptiennes.<\/span><\/p>\n<p class=\"p1\"><span class=\"s1\">Dans son discours d\u2019ouverture, Christophe Charlier, pr\u00e9sident du conseil d\u2019administration de Renaissance Capital, a d\u00e9clar\u00e9: <em>\u00abIl est vrai que la r\u00e9gion nord-africaine est confront\u00e9e \u00e0 de nombreux d\u00e9fis. Toutefois, nous pensons que les changements prometteurs qui se produisent sur bon nombre des plus grands march\u00e9s de la r\u00e9gion, comme le Maroc et l\u2019\u00c9gypte, devrait contribuer \u00e0 pallier certaines de ces lacunes. En outre, le march\u00e9 des capitaux des deux \u00e9conomies devraient conna\u00eetre de nouvelles \u00e9missions d\u2019actions, soit par le biais de soci\u00e9t\u00e9s priv\u00e9es cherchant \u00e0 acc\u00e9der au march\u00e9 des capitaux, soit par le biais d\u2019un certain nombre d\u2019op\u00e9rations de privatisation. Nous sommes fiers d\u2019avoir \u00e9t\u00e9 mandat\u00e9s pour certaines de ces transactions\u00bb.<\/em><\/span><\/p>\n<p class=\"p1\"><span class=\"s1\">De son c\u00f4t\u00e9, Charles Robertson, \u00e9conomiste en chef monde de Renaissance Capital, a abord\u00e9 le sujet dans sa pr\u00e9sentation \u00abUne nouvelle vague d\u2019industrialisation en Afrique du Nord\u00bb et a d\u00e9clar\u00e9 que <em>\u00abla proximit\u00e9 avec l\u2019UE et les niveaux de salaire en \u00c9gypte et au Maroc, qui repr\u00e9sentent 20 \u00e0 50% des niveaux observables en Europe centrale et 7 \u00e0 17% du niveau fran\u00e7ais, signifie que les investissements directs \u00e9trangers (IDE) devraient continuer \u00e0 affluer vers le Maroc et que les IDE manufacturiers pourraient bient\u00f4t atteindre l\u2019\u00c9gypte \u00e9galement. Il s\u2019agit d\u2019\u00e9l\u00e9ments favorables qui motivent l\u2019organisation de notre conf\u00e9rence consacr\u00e9e \u00e0 l\u2019Afrique du Nord au Maroc\u00bb<\/em>.<\/span><\/p>\n<p class=\"p1\"><span class=\"s1\">Plein d\u2019optimisme, Amr Helal, PDG Afrique du Nord de Renaissance Capital, n\u2019a pas manqu\u00e9 de faire des pr\u00e9dictions quant au d\u00e9veloppement de l\u2019Afrique du Nord en g\u00e9n\u00e9ral et du Maroc en particulier. <em>\u00abNous sommes ravis d\u2019accueillir tout le monde \u00e0 notre conf\u00e9rence annuelle des investisseurs d\u2019Afrique du Nord au Maroc, qui reste l\u2019un des pays les plus stables de la r\u00e9gion sur les plans politique et \u00e9conomique. Nous appr\u00e9cions particuli\u00e8rement le fait que le Maroc s\u2019industrialise et nous pensons que l\u2019\u00e9conomie peut cro\u00eetre de 4 \u00e0 5% dans un sc\u00e9nario de base dans les ann\u00e9es 2020 et de 5 \u00e0 6% dans un sc\u00e9nario positif, ce qui devrait entra\u00eener une hausse de la cote de cr\u00e9dit\u00bb<\/em>, a t-il soulign\u00e9.<\/span><\/p>\n<p class=\"p1\"><span class=\"s1\">Deux jours durant, la conf\u00e9rence a rassembl\u00e9 les principales entreprises de la r\u00e9gion \u2013 repr\u00e9sentant plus de 10 secteurs diff\u00e9rents, de la vente au d\u00e9tail aux soins de sant\u00e9, en passant par la finance et l\u2019industrie \u2013 et les a mises en relation avec les principaux investisseurs institutionnels mondiaux et locaux.<\/span><\/p>\n<p class=\"p1\"><span class=\"s1\">Plus de 100 d\u00e9l\u00e9gu\u00e9s ont pris part \u00e0 la deuxi\u00e8me conf\u00e9rence annuelle des investisseurs de Renaissance Capital en Afrique du Nord. Des r\u00e9unions ont eu lieu entre plus de 20 entreprises du Maroc et d\u2019\u00c9gypte et 18 fonds d\u2019investissement internationaux en provenance de l\u2019\u00eele Maurice, de Singapour, d\u2019Afrique du Sud, de Su\u00e8de, de Suisse, des \u00c9mirats Arabes Unis, du Royaume-Uni et des \u00c9tats-Unis et dont les actifs sous gestion cumul\u00e9s exc\u00e8dent 2.000 milliards de dollars. Rappelons que Renaissance Capital, fond\u00e9e en 1995, est une banque d\u2019investissement de premier plan pour les march\u00e9s \u00e9mergents et les march\u00e9s fronti\u00e8res, qui donne acc\u00e8s \u00e0 50 march\u00e9s dans le monde entier, avec des op\u00e9rations en Afrique, en Europe centrale et orientale, en Am\u00e9rique du Nord et en Asie.<\/span><\/p>\n<p>Auteur: Hakim Bahechar<br \/>\n<a href=\"http:\/\/aujourdhui.ma\/economie\/pour-sa-deuxieme-conference-annuelle-renaissance-capital-reunit-les-investisseurs-au-maroc\">Cliquez ici pour lire l&rsquo;article depuis sa source.<\/a><\/p>\n","protected":false},"excerpt":{"rendered":"<p>Apr\u00e8s une premi\u00e8re \u00e9dition tenue \u00e0 Londres, Renaissance Capital, banque d\u2019affaires leader sur les march\u00e9s \u00e9mergents, a port\u00e9 son choix sur la ville de Marrakech pour tenir sa deuxi\u00e8me conf\u00e9rence annuelle des investisseurs en Afrique du Nord et ce les 22 et 23 janvier. C\u2019est la premi\u00e8re fois que la banque organise son \u00e9v\u00e9nement phare [&hellip;]<\/p>\n","protected":false},"author":1759,"featured_media":0,"comment_status":"closed","ping_status":"closed","sticky":false,"template":"","format":"standard","meta":{"fifu_image_url":"","fifu_image_alt":"","footnotes":""},"categories":[73,54],"tags":[],"class_list":["post-73893","post","type-post","status-publish","format-standard","hentry","category-actualite","category-maroc"],"_links":{"self":[{"href":"https:\/\/linitiative.ca\/International\/wp-json\/wp\/v2\/posts\/73893","targetHints":{"allow":["GET"]}}],"collection":[{"href":"https:\/\/linitiative.ca\/International\/wp-json\/wp\/v2\/posts"}],"about":[{"href":"https:\/\/linitiative.ca\/International\/wp-json\/wp\/v2\/types\/post"}],"author":[{"embeddable":true,"href":"https:\/\/linitiative.ca\/International\/wp-json\/wp\/v2\/users\/1759"}],"replies":[{"embeddable":true,"href":"https:\/\/linitiative.ca\/International\/wp-json\/wp\/v2\/comments?post=73893"}],"version-history":[{"count":0,"href":"https:\/\/linitiative.ca\/International\/wp-json\/wp\/v2\/posts\/73893\/revisions"}],"wp:attachment":[{"href":"https:\/\/linitiative.ca\/International\/wp-json\/wp\/v2\/media?parent=73893"}],"wp:term":[{"taxonomy":"category","embeddable":true,"href":"https:\/\/linitiative.ca\/International\/wp-json\/wp\/v2\/categories?post=73893"},{"taxonomy":"post_tag","embeddable":true,"href":"https:\/\/linitiative.ca\/International\/wp-json\/wp\/v2\/tags?post=73893"}],"curies":[{"name":"wp","href":"https:\/\/api.w.org\/{rel}","templated":true}]}}