{"id":73898,"date":"2020-01-23T13:04:20","date_gmt":"2020-01-23T18:04:20","guid":{"rendered":"https:\/\/linitiative.ca\/International\/publication-de-louvrage-ladministration-electronique-un-systeme-technique-et-humain-integre\/"},"modified":"2020-01-23T13:04:20","modified_gmt":"2020-01-23T18:04:20","slug":"publication-de-louvrage-ladministration-electronique-un-systeme-technique-et-humain-integre","status":"publish","type":"post","link":"https:\/\/linitiative.ca\/International\/publication-de-louvrage-ladministration-electronique-un-systeme-technique-et-humain-integre\/","title":{"rendered":"Publication de l&rsquo;ouvrage \u00ab\u00a0l&rsquo;administration \u00e9lectronique, un syst\u00e8me technique et humain int\u00e9gr\u00e9\u00a0\u00bb"},"content":{"rendered":"<p><span class=\"sp-nh-title\">Cl\u00f4ture du salon \u2018\u2019 Tizi n\u2019udlis\u2019\u2019: faire sortir le livre des \u00e9tablissements vers les places publiques<\/span> &#8211; <span class=\"sp-nh-date\">jeudi 23 janvier 2020 18:34<\/span><\/p>\n<p><span class=\"sp-nh-title\">Crise libyenne: le ministre malien des AE insiste sur l&rsquo;importance de conforter le r\u00f4le de l&rsquo;UA<\/span> &#8211; <span class=\"sp-nh-date\">jeudi 23 janvier 2020 18:25<\/span><\/p>\n<p><span class=\"sp-nh-title\">R\u00e9union d&rsquo;Alger sur la Libye: n\u00e9cessit\u00e9 d&rsquo;associer les pays voisins et l&rsquo;UA aux initiatives de r\u00e8glement de la crise<\/span> &#8211; <span class=\"sp-nh-date\">jeudi 23 janvier 2020 18:22<\/span><\/p>\n<p><span class=\"sp-nh-title\">La loi de finances 2020: des dispositions fiscales \u00e0 g\u00e9rer avec r\u00e9alisme et lucidit\u00e9<\/span> &#8211; <span class=\"sp-nh-date\">jeudi 23 janvier 2020 18:19<\/span><\/p>\n<p><span class=\"sp-nh-title\">Pr\u00e9sident Tebboune: n\u00e9cessit\u00e9 de construire une \u00e9conomie bas\u00e9e sur la production et les start-ups<\/span> &#8211; <span class=\"sp-nh-date\">jeudi 23 janvier 2020 18:10<\/span><\/p>\n<p><span class=\"sp-nh-title\">Le Pr\u00e9sident Tebboune re\u00e7oit les MAE participant \u00e0 la r\u00e9union des pays voisins de la Libye<\/span> &#8211; <span class=\"sp-nh-date\">jeudi 23 janvier 2020 17:55<\/span><\/p>\n<p><span class=\"sp-nh-title\">Le Pr\u00e9sident Tebboune confirme la poursuite des consultations politiques pour parvenir \u00e0 une Constitution consensuelle<\/span> &#8211; <span class=\"sp-nh-date\">jeudi 23 janvier 2020 17:25<\/span><\/p>\n<p><span class=\"sp-nh-title\">ANIE: l&rsquo;\u00e9dification d&rsquo;une Alg\u00e9rie nouvelle exige la contribution de l&rsquo;\u00e9lite nationale<\/span> &#8211; <span class=\"sp-nh-date\">jeudi 23 janvier 2020 17:18<\/span><\/p>\n<p><span class=\"sp-nh-title\">Sahara occidental: les d\u00e9cisions de la Centrafrique et Sao Tom\u00e9-et-principe, une violation du droit international<\/span> &#8211; <span class=\"sp-nh-date\">jeudi 23 janvier 2020 17:14<\/span><\/p>\n<p><span class=\"sp-nh-title\">Habitat: Installation de Tarek Belaribi au poste de DG de l&rsquo;AADL<\/span> &#8211; <span class=\"sp-nh-date\">jeudi 23 janvier 2020 17:08<\/span><\/p>\n<p><span class=\"sp-nh-title\">Premi\u00e8re \u00e9dition du Salon de l&rsquo;entrepreneuriat \u00e0 Alger et Oran<\/span> &#8211; <span class=\"sp-nh-date\">jeudi 23 janvier 2020 17:05<\/span><\/p>\n<p><span class=\"sp-nh-title\">Hand\/CAN-2020 (demi-finales): 18e confrontation alg\u00e9ro-\u00e9gyptienne vendredi \u00e0 Rad\u00e8s<\/span> &#8211; <span class=\"sp-nh-date\">jeudi 23 janvier 2020 16:47<\/span><\/p>\n<p><span class=\"sp-nh-title\">Entrevue du Pr\u00e9sident de la R\u00e9publique accord\u00e9e aux m\u00e9dias nationaux<\/span> &#8211; <span class=\"sp-nh-date\">jeudi 23 janvier 2020 16:33<\/span><\/p>\n<p><span class=\"sp-nh-title\">Libye: rejet de l&rsquo;ing\u00e9rence \u00e9trang\u00e8re et insistance sur la prohibition des armes<\/span> &#8211; <span class=\"sp-nh-date\">jeudi 23 janvier 2020 16:16<\/span><\/p>\n<p><span class=\"sp-nh-title\">R\u00e9union d&rsquo;Alger sur la Libye: appels \u00e0 acc\u00e9lerer le r\u00e8glement de la crise<\/span> &#8211; <span class=\"sp-nh-date\">jeudi 23 janvier 2020 15:56<\/span><\/p>\n<p><span class=\"sp-nh-title\">Le gouvernement ne m\u00e9nagera aucun effort pour r\u00e9soudre les difficult\u00e9s r\u00e9currentes du citoyen<\/span> &#8211; <span class=\"sp-nh-date\">jeudi 23 janvier 2020 15:34<\/span><\/p>\n<p><span class=\"sp-nh-title\">S\u00fbret\u00e9 nationale: 206 inspecteurs principaux promus au grade de lieutenant de police<\/span> &#8211; <span class=\"sp-nh-date\">jeudi 23 janvier 2020 15:24<\/span><\/p>\n<p><span class=\"sp-nh-title\">M\u2019sila: production de plus de 300 000 qx de viandes blanches en 2019<\/span> &#8211; <span class=\"sp-nh-date\">jeudi 23 janvier 2020 14:50<\/span><\/p>\n<p><span class=\"sp-nh-title\">Ghardaia : acquisition de mat\u00e9riel biom\u00e9dical moderne pour plus de 600 millions DA<\/span> &#8211; <span class=\"sp-nh-date\">jeudi 23 janvier 2020 14:30<\/span><\/p>\n<p><span class=\"sp-nh-title\">R\u00e8glement de la crise libyenne: la r\u00e9union d&rsquo;Alger, une rencontre pour affirmer la n\u00e9cessit\u00e9 de la coordination<\/span> &#8211; <span class=\"sp-nh-date\">jeudi 23 janvier 2020 14:04<\/span><\/p>\n<p>Auteur:<br \/>\n<a href=\"http:\/\/www.aps.dz\/culture\/100510-publication-de-l-ouvrage-l-administration-electronique-un-systeme-technique-et-humain-integre\">Cliquez ici pour lire l&rsquo;article depuis sa source.<\/a><\/p>\n","protected":false},"excerpt":{"rendered":"<p>Cl\u00f4ture du salon \u2018\u2019 Tizi n\u2019udlis\u2019\u2019: faire sortir le livre des \u00e9tablissements vers les places publiques &#8211; jeudi 23 janvier 2020 18:34 Crise libyenne: le ministre malien des AE insiste sur l&rsquo;importance de conforter le r\u00f4le de l&rsquo;UA &#8211; jeudi 23 janvier 2020 18:25 R\u00e9union d&rsquo;Alger sur la Libye: n\u00e9cessit\u00e9 d&rsquo;associer les pays voisins et [&hellip;]<\/p>\n","protected":false},"author":1790,"featured_media":0,"comment_status":"closed","ping_status":"closed","sticky":false,"template":"","format":"standard","meta":{"fifu_image_url":"","fifu_image_alt":"","footnotes":""},"categories":[53,79],"tags":[],"class_list":["post-73898","post","type-post","status-publish","format-standard","hentry","category-algerie","category-culture"],"_links":{"self":[{"href":"https:\/\/linitiative.ca\/International\/wp-json\/wp\/v2\/posts\/73898","targetHints":{"allow":["GET"]}}],"collection":[{"href":"https:\/\/linitiative.ca\/International\/wp-json\/wp\/v2\/posts"}],"about":[{"href":"https:\/\/linitiative.ca\/International\/wp-json\/wp\/v2\/types\/post"}],"author":[{"embeddable":true,"href":"https:\/\/linitiative.ca\/International\/wp-json\/wp\/v2\/users\/1790"}],"replies":[{"embeddable":true,"href":"https:\/\/linitiative.ca\/International\/wp-json\/wp\/v2\/comments?post=73898"}],"version-history":[{"count":0,"href":"https:\/\/linitiative.ca\/International\/wp-json\/wp\/v2\/posts\/73898\/revisions"}],"wp:attachment":[{"href":"https:\/\/linitiative.ca\/International\/wp-json\/wp\/v2\/media?parent=73898"}],"wp:term":[{"taxonomy":"category","embeddable":true,"href":"https:\/\/linitiative.ca\/International\/wp-json\/wp\/v2\/categories?post=73898"},{"taxonomy":"post_tag","embeddable":true,"href":"https:\/\/linitiative.ca\/International\/wp-json\/wp\/v2\/tags?post=73898"}],"curies":[{"name":"wp","href":"https:\/\/api.w.org\/{rel}","templated":true}]}}