{"id":73900,"date":"2020-01-23T13:04:26","date_gmt":"2020-01-23T18:04:26","guid":{"rendered":"https:\/\/linitiative.ca\/International\/cloture-du-salon-tizi-nudlis-faire-sortir-le-livre-des-etablissements-vers-les-places-publiques\/"},"modified":"2020-01-23T13:04:26","modified_gmt":"2020-01-23T18:04:26","slug":"cloture-du-salon-tizi-nudlis-faire-sortir-le-livre-des-etablissements-vers-les-places-publiques","status":"publish","type":"post","link":"https:\/\/linitiative.ca\/International\/cloture-du-salon-tizi-nudlis-faire-sortir-le-livre-des-etablissements-vers-les-places-publiques\/","title":{"rendered":"Cl\u00f4ture du salon \u2018\u2019 Tizi n\u2019udlis\u2019\u2019: faire sortir le livre des \u00e9tablissements vers les places publiques"},"content":{"rendered":"<div readability=\"37\">\n<p><strong>TIZI-OUZOU- Le livre doit d\u00e9sormais sortir des \u00e9tablissements pour aller dans les places publiques, a indiqu\u00e9jeudi la directrice de la culture de la wilaya de Tizi-Ouzou, Nabila Goumeziane, \u00e0 la cl\u00f4ture de la 12 \u00e9dition du salon du livre \u00ab\u00a0Tizi n\u2019udlis\u00a0\u00bb.<\/strong><\/p>\n<\/div>\n<div readability=\"97.7409883721\">\n<p>Mme Goumeziane a annonc\u00e9 lors de la c\u00e9r\u00e9monie de cl\u00f4ture du Salon, organis\u00e9e \u00e0 la biblioth\u00e8que principale de lecture publique, que le prochain \u00e9v\u00e9nement qui sera consacr\u00e9 au livre se tiendra dans les places publiques au niveau du chef-lieu et dans les villages, afin de le rapprocher du lecteur.<\/p>\n<p>\u00ab\u00a0Nous envisageons prochainement de rapprocher le livre du citoyen et de le faire sortir au niveau des places publiques et ce, dans une d\u00e9marche de proximit\u00e9 entam\u00e9e par la direction de la culture, et que nous comptons consolider avec la contribution de nos partenaire (APC, da\u00efras, mouvement associatifs, comit\u00e9s de villages, direction de l\u2019\u00e9ducation)\u00a0\u00bb, a-t-elle dit.<\/p>\n<blockquote readability=\"15\">\n<p><em><strong>Au niveau du chef-lieu de wilaya, le site qui a \u00e9t\u00e9 retenu pour ce genre d\u2019\u00e9v\u00e9nements est la placette du mus\u00e9e, situ\u00e9e en plein centre-ville, qui \u00ab\u00a0pourra devenir un carrefour des arts, de l\u2019\u00e9criture et de la production\u00a0\u00bb.<\/strong><\/em><\/p>\n<p><em><strong>Les conf\u00e9rences et autres rencontres seront organis\u00e9es au niveau de la biblioth\u00e8que communale qui se trouve au sein m\u00eame du mus\u00e9e de la ville, a-t-elle ajout\u00e9.<\/strong><\/em><\/p>\n<\/blockquote>\n<p>Cette d\u00e9marche sera men\u00e9e aussi au niveau des villages qui sont l\u2019essence m\u00eame de ce patrimoine culturel, a soulign\u00e9 la directrice de la culture qui a observ\u00e9 que l\u2019organisation des villages qui sont structur\u00e9s va contribuer \u00e0 la r\u00e9ussite de cette d\u00e9marche dans une wilaya avide de lecture et qui ne demande que d&rsquo;avoir des livres, a-t-elle observ\u00e9.<\/p>\n<hr\/>\n<h3>Lire aussi: <a href=\"http:\/\/www.aps.dz\/culture\/100401-histoires-populaires-adaptees-en-romans-rehabiliter-le-patrimoine-pour-consolider-l-identite-algerienne\" target=\"_blank\" rel=\"noopener noreferrer\">Histoires populaires adapt\u00e9es en romans : r\u00e9habiliter le patrimoine pour consolider l\u2019identit\u00e9 alg\u00e9rienne<\/a><\/h3>\n<hr\/>\n<p>Elle a rappel\u00e9, \u00e0 ce titre, que la direction de la culture re\u00e7oit r\u00e9guli\u00e8rement des associations et des comit\u00e9s de villages ou de quartiers qui ont cr\u00e9\u00e9 leurs propres biblioth\u00e8ques et qui demandent de dons de livres. D\u2019ailleurs, durant ce Salon du livre \u00ab\u00a0Tizi n\u2019udlis\u00a0\u00bb, le minist\u00e8re de la Culture a fait un don de 3000 titres au profit de la wilaya, pour r\u00e9pondre aux sollicitations de la population, a-t-elle indiqu\u00e9.<\/p>\n<p>Dans cette d\u00e9marche d\u2019aller vers l\u2019autre et de rapprocher le livre du lecteur, le bibliobus de la direction de la culture, riche d\u2019un fond de 10 000 titres, a effectu\u00e9 cinq sorties durant ce Salon vers des communes et villages de la wilaya, en plus de la sortie vers la maison de r\u00e9\u00e9ducation et de r\u00e9insertion et au niveau de la placette Mbarek Ait Menguellet du chef-lieu de wilaya, a indiqu\u00e9 cette m\u00eame responsable.<\/p>\n<p>Elle a aussi annonc\u00e9 que dans le cadre d\u2019un partenariat avec la direction locale de l\u2019\u00e9ducation, ce bibliobus se rendra dans des \u00e9tablissements qui ne disposent pas encore de biblioth\u00e8ques. En outre, ces deux directions travaillent sur un projet \u00ab\u00a0un auteur dans une \u00e9cole\u2019\u2019 qui consiste \u00e0 organiser une rencontre sur diff\u00e9rents th\u00e8me li\u00e9s \u00e0 l\u2019\u00e9criture et au livre, entre un auteur enseign\u00e9 dans le programme scolaire avec les \u00e9l\u00e8ves au sein m\u00eame de leurs \u00e9coles.<\/p>\n<p>Lors de cette m\u00eame c\u00e9r\u00e9monie de cl\u00f4ture Mme Goumeziane a rappel\u00e9 le brassage culturel qui a marqu\u00e9 cette manifestation d\u00e9di\u00e9 au livre et qui a aussi permis de d\u00e9couvrir le riche patrimoine culturel et litt\u00e9raire de la wilaya de Laghouat, notamment \u00e0 travers la c\u00e9l\u00e8bre histoire de \u00ab\u00a0Hiziya\u00a0\u00bb, une histoire d\u2019amour dramatique qui s\u2019est pass\u00e9 dans la r\u00e9gion de Laghouat, fix\u00e9e par Mohamed Ben Guittoune dans un po\u00e8me \u00e9ponyme et adapt\u00e9 en roman par Lazhari Labter, \u00e9galement enfant de cette wilaya.<\/p>\n<\/div>\n<p>Auteur:<br \/>\n<a href=\"http:\/\/www.aps.dz\/culture\/100553-cloture-du-salon-tizi-n-udlis-faire-sortir-le-livre-des-etablissements-vers-les-places-publiques\">Cliquez ici pour lire l&rsquo;article depuis sa source.<\/a><\/p>\n","protected":false},"excerpt":{"rendered":"<p>TIZI-OUZOU- Le livre doit d\u00e9sormais sortir des \u00e9tablissements pour aller dans les places publiques, a indiqu\u00e9jeudi la directrice de la culture de la wilaya de Tizi-Ouzou, Nabila Goumeziane, \u00e0 la cl\u00f4ture de la 12 \u00e9dition du salon du livre \u00ab\u00a0Tizi n\u2019udlis\u00a0\u00bb. Mme Goumeziane a annonc\u00e9 lors de la c\u00e9r\u00e9monie de cl\u00f4ture du Salon, organis\u00e9e \u00e0 [&hellip;]<\/p>\n","protected":false},"author":1790,"featured_media":0,"comment_status":"closed","ping_status":"closed","sticky":false,"template":"","format":"standard","meta":{"fifu_image_url":"","fifu_image_alt":"","footnotes":""},"categories":[53,79],"tags":[],"class_list":["post-73900","post","type-post","status-publish","format-standard","hentry","category-algerie","category-culture"],"_links":{"self":[{"href":"https:\/\/linitiative.ca\/International\/wp-json\/wp\/v2\/posts\/73900","targetHints":{"allow":["GET"]}}],"collection":[{"href":"https:\/\/linitiative.ca\/International\/wp-json\/wp\/v2\/posts"}],"about":[{"href":"https:\/\/linitiative.ca\/International\/wp-json\/wp\/v2\/types\/post"}],"author":[{"embeddable":true,"href":"https:\/\/linitiative.ca\/International\/wp-json\/wp\/v2\/users\/1790"}],"replies":[{"embeddable":true,"href":"https:\/\/linitiative.ca\/International\/wp-json\/wp\/v2\/comments?post=73900"}],"version-history":[{"count":0,"href":"https:\/\/linitiative.ca\/International\/wp-json\/wp\/v2\/posts\/73900\/revisions"}],"wp:attachment":[{"href":"https:\/\/linitiative.ca\/International\/wp-json\/wp\/v2\/media?parent=73900"}],"wp:term":[{"taxonomy":"category","embeddable":true,"href":"https:\/\/linitiative.ca\/International\/wp-json\/wp\/v2\/categories?post=73900"},{"taxonomy":"post_tag","embeddable":true,"href":"https:\/\/linitiative.ca\/International\/wp-json\/wp\/v2\/tags?post=73900"}],"curies":[{"name":"wp","href":"https:\/\/api.w.org\/{rel}","templated":true}]}}