{"id":73902,"date":"2020-01-23T05:00:00","date_gmt":"2020-01-23T10:00:00","guid":{"rendered":"https:\/\/linitiative.ca\/International\/belmadi-le-burkina-faso-est-un-serieux-concurrent\/"},"modified":"2020-01-23T05:00:00","modified_gmt":"2020-01-23T10:00:00","slug":"belmadi-le-burkina-faso-est-un-serieux-concurrent","status":"publish","type":"post","link":"https:\/\/linitiative.ca\/International\/belmadi-le-burkina-faso-est-un-serieux-concurrent\/","title":{"rendered":"Belmadi : \u201cLe Burkina Faso est un s\u00e9rieux concurrent\u201d"},"content":{"rendered":"<div id=\"originalText\" readability=\"124\">\n<p><strong>Pour le s\u00e9lectionneur national, \u201cc\u2019est le d\u00e9but d\u2019une nouvelle aventure\u201d pour les Verts.\u00a0<\/strong><\/p>\n<p>Le s\u00e9lectionneur national Djamel Belmadi estime que le Burkina Faso est un s\u00e9rieux concurrent pour l\u2019Alg\u00e9rie dans ces \u00e9liminatoires de la Coupe du monde Qatar 2022, par rapport aux deux autres adversaires du groupe, le Niger et Djibouti. \u201cNous retrouverons le Burkina Faso que nous avons crois\u00e9 lors des \u00e9liminatoires de la Coupe du monde 2014 avec ce fameux but de Madjid Bougherra qui nous propulse au Mondial, vers le Br\u00e9sil.<\/p>\n<p>C\u2019est vrai que cette s\u00e9lection \u00e9tait absente lors de la derni\u00e8re CAN 2019 en \u00c9gypte, mais pour avoir parl\u00e9 \u00e0 Kabor\u00e9, le capitaine de cette \u00e9quipe, que j\u2019ai rencontr\u00e9 \u00e0 Marseille, m\u2019a expliqu\u00e9 que la s\u00e9lection a \u00e9t\u00e9 malchanceuse en tombant dans un mauvais groupe o\u00f9 elle a rat\u00e9 la qualif de justesse. Donc, ce sera le plus gros morceau, issu du chapeau 2.<\/p>\n<p>Ensuite, il y a le Niger et Djibouti, deux \u00e9quipes sur lesquelles je n\u2019ai pas d\u2019informations pr\u00e9cises\u201d, a comment\u00e9 Belmadi le tirage au sort dans une d\u00e9claration au site officiel de la FAF. Pour le s\u00e9lectionneur national, \u201cc\u2019est le d\u00e9but d\u2019une nouvelle aventure\u201d pour la s\u00e9lection alg\u00e9rienne qui ouvrira une nouvelle page, tout en pr\u00e9servant les acquis de sa derni\u00e8re prestation \u00e0 la CAN 2019.<\/p>\n<p>Dans ce sens, le driver national, aussi passionn\u00e9 soit-il, a d\u00e9j\u00e0 mis en \u0153uvre toute une strat\u00e9gie de travail et de pr\u00e9paration pour aboutir \u00e0 son objectif, \u00e0 savoir assurer la pr\u00e9sence de l\u2019Alg\u00e9rie \u00e0 l\u2019\u00e9dition du Qatar en 2022 apr\u00e8s avoir rat\u00e9 celle de Russie 2018. \u201cNous avons sous les yeux l\u2019ensemble du groupe et nous devons nous mettre s\u00e9rieusement au boulot afin d\u2019approfondir nos connaissances par rapport \u00e0 ces adversaires. Chaque match sera \u00e9videmment une bataille.<\/p>\n<p>C\u2019est une qualification en Coupe du monde qui est au bout\u201d, explique le coach national, et d\u2019ajouter : \u201cNous faisons preuve d\u2019optimisme et allons d\u00e9ployer toutes nos forces et tout notre savoir-faire pour pr\u00e9tendre \u00eatre premiers de ce groupe avant de passer \u00e0 la phase de barrages.\u201d\u00a0 Alors que tous les Alg\u00e9riens voient d\u00e9j\u00e0 l\u2019Alg\u00e9rie au match barrage et m\u00eame au Qatar, Belmadi reste sur ses gardes et avertit : \u201cComme je l\u2019ai souvent dit, et je le r\u00e9p\u00e8te, tout le monde est averti, le chemin est long et compliqu\u00e9.<\/p>\n<p>Chaque match aura sa v\u00e9rit\u00e9, son histoire. Et chaque match sera pr\u00e9par\u00e9 de la mani\u00e8re la plus minutieuse possible.\u201d \u201cAujourd\u2019hui, nous faisons preuve de beaucoup d\u2019humilit\u00e9, m\u00eame avec le titre continental que nous avons obtenu\u201d, dira-t-il, en pr\u00e9cisant que le titre de champion d\u2019Afrique doit \u00eatre une source de motivation pour l\u2019\u00e9quipe afin d\u2019atteindre son objectif.<\/p>\n<p>\u201cCette Coupe d\u2019Afrique que nous avons remport\u00e9e en \u00c9gypte doit \u00eatre une force pour nous, un atout, et non pas une faiblesse en prenant ces matchs-l\u00e0 sans l\u2019ambition n\u00e9cessaire et le s\u00e9rieux qu\u2019il faut. Nous allons donc travailler sur ces adversaires-l\u00e0, il faut que nous puissions accro\u00eetre nos forces et r\u00e9duire nos faiblesses. Bonne chance \u00e0 nous, bonne chance \u00e0 l\u2019Alg\u00e9rie\u201d, esp\u00e8re le driver national.\u00a0<\/p>\n<p>Rien n\u2019emp\u00eache que Djamel Belmadi, au fond de lui, se projette d\u00e9j\u00e0 en phase finale de la Coupe du monde pour avoir d\u00e9clar\u00e9 sur un plateau de t\u00e9l\u00e9vision d\u2019une cha\u00eene fran\u00e7aise, lorsqu\u2019on lui a pos\u00e9 la question par rapport \u00e0 ses ambitions pour le Mondial prochain : \u201cC\u2019est bien de pr\u00e9ciser qu\u2019il faudra d\u2019abord y aller, car ce sera long, difficile et compliqu\u00e9.<\/p>\n<p>Cela\u00a0 va \u00eatre\u00a0 l\u2019objectif\u00a0 de\u00a0 toute mani\u00e8re,\u00a0 ne\u00a0 pas\u00a0 y\u00a0 aller\u00a0 serait\u00a0 un\u00a0 \u00e9chec consid\u00e9rable. Ensuite, d\u00e8s que nous aurons fait le travail et serons qualifi\u00e9s, l\u2019objectif sera de\u00a0 la gagner.\u00a0 Plus\u00a0 s\u00e9rieusement,\u00a0 l\u2019objectif\u00a0 ne\u00a0 sera\u00a0 pas\u00a0 de participer et faire du mieux que l\u2019on peut. Ce sera de tout donner et croire en l\u2019impossible. L\u2019essentiel ne sera pas de participer, les joueurs ont compris le truc, ils ne se fixent aucune limite.\u201d\u00a0<br \/>\u00a0<\/p>\n<p class=\"c6\"><strong>Ahmed Ifticen\u00a0<\/strong><\/p>\n<\/div>\n<div id=\"text_core\" readability=\"124\">\n<p><strong>Pour le s\u00e9lectionneur national, \u201cc\u2019est le d\u00e9but d\u2019une nouvelle aventure\u201d pour les Verts.\u00a0<\/strong><\/p>\n<p>Le s\u00e9lectionneur national Djamel Belmadi estime que le Burkina Faso est un s\u00e9rieux concurrent pour l\u2019Alg\u00e9rie dans ces \u00e9liminatoires de la Coupe du monde Qatar 2022, par rapport aux deux autres adversaires du groupe, le Niger et Djibouti. \u201cNous retrouverons le Burkina Faso que nous avons crois\u00e9 lors des \u00e9liminatoires de la Coupe du monde 2014 avec ce fameux but de Madjid Bougherra qui nous propulse au Mondial, vers le Br\u00e9sil.<\/p>\n<p>C\u2019est vrai que cette s\u00e9lection \u00e9tait absente lors de la derni\u00e8re CAN 2019 en \u00c9gypte, mais pour avoir parl\u00e9 \u00e0 Kabor\u00e9, le capitaine de cette \u00e9quipe, que j\u2019ai rencontr\u00e9 \u00e0 Marseille, m\u2019a expliqu\u00e9 que la s\u00e9lection a \u00e9t\u00e9 malchanceuse en tombant dans un mauvais groupe o\u00f9 elle a rat\u00e9 la qualif de justesse. Donc, ce sera le plus gros morceau, issu du chapeau 2.<\/p>\n<p>Ensuite, il y a le Niger et Djibouti, deux \u00e9quipes sur lesquelles je n\u2019ai pas d\u2019informations pr\u00e9cises\u201d, a comment\u00e9 Belmadi le tirage au sort dans une d\u00e9claration au site officiel de la FAF. Pour le s\u00e9lectionneur national, \u201cc\u2019est le d\u00e9but d\u2019une nouvelle aventure\u201d pour la s\u00e9lection alg\u00e9rienne qui ouvrira une nouvelle page, tout en pr\u00e9servant les acquis de sa derni\u00e8re prestation \u00e0 la CAN 2019.<\/p>\n<p>Dans ce sens, le driver national, aussi passionn\u00e9 soit-il, a d\u00e9j\u00e0 mis en \u0153uvre toute une strat\u00e9gie de travail et de pr\u00e9paration pour aboutir \u00e0 son objectif, \u00e0 savoir assurer la pr\u00e9sence de l\u2019Alg\u00e9rie \u00e0 l\u2019\u00e9dition du Qatar en 2022 apr\u00e8s avoir rat\u00e9 celle de Russie 2018. \u201cNous avons sous les yeux l\u2019ensemble du groupe et nous devons nous mettre s\u00e9rieusement au boulot afin d\u2019approfondir nos connaissances par rapport \u00e0 ces adversaires. Chaque match sera \u00e9videmment une bataille.<\/p>\n<p>C\u2019est une qualification en Coupe du monde qui est au bout\u201d, explique le coach national, et d\u2019ajouter : \u201cNous faisons preuve d\u2019optimisme et allons d\u00e9ployer toutes nos forces et tout notre savoir-faire pour pr\u00e9tendre \u00eatre premiers de ce groupe avant de passer \u00e0 la phase de barrages.\u201d\u00a0 Alors que tous les Alg\u00e9riens voient d\u00e9j\u00e0 l\u2019Alg\u00e9rie au match barrage et m\u00eame au Qatar, Belmadi reste sur ses gardes et avertit : \u201cComme je l\u2019ai souvent dit, et je le r\u00e9p\u00e8te, tout le monde est averti, le chemin est long et compliqu\u00e9.<\/p>\n<p>Chaque match aura sa v\u00e9rit\u00e9, son histoire. Et chaque match sera pr\u00e9par\u00e9 de la mani\u00e8re la plus minutieuse possible.\u201d \u201cAujourd\u2019hui, nous faisons preuve de beaucoup d\u2019humilit\u00e9, m\u00eame avec le titre continental que nous avons obtenu\u201d, dira-t-il, en pr\u00e9cisant que le titre de champion d\u2019Afrique doit \u00eatre une source de motivation pour l\u2019\u00e9quipe afin d\u2019atteindre son objectif.<\/p>\n<p>\u201cCette Coupe d\u2019Afrique que nous avons remport\u00e9e en \u00c9gypte doit \u00eatre une force pour nous, un atout, et non pas une faiblesse en prenant ces matchs-l\u00e0 sans l\u2019ambition n\u00e9cessaire et le s\u00e9rieux qu\u2019il faut. Nous allons donc travailler sur ces adversaires-l\u00e0, il faut que nous puissions accro\u00eetre nos forces et r\u00e9duire nos faiblesses. Bonne chance \u00e0 nous, bonne chance \u00e0 l\u2019Alg\u00e9rie\u201d, esp\u00e8re le driver national.\u00a0<\/p>\n<p>Rien n\u2019emp\u00eache que Djamel Belmadi, au fond de lui, se projette d\u00e9j\u00e0 en phase finale de la Coupe du monde pour avoir d\u00e9clar\u00e9 sur un plateau de t\u00e9l\u00e9vision d\u2019une cha\u00eene fran\u00e7aise, lorsqu\u2019on lui a pos\u00e9 la question par rapport \u00e0 ses ambitions pour le Mondial prochain : \u201cC\u2019est bien de pr\u00e9ciser qu\u2019il faudra d\u2019abord y aller, car ce sera long, difficile et compliqu\u00e9.<\/p>\n<p>Cela\u00a0 va \u00eatre\u00a0 l\u2019objectif\u00a0 de\u00a0 toute mani\u00e8re,\u00a0 ne\u00a0 pas\u00a0 y\u00a0 aller\u00a0 serait\u00a0 un\u00a0 \u00e9chec consid\u00e9rable. Ensuite, d\u00e8s que nous aurons fait le travail et serons qualifi\u00e9s, l\u2019objectif sera de\u00a0 la gagner.\u00a0 Plus\u00a0 s\u00e9rieusement,\u00a0 l\u2019objectif\u00a0 ne\u00a0 sera\u00a0 pas\u00a0 de participer et faire du mieux que l\u2019on peut. Ce sera de tout donner et croire en l\u2019impossible. L\u2019essentiel ne sera pas de participer, les joueurs ont compris le truc, ils ne se fixent aucune limite.\u201d\u00a0<br \/>\u00a0<\/p>\n<p class=\"c6\"><strong>Ahmed Ifticen\u00a0<\/strong><\/p>\n<\/div>\n<p>Auteur:<br \/>\n<a href=\"https:\/\/www.liberte-algerie.com\/sports\/belmadi-le-burkina-faso-est-un-serieux-concurrent-332469\">Cliquez ici pour lire l&rsquo;article depuis sa source.<\/a><\/p>\n","protected":false},"excerpt":{"rendered":"<p>Pour le s\u00e9lectionneur national, \u201cc\u2019est le d\u00e9but d\u2019une nouvelle aventure\u201d pour les Verts.\u00a0 Le s\u00e9lectionneur national Djamel Belmadi estime que le Burkina Faso est un s\u00e9rieux concurrent pour l\u2019Alg\u00e9rie dans ces \u00e9liminatoires de la Coupe du monde Qatar 2022, par rapport aux deux autres adversaires du groupe, le Niger et Djibouti. \u201cNous retrouverons le Burkina [&hellip;]<\/p>\n","protected":false},"author":1742,"featured_media":0,"comment_status":"closed","ping_status":"closed","sticky":false,"template":"","format":"standard","meta":{"fifu_image_url":"","fifu_image_alt":"","footnotes":""},"categories":[73,53],"tags":[],"class_list":["post-73902","post","type-post","status-publish","format-standard","hentry","category-actualite","category-algerie"],"_links":{"self":[{"href":"https:\/\/linitiative.ca\/International\/wp-json\/wp\/v2\/posts\/73902","targetHints":{"allow":["GET"]}}],"collection":[{"href":"https:\/\/linitiative.ca\/International\/wp-json\/wp\/v2\/posts"}],"about":[{"href":"https:\/\/linitiative.ca\/International\/wp-json\/wp\/v2\/types\/post"}],"author":[{"embeddable":true,"href":"https:\/\/linitiative.ca\/International\/wp-json\/wp\/v2\/users\/1742"}],"replies":[{"embeddable":true,"href":"https:\/\/linitiative.ca\/International\/wp-json\/wp\/v2\/comments?post=73902"}],"version-history":[{"count":0,"href":"https:\/\/linitiative.ca\/International\/wp-json\/wp\/v2\/posts\/73902\/revisions"}],"wp:attachment":[{"href":"https:\/\/linitiative.ca\/International\/wp-json\/wp\/v2\/media?parent=73902"}],"wp:term":[{"taxonomy":"category","embeddable":true,"href":"https:\/\/linitiative.ca\/International\/wp-json\/wp\/v2\/categories?post=73902"},{"taxonomy":"post_tag","embeddable":true,"href":"https:\/\/linitiative.ca\/International\/wp-json\/wp\/v2\/tags?post=73902"}],"curies":[{"name":"wp","href":"https:\/\/api.w.org\/{rel}","templated":true}]}}