{"id":73905,"date":"2020-01-23T05:00:00","date_gmt":"2020-01-23T10:00:00","guid":{"rendered":"https:\/\/linitiative.ca\/International\/les-stades-de-bou-saada-et-de-saida-homologues\/"},"modified":"2020-01-23T05:00:00","modified_gmt":"2020-01-23T10:00:00","slug":"les-stades-de-bou-saada-et-de-saida-homologues","status":"publish","type":"post","link":"https:\/\/linitiative.ca\/International\/les-stades-de-bou-saada-et-de-saida-homologues\/","title":{"rendered":"Les stades de Bou-Sa\u00e2da et de Sa\u00efda homologu\u00e9s"},"content":{"rendered":"<div id=\"originalText\" readability=\"49\">\n<p class=\"c6\">La Ligue de football professionnel a homologu\u00e9 les stades Mokhtar-Abdelatif de Bou-Sa\u00e2da et des Fr\u00e8res-Bracci de Sa\u00efda, a indiqu\u00e9 l&rsquo;instance dirigeante de football (LFP). Cette d\u00e9cision a \u00e9t\u00e9 prise suite \u00e0 la visite effectu\u00e9e par la commission d\u2019audit dans ces deux installations, pr\u00e9cise la m\u00eame source.<\/p>\n<p class=\"c6\">Pour rappel, le stade de Bou-Sa\u00e2da, dot\u00e9 d\u2019une nouvelle pelouse synth\u00e9tique, n\u2019a pas \u00e9t\u00e9 autoris\u00e9 \u00e0 accueillir cette saison les matchs de l\u2019ABS en seniors et des r\u00e9serves, contraints \u00e0 jouer leurs rencontres du championnat de Ligue 2 au stade de M\u2019sila. Quant au stade Bracci de Sa\u00efda, construit en 1925, il suppl\u00e9e le stade Opow, dont la pelouse en gazon naturel est devenue impraticable.<\/p>\n<\/div>\n<div id=\"text_core\" readability=\"49\">\n<p class=\"c6\">La Ligue de football professionnel a homologu\u00e9 les stades Mokhtar-Abdelatif de Bou-Sa\u00e2da et des Fr\u00e8res-Bracci de Sa\u00efda, a indiqu\u00e9 l&rsquo;instance dirigeante de football (LFP). Cette d\u00e9cision a \u00e9t\u00e9 prise suite \u00e0 la visite effectu\u00e9e par la commission d\u2019audit dans ces deux installations, pr\u00e9cise la m\u00eame source.<\/p>\n<p class=\"c6\">Pour rappel, le stade de Bou-Sa\u00e2da, dot\u00e9 d\u2019une nouvelle pelouse synth\u00e9tique, n\u2019a pas \u00e9t\u00e9 autoris\u00e9 \u00e0 accueillir cette saison les matchs de l\u2019ABS en seniors et des r\u00e9serves, contraints \u00e0 jouer leurs rencontres du championnat de Ligue 2 au stade de M\u2019sila. Quant au stade Bracci de Sa\u00efda, construit en 1925, il suppl\u00e9e le stade Opow, dont la pelouse en gazon naturel est devenue impraticable.<\/p>\n<\/div>\n<p>Auteur:<br \/>\n<a href=\"https:\/\/www.liberte-algerie.com\/sports\/les-stades-de-bou-saada-et-de-saida-homologues-332466\">Cliquez ici pour lire l&rsquo;article depuis sa source.<\/a><\/p>\n","protected":false},"excerpt":{"rendered":"<p>La Ligue de football professionnel a homologu\u00e9 les stades Mokhtar-Abdelatif de Bou-Sa\u00e2da et des Fr\u00e8res-Bracci de Sa\u00efda, a indiqu\u00e9 l&rsquo;instance dirigeante de football (LFP). Cette d\u00e9cision a \u00e9t\u00e9 prise suite \u00e0 la visite effectu\u00e9e par la commission d\u2019audit dans ces deux installations, pr\u00e9cise la m\u00eame source. Pour rappel, le stade de Bou-Sa\u00e2da, dot\u00e9 d\u2019une nouvelle [&hellip;]<\/p>\n","protected":false},"author":1742,"featured_media":0,"comment_status":"closed","ping_status":"closed","sticky":false,"template":"","format":"standard","meta":{"fifu_image_url":"","fifu_image_alt":"","footnotes":""},"categories":[73,53],"tags":[],"class_list":["post-73905","post","type-post","status-publish","format-standard","hentry","category-actualite","category-algerie"],"_links":{"self":[{"href":"https:\/\/linitiative.ca\/International\/wp-json\/wp\/v2\/posts\/73905","targetHints":{"allow":["GET"]}}],"collection":[{"href":"https:\/\/linitiative.ca\/International\/wp-json\/wp\/v2\/posts"}],"about":[{"href":"https:\/\/linitiative.ca\/International\/wp-json\/wp\/v2\/types\/post"}],"author":[{"embeddable":true,"href":"https:\/\/linitiative.ca\/International\/wp-json\/wp\/v2\/users\/1742"}],"replies":[{"embeddable":true,"href":"https:\/\/linitiative.ca\/International\/wp-json\/wp\/v2\/comments?post=73905"}],"version-history":[{"count":0,"href":"https:\/\/linitiative.ca\/International\/wp-json\/wp\/v2\/posts\/73905\/revisions"}],"wp:attachment":[{"href":"https:\/\/linitiative.ca\/International\/wp-json\/wp\/v2\/media?parent=73905"}],"wp:term":[{"taxonomy":"category","embeddable":true,"href":"https:\/\/linitiative.ca\/International\/wp-json\/wp\/v2\/categories?post=73905"},{"taxonomy":"post_tag","embeddable":true,"href":"https:\/\/linitiative.ca\/International\/wp-json\/wp\/v2\/tags?post=73905"}],"curies":[{"name":"wp","href":"https:\/\/api.w.org\/{rel}","templated":true}]}}