{"id":73906,"date":"2020-01-23T06:31:17","date_gmt":"2020-01-23T11:31:17","guid":{"rendered":"https:\/\/linitiative.ca\/International\/preservation-de-lartisanat-experience-pionniere-du-maroc\/"},"modified":"2020-01-23T06:31:17","modified_gmt":"2020-01-23T11:31:17","slug":"preservation-de-lartisanat-experience-pionniere-du-maroc","status":"publish","type":"post","link":"https:\/\/linitiative.ca\/International\/preservation-de-lartisanat-experience-pionniere-du-maroc\/","title":{"rendered":"Pr\u00e9servation de l\u2019artisanat: Exp\u00e9rience pionni\u00e8re du Maroc"},"content":{"rendered":"<p><iframe loading=\"lazy\" width=\"1170\" height=\"658\" src=\"https:\/\/www.youtube.com\/embed\/moYVH90L7_k?feature=oembed\" frameborder=\"0\" allow=\"accelerometer; autoplay; encrypted-media; gyroscope; picture-in-picture\" allowfullscreen=\"\">[embedded content]<\/iframe><\/p>\n<div class=\"single-post-excerpt post-excerpt-bc\" readability=\"40\">\n<p>Le Maroc dispose d\u2019une exp\u00e9rience pionni\u00e8re en mati\u00e8re de pr\u00e9servation des m\u00e9tiers de l\u2019artisanat menac\u00e9s de disparition, a soulign\u00e9 mardi \u00e0 Marrakech, le directeur de la formation professionnelle et de la formation continue des artisans au minist\u00e8re du Tourisme, de l\u2019Artisanat, du Transport A\u00e9rien et de l\u2019Economie Sociale, Hassan Chouikh.<\/p>\n<\/div>\n<p>Auteur: Meriem IGASS<br \/>\n<a href=\"http:\/\/www.mapmarrakech.ma\/fr\/preservation-de-lartisanat-experience-pionniere-du-maroc\/\">Cliquez ici pour lire l&rsquo;article depuis sa source.<\/a><\/p>\n","protected":false},"excerpt":{"rendered":"<p>[embedded content] Le Maroc dispose d\u2019une exp\u00e9rience pionni\u00e8re en mati\u00e8re de pr\u00e9servation des m\u00e9tiers de l\u2019artisanat menac\u00e9s de disparition, a soulign\u00e9 mardi \u00e0 Marrakech, le directeur de la formation professionnelle et de la formation continue des artisans au minist\u00e8re du Tourisme, de l\u2019Artisanat, du Transport A\u00e9rien et de l\u2019Economie Sociale, Hassan Chouikh. Auteur: Meriem IGASS [&hellip;]<\/p>\n","protected":false},"author":1788,"featured_media":0,"comment_status":"closed","ping_status":"closed","sticky":false,"template":"","format":"standard","meta":{"fifu_image_url":"","fifu_image_alt":"","footnotes":""},"categories":[54,76],"tags":[],"class_list":["post-73906","post","type-post","status-publish","format-standard","hentry","category-maroc","category-regions"],"_links":{"self":[{"href":"https:\/\/linitiative.ca\/International\/wp-json\/wp\/v2\/posts\/73906","targetHints":{"allow":["GET"]}}],"collection":[{"href":"https:\/\/linitiative.ca\/International\/wp-json\/wp\/v2\/posts"}],"about":[{"href":"https:\/\/linitiative.ca\/International\/wp-json\/wp\/v2\/types\/post"}],"author":[{"embeddable":true,"href":"https:\/\/linitiative.ca\/International\/wp-json\/wp\/v2\/users\/1788"}],"replies":[{"embeddable":true,"href":"https:\/\/linitiative.ca\/International\/wp-json\/wp\/v2\/comments?post=73906"}],"version-history":[{"count":0,"href":"https:\/\/linitiative.ca\/International\/wp-json\/wp\/v2\/posts\/73906\/revisions"}],"wp:attachment":[{"href":"https:\/\/linitiative.ca\/International\/wp-json\/wp\/v2\/media?parent=73906"}],"wp:term":[{"taxonomy":"category","embeddable":true,"href":"https:\/\/linitiative.ca\/International\/wp-json\/wp\/v2\/categories?post=73906"},{"taxonomy":"post_tag","embeddable":true,"href":"https:\/\/linitiative.ca\/International\/wp-json\/wp\/v2\/tags?post=73906"}],"curies":[{"name":"wp","href":"https:\/\/api.w.org\/{rel}","templated":true}]}}