{"id":73907,"date":"2020-01-23T06:59:18","date_gmt":"2020-01-23T11:59:18","guid":{"rendered":"https:\/\/linitiative.ca\/International\/9e-rencontre-sur-la-preservation-des-metiers-de-lartisanat-menaces-de-disparition\/"},"modified":"2020-01-23T06:59:18","modified_gmt":"2020-01-23T11:59:18","slug":"9e-rencontre-sur-la-preservation-des-metiers-de-lartisanat-menaces-de-disparition","status":"publish","type":"post","link":"https:\/\/linitiative.ca\/International\/9e-rencontre-sur-la-preservation-des-metiers-de-lartisanat-menaces-de-disparition\/","title":{"rendered":"9\u00e8 Rencontre sur la pr\u00e9servation des m\u00e9tiers de l\u2019artisanat menac\u00e9s de disparition"},"content":{"rendered":"<div class=\"single-featured\"><img alt=\"\" data-src=\"http:\/\/www.mapmarrakech.ma\/map\/uploads\/2020\/01\/videorencontre.jpg\"\/><\/div>\n<div class=\"single-post-excerpt post-excerpt-bc\" readability=\"40\">\n<p>Lors de la 9\u00e8 Rencontre sur la pr\u00e9servation des m\u00e9tiers de l\u2019artisanat menac\u00e9s de disparition, le directeur de la formation professionnelle et de la formation continue des artisans au minist\u00e8re du Tourisme, de l\u2019Artisanat, du Transport A\u00e9rien et de l\u2019Economie Sociale, Hassan Chouikh, a soulign\u00e9 que le Maroc dispose d\u2019une exp\u00e9rience pionni\u00e8re en mati\u00e8re de pr\u00e9servation des m\u00e9tiers de l\u2019artisanat menac\u00e9s de disparition<\/p>\n<\/div>\n<p>Auteur: Meriem IGASS<br \/>\n<a href=\"http:\/\/www.mapmarrakech.ma\/fr\/9e-rencontre-sur-la-preservation-des-metiers-de-lartisanat-menaces-de-disparition\/\">Cliquez ici pour lire l&rsquo;article depuis sa source.<\/a><\/p>\n","protected":false},"excerpt":{"rendered":"<p>Lors de la 9\u00e8 Rencontre sur la pr\u00e9servation des m\u00e9tiers de l\u2019artisanat menac\u00e9s de disparition, le directeur de la formation professionnelle et de la formation continue des artisans au minist\u00e8re du Tourisme, de l\u2019Artisanat, du Transport A\u00e9rien et de l\u2019Economie Sociale, Hassan Chouikh, a soulign\u00e9 que le Maroc dispose d\u2019une exp\u00e9rience pionni\u00e8re en mati\u00e8re de [&hellip;]<\/p>\n","protected":false},"author":1788,"featured_media":73908,"comment_status":"closed","ping_status":"closed","sticky":false,"template":"","format":"standard","meta":{"fifu_image_url":"","fifu_image_alt":"","footnotes":""},"categories":[54,76],"tags":[],"class_list":["post-73907","post","type-post","status-publish","format-standard","has-post-thumbnail","hentry","category-maroc","category-regions"],"_links":{"self":[{"href":"https:\/\/linitiative.ca\/International\/wp-json\/wp\/v2\/posts\/73907","targetHints":{"allow":["GET"]}}],"collection":[{"href":"https:\/\/linitiative.ca\/International\/wp-json\/wp\/v2\/posts"}],"about":[{"href":"https:\/\/linitiative.ca\/International\/wp-json\/wp\/v2\/types\/post"}],"author":[{"embeddable":true,"href":"https:\/\/linitiative.ca\/International\/wp-json\/wp\/v2\/users\/1788"}],"replies":[{"embeddable":true,"href":"https:\/\/linitiative.ca\/International\/wp-json\/wp\/v2\/comments?post=73907"}],"version-history":[{"count":0,"href":"https:\/\/linitiative.ca\/International\/wp-json\/wp\/v2\/posts\/73907\/revisions"}],"wp:featuredmedia":[{"embeddable":true,"href":"https:\/\/linitiative.ca\/International\/wp-json\/"}],"wp:attachment":[{"href":"https:\/\/linitiative.ca\/International\/wp-json\/wp\/v2\/media?parent=73907"}],"wp:term":[{"taxonomy":"category","embeddable":true,"href":"https:\/\/linitiative.ca\/International\/wp-json\/wp\/v2\/categories?post=73907"},{"taxonomy":"post_tag","embeddable":true,"href":"https:\/\/linitiative.ca\/International\/wp-json\/wp\/v2\/tags?post=73907"}],"curies":[{"name":"wp","href":"https:\/\/api.w.org\/{rel}","templated":true}]}}