{"id":73911,"date":"2020-01-23T13:44:40","date_gmt":"2020-01-23T18:44:40","guid":{"rendered":"https:\/\/linitiative.ca\/International\/bordj-bou-arreridj-alimentation-en-eau-potable-avant-lete-de-30-communes\/"},"modified":"2020-01-23T13:44:40","modified_gmt":"2020-01-23T18:44:40","slug":"bordj-bou-arreridj-alimentation-en-eau-potable-avant-lete-de-30-communes","status":"publish","type":"post","link":"https:\/\/linitiative.ca\/International\/bordj-bou-arreridj-alimentation-en-eau-potable-avant-lete-de-30-communes\/","title":{"rendered":"Bordj Bou Arreridj: alimentation en eau potable avant l\u2019\u00e9t\u00e9 de 30 communes"},"content":{"rendered":"<div readability=\"36\">\n<p><strong>BORDJ BOU ARRERIDJ &#8211; Le ministre des Ressources en Eau, Berraki Arezki, a affirm\u00e9 jeudi \u00e0 Bordj Bou Arreridj que l\u2019approvisionnement en eau potable sera quotidiennement assur\u00e9 pour 30 des 34 communes de la wilaya \u00ab\u00a0avant l\u2019av\u00e8nement de l\u2019\u00e9t\u00e9 prochain\u00a0\u00bb.<\/strong><\/p>\n<\/div>\n<div readability=\"67.3125\">\n<p>La ministre a consid\u00e9r\u00e9 que la wilaya est confront\u00e9e \u00e0 un d\u00e9ficit en ressources hydriques estim\u00e9 \u00e0 40 millions m3\/an d\u2019o\u00f9 le recours au renforcement de l\u2019alimentation en eau de 30 communes \u00e0 partir des barrages de Tilesdit (Bouira) et Tichy-Haf (Bejaia) de sorte \u00e0 garantir un approvisionnement quotidien \u00ab\u00a0avant l\u2019installation de la saison chaude de cette ann\u00e9e\u00a0\u00bb.<\/p>\n<p>Il a \u00e9t\u00e9 d\u00e9cid\u00e9 dans ce contexte de r\u00e9habiliter les installations de transfert des eaux du barrage d\u2019Ain Zada (Bordj Bou Arreridj) ainsi que de stockage pour consolider l\u2019alimentation en eau de 11 communes dont celle du chef-lieu de wilaya \u00ab\u00a0\u00e0 partir de d\u00e9but mai prochain\u00a0\u00bb, a indiqu\u00e9 le ministre qui a soulign\u00e9 que l\u2019objectif est de parvenir \u00e0 approvisionner l\u2019ensemble des r\u00e9gions de la wilaya notamment en campagne et zones recul\u00e9es.<\/p>\n<p>Il a ajout\u00e9 en outre que l\u2019alimentation en eau de six communes du Sud de la wilaya dont El-Hamadia, El-Ach, Ras El Oued et Ouled Sidi Brahim sera renforc\u00e9e d\u00e8s l\u2019ach\u00e8vement des travaux de fon\u00e7age de quatre puits profonds.<\/p>\n<blockquote readability=\"9\">\n<p><em><strong>\u00ab\u00a0Le d\u00e9ficit en eau de la wilaya n\u2019est pas seulement structurel mais r\u00e9side \u00e9galement dans la gestion de cette ressource\u00a0\u00bb, a estim\u00e9 le ministre qui a annonc\u00e9 le recours au syst\u00e8me de positionnement par satellite GPS \u00e0 travers le pays pour lutter contre les fuites et limiter \u00e0 moins 24 heures les d\u00e9lais d\u2019intervention.<\/strong><\/em><\/p>\n<\/blockquote>\n<hr\/>\n<h3>Lire aussi:\u00a0<a href=\"http:\/\/www.aps.dz\/economie\/100453-l-ona-appele-a-examiner-les-moyens-de-creation-de-richesse\" target=\"_blank\" rel=\"noopener noreferrer\">L&rsquo;ONA appel\u00e9 \u00e0 examiner les moyens de \u00ab\u00a0cr\u00e9ation de richesse\u00a0\u00bb<\/a><\/h3>\n<hr\/>\n<p>Le ministre a consid\u00e9r\u00e9 \u00e0 ce propos \u00e0 50 % le taux de perte des eaux \u00e0 travers le pays qu\u2019il a qualifi\u00e9 de \u00ab\u00a0consid\u00e9rable\u00a0\u00bb comparativement aux pays d\u00e9velopp\u00e9s o\u00f9 ce taux est de 15%.<\/p>\n<p>M. Berraki a donn\u00e9 des instructions aux responsables locaux du secteur am\u00e9liorer la gestion dans un d\u00e9lai \u00ab\u00a0n\u2019exc\u00e9dant pas les deux mois\u00a0\u00bb, incluant l\u2019ach\u00e8vement du transfert des communes \u00e0 l\u2019ADE de la gestion des r\u00e9seaux d\u2019eau et \u00e0 am\u00e9liorer le service public de concert avec l\u2019Agence nationale des barrages et transferts (ANBT), l\u2019Office national de l\u2019assainissement (ONA) et l\u2019Office de l\u2019irrigation agricole et du drainage.<\/p>\n<p>Le ministre avait entam\u00e9 sa visite dans la wilaya par l\u2019inspection de plusieurs projets dans les communes de Bordj Zemoura, Ras El Oued, Ain Taghrout et au chef-lieu de wilaya.<\/p>\n<p>Il a pr\u00e9sid\u00e9 au terme de sa tourn\u00e9e une s\u00e9ance de travail avec les cadres de la wilaya et les repr\u00e9sentants de la soci\u00e9t\u00e9 civile durant laquelle il a exhort\u00e9 les responsables du secteur \u00e0 consentir davantage d\u2019effort pour am\u00e9liorer le service public de l\u2019eau.<\/p>\n<\/div>\n<p>Auteur:<br \/>\n<a href=\"http:\/\/www.aps.dz\/regions\/100560-bordj-bou-arreridj-alimentation-en-eau-potable-avant-l-ete-de-30-communes\">Cliquez ici pour lire l&rsquo;article depuis sa source.<\/a><\/p>\n","protected":false},"excerpt":{"rendered":"<p>BORDJ BOU ARRERIDJ &#8211; Le ministre des Ressources en Eau, Berraki Arezki, a affirm\u00e9 jeudi \u00e0 Bordj Bou Arreridj que l\u2019approvisionnement en eau potable sera quotidiennement assur\u00e9 pour 30 des 34 communes de la wilaya \u00ab\u00a0avant l\u2019av\u00e8nement de l\u2019\u00e9t\u00e9 prochain\u00a0\u00bb. La ministre a consid\u00e9r\u00e9 que la wilaya est confront\u00e9e \u00e0 un d\u00e9ficit en ressources hydriques [&hellip;]<\/p>\n","protected":false},"author":1790,"featured_media":0,"comment_status":"closed","ping_status":"closed","sticky":false,"template":"","format":"standard","meta":{"fifu_image_url":"","fifu_image_alt":"","footnotes":""},"categories":[53,76],"tags":[],"class_list":["post-73911","post","type-post","status-publish","format-standard","hentry","category-algerie","category-regions"],"_links":{"self":[{"href":"https:\/\/linitiative.ca\/International\/wp-json\/wp\/v2\/posts\/73911","targetHints":{"allow":["GET"]}}],"collection":[{"href":"https:\/\/linitiative.ca\/International\/wp-json\/wp\/v2\/posts"}],"about":[{"href":"https:\/\/linitiative.ca\/International\/wp-json\/wp\/v2\/types\/post"}],"author":[{"embeddable":true,"href":"https:\/\/linitiative.ca\/International\/wp-json\/wp\/v2\/users\/1790"}],"replies":[{"embeddable":true,"href":"https:\/\/linitiative.ca\/International\/wp-json\/wp\/v2\/comments?post=73911"}],"version-history":[{"count":0,"href":"https:\/\/linitiative.ca\/International\/wp-json\/wp\/v2\/posts\/73911\/revisions"}],"wp:attachment":[{"href":"https:\/\/linitiative.ca\/International\/wp-json\/wp\/v2\/media?parent=73911"}],"wp:term":[{"taxonomy":"category","embeddable":true,"href":"https:\/\/linitiative.ca\/International\/wp-json\/wp\/v2\/categories?post=73911"},{"taxonomy":"post_tag","embeddable":true,"href":"https:\/\/linitiative.ca\/International\/wp-json\/wp\/v2\/tags?post=73911"}],"curies":[{"name":"wp","href":"https:\/\/api.w.org\/{rel}","templated":true}]}}