{"id":73915,"date":"2020-01-23T08:40:08","date_gmt":"2020-01-23T13:40:08","guid":{"rendered":"https:\/\/linitiative.ca\/International\/impact-positif-des-pluies-automnales-sur-la-campagne-agricole\/"},"modified":"2020-01-23T08:40:08","modified_gmt":"2020-01-23T13:40:08","slug":"impact-positif-des-pluies-automnales-sur-la-campagne-agricole","status":"publish","type":"post","link":"https:\/\/linitiative.ca\/International\/impact-positif-des-pluies-automnales-sur-la-campagne-agricole\/","title":{"rendered":"Impact positif des pluies automnales sur la campagne agricole"},"content":{"rendered":"<div class=\"single-featured\"><img alt=\"\" data-src=\"http:\/\/www.mapoujda.ma\/map\/uploads\/2020\/01\/Des-olives-M750\u00d7430-MAP.jpg\"\/><\/div>\n<div class=\"entry-content clearfix single-post-content\" readability=\"65\">\n<p class=\"c5\">Les pluies d\u2019automne enregistr\u00e9es dans la r\u00e9gion de l\u2019Oriental ont eu un impact positif sur le d\u00e9but de la saison agricole 2019-2020, affirme un communiqu\u00e9 de la direction r\u00e9gionale de l\u2019Agriculture.<\/p>\n<p class=\"c5\">La r\u00e9gion a enregistr\u00e9 des pr\u00e9cipitations d\u2019importance variable selon les provinces, avec un cumul de pr\u00e8s de 160 mm notamment durant les mois d\u2019octobre et de novembre 2019 et une absence des pr\u00e9cipitations durant d\u00e9cembre dernier et au d\u00e9but de janvier 2020.<\/p>\n<p class=\"c5\">Les pluies automnales ont eu pour effet une affluence des agriculteurs sur les points de vente mis \u00e0 leur disposition au niveau de la r\u00e9gion pour acqu\u00e9rir les semences s\u00e9lectionn\u00e9es et les engrais.<\/p>\n<p class=\"c5\">Ainsi, il a \u00e9t\u00e9 proc\u00e9d\u00e9 \u00e0 la vente d\u2019un total de 60.400 quintaux de semences de bl\u00e9 (26.700 q de bl\u00e9 tendre, 13.300 q de bl\u00e9 dur, 20.400 q d\u2019orge) et de pr\u00e8s de 1.500 quintaux d\u2019engrais.<\/p>\n<p class=\"c5\">Les conditions climatiques ont aussi permis d\u2019augmenter la superficie consacr\u00e9e \u00e0 la culture c\u00e9r\u00e9ali\u00e8re pour atteindre 255.000 ha \u00e0 mi-janvier courant, alors que les superficies destin\u00e9es aux cultures fourrag\u00e8res ont d\u00e9pass\u00e9 de 314% les pr\u00e9visions pour atteindre 13.300 ha.<\/p>\n<p class=\"c5\">Par ailleurs, la direction provinciale de l\u2019Agriculture de l\u2019Oriental souligne que les pr\u00e9cipitations enregistr\u00e9es les 19 et 20 janvier courant pourraient avoir un effet positif sur le d\u00e9roulement de la saison agricole, notamment en ce qui concerne les cultures d\u2019automne comme les c\u00e9r\u00e9ales, les l\u00e9gumineuses et les plantes sucri\u00e8res, en plus de permettre la r\u00e9duction de l\u2019utilisation de l\u2019irrigation et l\u2019am\u00e9lioration de la v\u00e9g\u00e9tation des parcours.<\/p>\n<\/div>\n<p>Auteur: Soufiane ELAHMAR<br \/>\n<a href=\"http:\/\/www.mapoujda.ma\/fr\/impact-positif-des-pluies-automnales-sur-la-campagne-agricole\/\">Cliquez ici pour lire l&rsquo;article depuis sa source.<\/a><\/p>\n","protected":false},"excerpt":{"rendered":"<p>Les pluies d\u2019automne enregistr\u00e9es dans la r\u00e9gion de l\u2019Oriental ont eu un impact positif sur le d\u00e9but de la saison agricole 2019-2020, affirme un communiqu\u00e9 de la direction r\u00e9gionale de l\u2019Agriculture. La r\u00e9gion a enregistr\u00e9 des pr\u00e9cipitations d\u2019importance variable selon les provinces, avec un cumul de pr\u00e8s de 160 mm notamment durant les mois d\u2019octobre [&hellip;]<\/p>\n","protected":false},"author":1788,"featured_media":73916,"comment_status":"closed","ping_status":"closed","sticky":false,"template":"","format":"standard","meta":{"fifu_image_url":"","fifu_image_alt":"","footnotes":""},"categories":[54,76],"tags":[],"class_list":["post-73915","post","type-post","status-publish","format-standard","has-post-thumbnail","hentry","category-maroc","category-regions"],"_links":{"self":[{"href":"https:\/\/linitiative.ca\/International\/wp-json\/wp\/v2\/posts\/73915","targetHints":{"allow":["GET"]}}],"collection":[{"href":"https:\/\/linitiative.ca\/International\/wp-json\/wp\/v2\/posts"}],"about":[{"href":"https:\/\/linitiative.ca\/International\/wp-json\/wp\/v2\/types\/post"}],"author":[{"embeddable":true,"href":"https:\/\/linitiative.ca\/International\/wp-json\/wp\/v2\/users\/1788"}],"replies":[{"embeddable":true,"href":"https:\/\/linitiative.ca\/International\/wp-json\/wp\/v2\/comments?post=73915"}],"version-history":[{"count":0,"href":"https:\/\/linitiative.ca\/International\/wp-json\/wp\/v2\/posts\/73915\/revisions"}],"wp:featuredmedia":[{"embeddable":true,"href":"https:\/\/linitiative.ca\/International\/wp-json\/"}],"wp:attachment":[{"href":"https:\/\/linitiative.ca\/International\/wp-json\/wp\/v2\/media?parent=73915"}],"wp:term":[{"taxonomy":"category","embeddable":true,"href":"https:\/\/linitiative.ca\/International\/wp-json\/wp\/v2\/categories?post=73915"},{"taxonomy":"post_tag","embeddable":true,"href":"https:\/\/linitiative.ca\/International\/wp-json\/wp\/v2\/tags?post=73915"}],"curies":[{"name":"wp","href":"https:\/\/api.w.org\/{rel}","templated":true}]}}