{"id":73917,"date":"2020-01-23T04:20:00","date_gmt":"2020-01-23T09:20:00","guid":{"rendered":"https:\/\/linitiative.ca\/International\/banques-le-forum-parlementaire-reporte-dune-semaine\/"},"modified":"2020-01-23T04:20:00","modified_gmt":"2020-01-23T09:20:00","slug":"banques-le-forum-parlementaire-reporte-dune-semaine","status":"publish","type":"post","link":"https:\/\/linitiative.ca\/International\/banques-le-forum-parlementaire-reporte-dune-semaine\/","title":{"rendered":"Banques: Le Forum parlementaire report\u00e9 d\u2019une semaine"},"content":{"rendered":"<p class=\"rtejustify\">Le forum parlementaire sur le financement de l\u2019\u00e9conomie, plac\u00e9 sous le haut patronage de SM le Roi, a \u00e9t\u00e9 report\u00e9 d\u2019une semaine (le 29 au lieu du 22 janvier). L\u2019initiative de Habib El Malki vient en r\u00e9action au discours royal sur l\u2019implication des banques dans le d\u00e9veloppement et l\u2019inclusion financi\u00e8re. L\u2019id\u00e9e du pr\u00e9sident de la Chambre des repr\u00e9sentants est de finaliser des propositions pour mettre en place un nouveau dispositif de financement adapt\u00e9 aux jeunes porteurs des projets et aux PME. Le programme arr\u00eat\u00e9 est all\u00e9chant. Il pr\u00e9voit l\u2019intervention de Abdellatif Jouahri, wali de Bank Al-Maghrib, de Othman Benjelloun, pr\u00e9sident du GPBM, ainsi que de Mohamed Bencha\u00e2boun, ministre de l\u2019Economie et des finances.<\/p>\n<p class=\"rtejustify\"><em>M.C<\/em><\/p>\n<p>Auteur: hlafriqi<br \/>\n<a href=\"https:\/\/www.leconomiste.com\/article\/1056218-banques-le-forum-parlementaire-reporte-d-une-semaine\">Cliquez ici pour lire l&rsquo;article depuis sa source.<\/a><\/p>\n","protected":false},"excerpt":{"rendered":"<p>Le forum parlementaire sur le financement de l\u2019\u00e9conomie, plac\u00e9 sous le haut patronage de SM le Roi, a \u00e9t\u00e9 report\u00e9 d\u2019une semaine (le 29 au lieu du 22 janvier). L\u2019initiative de Habib El Malki vient en r\u00e9action au discours royal sur l\u2019implication des banques dans le d\u00e9veloppement et l\u2019inclusion financi\u00e8re. L\u2019id\u00e9e du pr\u00e9sident de la [&hellip;]<\/p>\n","protected":false},"author":1763,"featured_media":0,"comment_status":"closed","ping_status":"closed","sticky":false,"template":"","format":"standard","meta":{"fifu_image_url":"","fifu_image_alt":"","footnotes":""},"categories":[78,54],"tags":[],"class_list":["post-73917","post","type-post","status-publish","format-standard","hentry","category-economie","category-maroc"],"_links":{"self":[{"href":"https:\/\/linitiative.ca\/International\/wp-json\/wp\/v2\/posts\/73917","targetHints":{"allow":["GET"]}}],"collection":[{"href":"https:\/\/linitiative.ca\/International\/wp-json\/wp\/v2\/posts"}],"about":[{"href":"https:\/\/linitiative.ca\/International\/wp-json\/wp\/v2\/types\/post"}],"author":[{"embeddable":true,"href":"https:\/\/linitiative.ca\/International\/wp-json\/wp\/v2\/users\/1763"}],"replies":[{"embeddable":true,"href":"https:\/\/linitiative.ca\/International\/wp-json\/wp\/v2\/comments?post=73917"}],"version-history":[{"count":0,"href":"https:\/\/linitiative.ca\/International\/wp-json\/wp\/v2\/posts\/73917\/revisions"}],"wp:attachment":[{"href":"https:\/\/linitiative.ca\/International\/wp-json\/wp\/v2\/media?parent=73917"}],"wp:term":[{"taxonomy":"category","embeddable":true,"href":"https:\/\/linitiative.ca\/International\/wp-json\/wp\/v2\/categories?post=73917"},{"taxonomy":"post_tag","embeddable":true,"href":"https:\/\/linitiative.ca\/International\/wp-json\/wp\/v2\/tags?post=73917"}],"curies":[{"name":"wp","href":"https:\/\/api.w.org\/{rel}","templated":true}]}}