{"id":73919,"date":"2020-01-23T04:30:00","date_gmt":"2020-01-23T09:30:00","guid":{"rendered":"https:\/\/linitiative.ca\/International\/sourtna-quand-de-jeunes-photographes-prennent-dassaut-le-fort-rottenbourg\/"},"modified":"2020-01-23T04:30:00","modified_gmt":"2020-01-23T09:30:00","slug":"sourtna-quand-de-jeunes-photographes-prennent-dassaut-le-fort-rottenbourg","status":"publish","type":"post","link":"https:\/\/linitiative.ca\/International\/sourtna-quand-de-jeunes-photographes-prennent-dassaut-le-fort-rottenbourg\/","title":{"rendered":"\u00abSourtna\u00bb, quand de jeunes photographes prennent d\u2019assaut le Fort Rottenbourg"},"content":{"rendered":"<div readability=\"36\">\n<p>Une exposition inaugurale du Mus\u00e9e national de la photographie<\/p>\n<p>Une carte blanche \u00e0 l\u2019artiste Yoriyas<\/p>\n<p>Une p\u00e9pini\u00e8re de jeunes talents<\/p>\n<\/div>\n<div readability=\"164\">\n<div class=\"dnd-atom-wrapper type-image context-sdl_editor_representation\" contenteditable=\"false\" readability=\"33.5\">\n<div class=\"dnd-drop-wrapper image\"><img loading=\"lazy\" decoding=\"async\" typeof=\"foaf:Image\" class=\"img-responsive\" src=\"https:\/\/leconomiste.com\/sites\/default\/files\/eco7\/public\/thumbnails\/image\/mourad-fedouach-expo-1-081.jpg\" width=\"800\" height=\"392\" alt=\"mourad-fedouach-expo-1-081.jpg\" title=\"mourad-fedouach-expo-1-081.jpg\"\/><\/div>\n<div class=\"dnd-legend-wrapper\" contenteditable=\"true\" readability=\"12\">\n<p class=\"rtejustify\">Mourad Fedouach: \u00abMes parents vendent des citrouilles sur le march\u00e9, je travaille avec eux et j\u2019\u00e9tudie \u00e0 l\u2019universit\u00e9. C\u2019est l\u00e0, sur le march\u00e9, que j\u2019ai fait mes premi\u00e8res images de street photography avec mon t\u00e9l\u00e9phone\u00bb <em>(Ph. A.Bo)<\/em><\/p>\n<\/div>\n<\/div>\n<p class=\"rtejustify\">Dix-huit photographes de la sc\u00e8ne contemporaine marocaine, certains sont d\u00e9j\u00e0 bien install\u00e9s, d\u2019autres\u00a0 \u00e0 peine \u00e9mergents ont \u00e9t\u00e9 r\u00e9unis dans un lieu exceptionnel. Aux commandes de cette aventure artistique, l\u2019artiste multidisciplinaire Yoriyas\u00a0 second\u00e9 par la commissaire d\u2019exposition Carine Dolek.<\/p>\n<div class=\"dnd-atom-wrapper type-image context-sdl_editor_representation\" contenteditable=\"false\" readability=\"32.5\">\n<div class=\"dnd-drop-wrapper image\"><img loading=\"lazy\" decoding=\"async\" typeof=\"foaf:Image\" class=\"img-responsive\" src=\"https:\/\/leconomiste.com\/sites\/default\/files\/eco7\/public\/thumbnails\/image\/zaidy-ismail-expo-081.jpg\" width=\"800\" height=\"380\" alt=\"zaidy-ismail-expo-081.jpg\" title=\"zaidy-ismail-expo-081.jpg\"\/><\/div>\n<div class=\"dnd-legend-wrapper\" contenteditable=\"true\" readability=\"10\">\n<p class=\"rtejustify\">Zaidy Ismail: \u00abLa famille est un \u00e9l\u00e9ment important de ma cr\u00e9ativit\u00e9, avec mon fr\u00e8re, ma soeur et ma m\u00e8re nous concevons les images ensemble\u00bb <em>(Ph. A.Bo)<\/em><\/p>\n<\/div>\n<\/div>\n<p class=\"rtejustify\">\u00abSourtna\u00bb\u00a0 (notre image) est l\u2019exposition inaugurale du Mus\u00e9e national de la photographie qui s\u2019est install\u00e9 sous les vo\u00fbtes du Fort Rottenbourg \u00e0 Rabat. Le b\u00e2timent, embl\u00e9matique de la capitale, fra\u00eechement restaur\u00e9 avait d\u00e9j\u00e0 abrit\u00e9 une tr\u00e8s belle exposition durant la premi\u00e8re Biennale de Rabat, avant d\u2019\u00eatre d\u00e9di\u00e9, par la volont\u00e9 de la Fondation nationale des mus\u00e9es exclusivement \u00e0 la photographie.\u00a0<\/p>\n<div class=\"dnd-atom-wrapper type-image context-sdl_editor_representation\" contenteditable=\"false\" readability=\"34\">\n<div class=\"dnd-drop-wrapper image\"><img loading=\"lazy\" decoding=\"async\" typeof=\"foaf:Image\" class=\"img-responsive\" src=\"https:\/\/leconomiste.com\/sites\/default\/files\/eco7\/public\/thumbnails\/image\/zakaria-ait-wakrim-1-081.jpg\" width=\"800\" height=\"510\" alt=\"zakaria-ait-wakrim-1-081.jpg\" title=\"zakaria-ait-wakrim-1-081.jpg\"\/><\/div>\n<div class=\"dnd-legend-wrapper\" contenteditable=\"true\" readability=\"13\">\n<p class=\"rtejustify\">L\u2019int\u00e9r\u00eat de Zakaria A\u00eft Wakrim pour la photographie a commenc\u00e9 en m\u00eame temps que ses \u00e9tudes d\u2019ing\u00e9nieur sp\u00e9cialis\u00e9 dans les sciences physiques de la lumi\u00e8re, en Espagne. Il d\u00e9veloppe une \u00e9criture prot\u00e9iforme entre paysages et portraits. Pour lui, la photographie est un moyen visuel d\u2019affronter la r\u00e9alit\u00e9, mais aussi un moyen d\u2019en \u00e9largir la perception <em>(Ph. ZAW)<\/em><\/p>\n<\/div>\n<\/div>\n<p class=\"rtejustify\">Issu du monde du street art et de la danse urbaine, pass\u00e9 par des ann\u00e9es de comp\u00e9titions professionnelles de breakdance, Yoriyas\u00a0 garde une approche tr\u00e8s chor\u00e9graphique de la photo de rue \u00e0 l\u2019image d\u2019un Doisneau, d\u2019un Cartier-Bresson en France ou encore\u00a0 Robert Franck ou William Klein aux USA. Il garde surtout une extraordinaire capacit\u00e9 \u00e0 d\u00e9celer des talents chez les plus jeunes, bien que d\u00e9pourvu de moyens.<\/p>\n<div class=\"dnd-atom-wrapper type-image context-sdl_editor_representation\" contenteditable=\"false\" readability=\"34.5\">\n<div class=\"dnd-drop-wrapper image\"><img loading=\"lazy\" decoding=\"async\" typeof=\"foaf:Image\" class=\"img-responsive\" src=\"https:\/\/leconomiste.com\/sites\/default\/files\/eco7\/public\/thumbnails\/image\/abderrahman-amazzal-081.jpg\" width=\"660\" height=\"330\" alt=\"abderrahman-amazzal-081.jpg\" title=\"abderrahman-amazzal-081.jpg\"\/><\/div>\n<div class=\"dnd-legend-wrapper\" contenteditable=\"true\" readability=\"14\">\n<p class=\"rtejustify\">\u00abMa finalit\u00e9 est d\u2019arriver \u00e0 faire ressortir toute la beaut\u00e9 d\u2019une situation \u00e9ph\u00e9m\u00e8re dans mes clich\u00e9s. J\u2019aime la vie, j\u2019aime la rue marocaine, les Marocains et la vie banale de tous les jours\u00bb Abderrahman Amazzal est un artiste autodidacte, ses photographies tendent \u00e0\u00a0 garder durablement une trace d\u2019instants de vie, une prise de vue pour la vie <em>(Ph. Abdelmajid Bziouat)<\/em><\/p>\n<\/div>\n<\/div>\n<p class=\"rtejustify\">\u00abCe qui m\u2019int\u00e9resse le plus, ce n\u2019est pas tant la qualit\u00e9 technique de la photo, que la charge \u00e9motionnelle qui s\u2019en d\u00e9gage. A l\u2019\u00e8re des smartphones, d\u2019instagram et des r\u00e9seaux sociaux tout le monde est capable de prendre des milliers de photos, mais rares sont ceux qui r\u00e9ussissent \u00e0 capter des instants d\u2019\u00e9motion\u00bb pr\u00e9cise Yoriyas. Cela est perceptible dans le choix des artistes que le curateur \u00e0 d\u00e9cid\u00e9 de mettre en avant.<\/p>\n<div class=\"dnd-atom-wrapper type-image context-sdl_editor_representation\" contenteditable=\"false\" readability=\"34\">\n<div class=\"dnd-drop-wrapper image\"><img loading=\"lazy\" decoding=\"async\" typeof=\"foaf:Image\" class=\"img-responsive\" src=\"https:\/\/leconomiste.com\/sites\/default\/files\/eco7\/public\/thumbnails\/image\/fatima-zohra-serri-081.jpg\" width=\"800\" height=\"545\" alt=\"fatima-zohra-serri-081.jpg\" title=\"fatima-zohra-serri-081.jpg\"\/><\/div>\n<div class=\"dnd-legend-wrapper\" contenteditable=\"true\" readability=\"13\">\n<p class=\"rtejustify\">V\u00e9ritable r\u00e9v\u00e9lation de cette exposition, Fatima Zohra Serri est une jeune artiste de la ville de Nador. Ses photographies\u00a0 abordent\u00a0 le sujet de la position de la femme dans la soci\u00e9t\u00e9 marocaine, en particulier dans le milieu conservateur dont elle est\u00a0 issue: \u00abJ\u2019ai grandi dans une communaut\u00e9 conservatrice, o\u00f9 les femmes ne sont pas libres de faire ce qu\u2019elles souhaitent\u00bb d\u00e9nonce-t-elle <em>(Ph. FZS)<\/em><\/p>\n<\/div>\n<\/div>\n<p class=\"rtejustify\">Aux c\u00f4t\u00e9s d\u2019artistes confirm\u00e9s de sa g\u00e9n\u00e9ration, \u00e0 l\u2019instar de M\u2019hamed Kilito, Mehdi Mariouch, Yassine Toumi, Zakaria A\u00eft Wakrim, Deborah Benzaken et d\u2019autres,\u00a0\u00a0 Yoriyas a en effet programm\u00e9 des jeunes artistes \u00e9mergents au talent qui n\u2019a d\u2019\u00e9gale que la d\u00e9brouillardise.<\/p>\n<div class=\"dnd-atom-wrapper type-image context-sdl_editor_representation\" contenteditable=\"false\" readability=\"33.5\">\n<div class=\"dnd-drop-wrapper image\"><img loading=\"lazy\" decoding=\"async\" typeof=\"foaf:Image\" class=\"img-responsive\" src=\"https:\/\/leconomiste.com\/sites\/default\/files\/eco7\/public\/thumbnails\/image\/mhamed-kilito-081.jpg\" width=\"660\" height=\"330\" alt=\"mhamed-kilito-081.jpg\" title=\"mhamed-kilito-081.jpg\"\/><\/div>\n<div class=\"dnd-legend-wrapper\" contenteditable=\"true\" readability=\"12\">\n<p class=\"rtejustify\">M\u2019hamed Kilito\u00a0 porte avec ce projet un regard compl\u00e8tement d\u00e9nu\u00e9 de tout voyeurisme sur le choix d\u2019une identit\u00e9 personnelle chez la jeunesse marocaine,\u00a0 bas\u00e9e sur une s\u00e9lection de portraits de jeunes qui prennent leur destin en main. Des personnes ont le courage de choisir leurs propres r\u00e9alit\u00e9s, repoussant souvent les limites de la soci\u00e9t\u00e9 <em>(Ph. Abdelmajid Bziouat)<\/em><\/p>\n<\/div>\n<\/div>\n<p class=\"rtejustify\">A l\u2019image du jeune Mourad Fedouach\u00a0 qui raconte: \u00abJ\u2019ai pris mes premi\u00e8res images de street photography avec mon t\u00e9l\u00e9phone, en mode selfie parce que l\u2019objectif frontal ne marchait pas. Mes photographies sont un autoportrait, en parlant de mon quartier, elles parlent aussi de moi\u2026 Par la photographie de rue, je voyage dans des mondes fantasmagoriques qui m\u00e9langent le r\u00e9el et la beaut\u00e9 imaginaire des lieux et la simplicit\u00e9 des personnes qui composent mes cadres\u00bb et de conclure avec beaucoup de philosophie: \u00abLa beaut\u00e9 n\u2019est pas que la perfection des lignes et des formes. C\u2019est avant tout la beaut\u00e9 de l\u2019humanit\u00e9 qui prend forme devant mon objectif\u00bb.<\/p>\n<div class=\"dnd-atom-wrapper type-image context-sdl_editor_representation atom-align-right\" contenteditable=\"false\" readability=\"33.5\">\n<div class=\"dnd-drop-wrapper image\"><img loading=\"lazy\" decoding=\"async\" typeof=\"foaf:Image\" class=\"img-responsive\" src=\"https:\/\/leconomiste.com\/sites\/default\/files\/eco7\/public\/thumbnails\/image\/yoriyas-081.jpg\" width=\"425\" height=\"327\" alt=\"yoriyas-081.jpg\" title=\"yoriyas-081.jpg\"\/><\/div>\n<div class=\"dnd-legend-wrapper\" contenteditable=\"true\" readability=\"12\">\n<p class=\"rtejustify\">Issu du monde du street art et du break dance, Yoriyas garde une approche tr\u00e8s chor\u00e9graphique de la photo de rue. \u00abMes photographies, c\u2019est mon voyage au quotidien, un voyage en conscience qui signifie sortir pour aller vers les autres et montrer ce que la routine a rendu invisible\u00bb<\/p>\n<\/div>\n<\/div>\n<p class=\"rtejustify\">Autre d\u00e9couverte, celle de Zaidy Ismail alias L4artiste. Une d\u00e9marche collaborative et familiale pour une mise en sc\u00e8ne minimaliste et po\u00e9tique \u00e0 la fois.\u00a0 \u00abMes travaux sont essentiellement bas\u00e9s sur la notion de famille et de travail collectif: les images sont le fruit d\u2019une collaboration entre ma s\u0153ur, mon fr\u00e8re, ma m\u00e8re et moi. Ce ne sont pas que des mod\u00e8les: nous travaillons ensemble sur les id\u00e9es et nous nous soutenons mutuellement. Nous voulons partager cette belle \u00e9nergie et promouvoir une culture marocaine loin des st\u00e9r\u00e9otypes\u00bb, pr\u00e9cise L4artiste.<\/p>\n<div class=\"dnd-atom-wrapper type-image context-sdl_editor_representation atom-align-right\" contenteditable=\"false\" readability=\"34\">\n<div class=\"dnd-drop-wrapper image\"><img loading=\"lazy\" decoding=\"async\" typeof=\"foaf:Image\" class=\"img-responsive\" src=\"https:\/\/leconomiste.com\/sites\/default\/files\/eco7\/public\/thumbnails\/image\/mehdy-mariouch-081.jpg\" width=\"385\" height=\"425\" alt=\"mehdy-mariouch-081.jpg\" title=\"mehdy-mariouch-081.jpg\"\/><\/div>\n<div class=\"dnd-legend-wrapper\" contenteditable=\"true\" readability=\"13\">\n<p class=\"rtejustify\">Avec \u00abHammam Diaries\u00bb , Mehdy Mariouch utilise son p\u00e8re, qu\u2019on retrouve sur certaines images, pour documenter un lieu de mise \u00e0 nu, de transmission culturelle et d\u2019h\u00e9ritage social. Le Hammam <em>(Ph. MM)<\/em><\/p>\n<\/div>\n<\/div>\n<p class=\"rtejustify\">Quant \u00e0 la jeune Fatima Zohra Serri, ses compositions audacieuses et impertinentes r\u00e9v\u00e8lent un immense talent qui se nourrit\u00a0 de son immense d\u00e9sir d\u2019\u00e9mancipation: \u00abJ\u2019ai commenc\u00e9 la photographie il y a trois ans, par curiosit\u00e9, pour essayer quelque chose de nouveau et rompre la routine du quotidien. Je l\u2019utilise comme un outil, pour exprimer ma personnalit\u00e9 et mes sentiments, et pour aborder le sujet de la position de la femme dans la soci\u00e9t\u00e9 marocaine, en particulier dans le milieu conservateur dont je suis issue. J\u2019ai grandi dans une communaut\u00e9 conservatrice, o\u00f9 les femmes ne sont pas libres de faire ce qu\u2019elles souhaitent. C\u2019est ce qui m\u2019a pouss\u00e9 \u00e0 sortir de ma zone de confort et d\u2019essayer quelque chose de nouveau, d\u2019inhabituel dans ma communaut\u00e9\u00bb.<\/p>\n<p class=\"rtejustify\">Tous ont en commun, chacun \u00e0 sa mani\u00e8re, cette facult\u00e9\u00a0 de capter les situations, les couleurs, les lieux, les gens, les moments de la soci\u00e9t\u00e9 marocaine.<\/p>\n<p class=\"rtejustify\">\u00abPour moi, cela veut dire que le Maroc est capable de se raconter lui-m\u00eame en images, que nous sommes capables de produire des images, de les d\u00e9fendre, de les partager, de les montrer et de les regarder\u00bb conclut Yoriyas.<\/p>\n<p class=\"rtecenter\"><strong><u>\u00a0\u00a0\u00a0\u00a0\u00a0\u00a0\u00a0\u00a0\u00a0\u00a0\u00a0\u00a0\u00a0\u00a0\u00a0\u00a0\u00a0\u00a0\u00a0\u00a0\u00a0\u00a0\u00a0\u00a0\u00a0\u00a0\u00a0\u00a0\u00a0\u00a0\u00a0\u00a0\u00a0\u00a0\u00a0\u00a0\u00a0\u00a0\u00a0\u00a0\u00a0\u00a0\u00a0\u00a0\u00a0\u00a0\u00a0\u00a0\u00a0\u00a0\u00a0\u00a0\u00a0\u00a0\u00a0\u00a0\u00a0\u00a0\u00a0\u00a0\u00a0\u00a0\u00a0\u00a0\u00a0\u00a0\u00a0\u00a0\u00a0\u00a0\u00a0\u00a0\u00a0\u00a0\u00a0\u00a0\u00a0\u00a0\u00a0\u00a0\u00a0\u00a0\u00a0\u00a0\u00a0\u00a0\u00a0\u00a0\u00a0\u00a0\u00a0\u00a0\u00a0\u00a0\u00a0\u00a0\u00a0<\/u><\/strong><\/p>\n<p class=\"rtecenter\"><strong>Fort Rottenbourg, Fort Herv\u00e9, Borj El Kebir<\/strong><\/p>\n<div class=\"dnd-atom-wrapper type-image context-sdl_editor_representation\" contenteditable=\"false\">\n<div class=\"dnd-drop-wrapper image\"><img loading=\"lazy\" decoding=\"async\" typeof=\"foaf:Image\" class=\"img-responsive\" src=\"https:\/\/leconomiste.com\/sites\/default\/files\/eco7\/public\/thumbnails\/image\/fort-rottenbourg-081.jpg\" width=\"800\" height=\"467\" alt=\"fort-rottenbourg-081.jpg\" title=\"fort-rottenbourg-081.jpg\"\/><\/div>\n<\/div>\n<p class=\"rtejustify\">Situ\u00e9 \u00e0 mi-chemin entre le phare de Rabat et l\u2019ancien h\u00f4pital militaire, le Fort Rottenbourg, Fort Herv\u00e9 ou encore Borj El Kebir, est une fortification \u00e9rig\u00e9e \u00e0 la fin du 19\u00e8me si\u00e8cle sur la corniche de Rabat afin d\u2019abriter deux canons de 30 tonnes venus d\u2019Hambourg et offerts par les allemands. Le premier nom du fort tire son nom de celui de l\u2019ing\u00e9nieur allemand Walter Rottemburg qui fut l\u2019officier charg\u00e9 des travaux qui d\u00e9but\u00e8rent en juin 1888 et s\u2019achev\u00e8rent 12 ans plus tard en 1894.<\/p>\n<p class=\"rtejustify\">Le \u00abFort Rottenbourg\u00bb fut renomm\u00e9 en 1912 \u00abfort Herv\u00e9\u00bb par les Fran\u00e7ais, il porte aujourd\u2019hui \u2013 aussi \u2013 le nom de Borj El Kebir. Ce fut le 1er b\u00e2timent en ciment arm\u00e9 jamais construit au Maroc. Ce monument fut d\u00e9crit en 1906, dans le petit journal militaire, maritime et colonial, comme une sorte de coupole b\u00e9tonn\u00e9e qu\u2019entourent de profonds foss\u00e9s aux talus soigneusement ma\u00e7onn\u00e9s.<\/p>\n<p class=\"rtejustify\">Au pied de ces talus, courent des grilles de fer forg\u00e9 pour renforcer la valeur de l\u2019obstacle ; deux \u00e9normes canons \u00e9mergent et sont visibles sur les deux tiers de leur longueur. \u00c0 l\u2019\u00e9poque de sa construction, le fort \u00e9tait un important symbole diplomatique et repr\u00e9sentait un instantan\u00e9 historique des enjeux politiques en pr\u00e9sence.<\/p>\n<p class=\"rtejustify\">En effet, alors que les puissances europ\u00e9ennes s\u2019interrogent encore sur l\u2019avenir du Royaume ch\u00e9rifien, la lutte d\u2019influence est de mise entre les fran\u00e7ais et les allemands. En offrant ces deux canons, les allemands tentent de s\u2019attirer les bonnes gr\u00e2ces du Sultan Moulay Hassan (1873 -1869), qui tente d\u00e9sesp\u00e9r\u00e9ment de garder son pays \u00e0 l\u2019abri de la colonisation.<\/p>\n<p class=\"rtejustify\"><em>Amine BOUSHABA<\/em><\/p>\n<\/div>\n<p>Auteur: hlafriqi<br \/>\n<a href=\"https:\/\/www.leconomiste.com\/article\/1056209-sourtna-quand-de-jeunes-photographes-prennent-d-assaut-le-fort-rottenbourg\">Cliquez ici pour lire l&rsquo;article depuis sa source.<\/a><\/p>\n","protected":false},"excerpt":{"rendered":"<p>Une exposition inaugurale du Mus\u00e9e national de la photographie Une carte blanche \u00e0 l\u2019artiste Yoriyas Une p\u00e9pini\u00e8re de jeunes talents Mourad Fedouach: \u00abMes parents vendent des citrouilles sur le march\u00e9, je travaille avec eux et j\u2019\u00e9tudie \u00e0 l\u2019universit\u00e9. C\u2019est l\u00e0, sur le march\u00e9, que j\u2019ai fait mes premi\u00e8res images de street photography avec mon t\u00e9l\u00e9phone\u00bb [&hellip;]<\/p>\n","protected":false},"author":1763,"featured_media":73920,"comment_status":"closed","ping_status":"closed","sticky":false,"template":"","format":"standard","meta":{"fifu_image_url":"","fifu_image_alt":"","footnotes":""},"categories":[78,54],"tags":[],"class_list":["post-73919","post","type-post","status-publish","format-standard","has-post-thumbnail","hentry","category-economie","category-maroc"],"_links":{"self":[{"href":"https:\/\/linitiative.ca\/International\/wp-json\/wp\/v2\/posts\/73919","targetHints":{"allow":["GET"]}}],"collection":[{"href":"https:\/\/linitiative.ca\/International\/wp-json\/wp\/v2\/posts"}],"about":[{"href":"https:\/\/linitiative.ca\/International\/wp-json\/wp\/v2\/types\/post"}],"author":[{"embeddable":true,"href":"https:\/\/linitiative.ca\/International\/wp-json\/wp\/v2\/users\/1763"}],"replies":[{"embeddable":true,"href":"https:\/\/linitiative.ca\/International\/wp-json\/wp\/v2\/comments?post=73919"}],"version-history":[{"count":0,"href":"https:\/\/linitiative.ca\/International\/wp-json\/wp\/v2\/posts\/73919\/revisions"}],"wp:featuredmedia":[{"embeddable":true,"href":"https:\/\/linitiative.ca\/International\/wp-json\/"}],"wp:attachment":[{"href":"https:\/\/linitiative.ca\/International\/wp-json\/wp\/v2\/media?parent=73919"}],"wp:term":[{"taxonomy":"category","embeddable":true,"href":"https:\/\/linitiative.ca\/International\/wp-json\/wp\/v2\/categories?post=73919"},{"taxonomy":"post_tag","embeddable":true,"href":"https:\/\/linitiative.ca\/International\/wp-json\/wp\/v2\/tags?post=73919"}],"curies":[{"name":"wp","href":"https:\/\/api.w.org\/{rel}","templated":true}]}}