{"id":73921,"date":"2020-01-23T04:45:00","date_gmt":"2020-01-23T09:45:00","guid":{"rendered":"https:\/\/linitiative.ca\/International\/ces-routes-migratoires-et-ceux-qui-les-empruntent\/"},"modified":"2020-01-23T04:45:00","modified_gmt":"2020-01-23T09:45:00","slug":"ces-routes-migratoires-et-ceux-qui-les-empruntent","status":"publish","type":"post","link":"https:\/\/linitiative.ca\/International\/ces-routes-migratoires-et-ceux-qui-les-empruntent\/","title":{"rendered":"Ces routes migratoires et ceux qui les empruntent"},"content":{"rendered":"<div readability=\"38\">\n<p>Afghans, Syriens\u2026 fuient les conflits et l\u2019instabilit\u00e9<\/p>\n<p>Arriv\u00e9es dans l\u2019UE au plus bas depuis 2013, renvois en hausse<\/p>\n<p>Le bilan de l\u2019agence Frontex<\/p>\n<\/div>\n<div readability=\"104\">\n<p class=\"rtejustify\">Quelque 139.000 arriv\u00e9es irr\u00e9guli\u00e8res de migrants ont \u00e9t\u00e9 enregistr\u00e9es dans l\u2019UE en 2019, soit le plus bas niveau depuis 2013, tandis que les renvois vers les pays d\u2019origine sont en hausse. C\u2019est le bilan \u00e9tabli par l\u2019agence europ\u00e9enne de contr\u00f4le des fronti\u00e8res, Frontex.<\/p>\n<p class=\"rtejustify\">\u00abLa diminution des arriv\u00e9es aux fronti\u00e8res ext\u00e9rieures, qui a chut\u00e9 de 92% par rapport au pic de 2015, est principalement due \u00e0 une baisse sur les routes (migratoires) de la M\u00e9diterran\u00e9e centrale et occidentale\u00bb, a relev\u00e9 r\u00e9cemment Fabrice Leggeri, directeur de Frontex, lors d\u2019une conf\u00e9rence de presse \u00e0 Bruxelles.<\/p>\n<p class=\"rtejustify\">A l\u2019inverse, la M\u00e9diterran\u00e9e orientale (Gr\u00e8ce, Bulgarie, Chypre) a connu une hausse des passages de 46% par rapport \u00e0 2018, qui s\u2019\u00e9tablissent \u00e0 82.000. Une m\u00eame tendance a \u00e9t\u00e9 observ\u00e9e aux fronti\u00e8res de la Croatie et de la Hongrie, selon un bilan provisoire.<\/p>\n<p class=\"rtejustify\">La plupart des migrants qui empruntent ces routes de la M\u00e9diterran\u00e9e centrale et des Balkans occidentaux sont Afghans et Syriens. Les premiers cas repr\u00e9sentent d\u2019ailleurs la premi\u00e8re nationalit\u00e9 (pr\u00e8s d\u2019un quart) de ceux qui arrivent dans l\u2019UE. Le patron de Frontex a expliqu\u00e9 cette hausse par \u00able conflit en Syrie mais aussi l\u2019instabilit\u00e9 en Afghanistan, les changements de politique des autorit\u00e9s iraniennes et pakistanaises \u00e0 l\u2019\u00e9gard des ressortissants afghans, entre autres\u00bb.<\/p>\n<p class=\"rtejustify\">\u00abSi le nombre d\u2019arriv\u00e9es d\u00e9cro\u00eet globalement, celui des renvois de migrants irr\u00e9guliers vers leurs pays d\u2019origine n\u2019a jamais \u00e9t\u00e9 aussi haut, atteignant 15.850 en 2019\u00bb, a poursuivi Leggeri. Ces op\u00e9rations de renvoi, coordonn\u00e9es par Frontex, se font principalement par vols charters, mais aussi depuis 2018 \u00e0 bord de vols commerciaux. Les pays ayant eu le plus recours \u00e0 ces op\u00e9rations sont l\u2019Allemagne, l\u2019Italie, la France et la Belgique. Tandis que les principaux pays de destination sont l\u2019Albanie, la Tunisie et la G\u00e9orgie.<\/p>\n<p class=\"rtejustify\">Frontex a r\u00e9alis\u00e9 pr\u00e8s de 600 vols de surveillance (afin de d\u00e9tecter des trafics, mais aussi des embarcations en d\u00e9tresse en mer), au-dessus de la M\u00e9diterran\u00e9e centrale, la mer Eg\u00e9e, la mer Noire, les mers Adriatique et Baltique, mais aussi les fronti\u00e8res terrestres en Pologne, Slovaquie, Croatie et Hongrie.<\/p>\n<p class=\"rtejustify\">L\u2019agence, dont l\u2019UE a act\u00e9 en 2019 le renforcement, doit disposer \u00e0 l\u2019horizon 2027 d\u2019un corps permanent de 10.000 garde-c\u00f4tes et garde-fronti\u00e8res pour assister les pays membres. Ce premier service en uniforme de l\u2019UE a commenc\u00e9 en octobre dernier ses op\u00e9rations de recrutement de 700 personnes, et re\u00e7u 7.500 candidatures, un chiffre dont s\u2019est f\u00e9licit\u00e9 le directeur de Frontex. Mais il a averti que l\u2019agence ne pourrait r\u00e9aliser ses missions qu\u2019\u00e0 condition d\u2019avoir suffisamment de moyens financiers. Il a estim\u00e9 que la proposition de la Commission pour le prochain budget pluri-annuel (2021-2027) \u00e9tait appropri\u00e9e.<\/p>\n<blockquote readability=\"13\">\n<p class=\"rtecenter\"><strong><span class=\"c4\">L\u2019Espagne recrute\u2026<\/span><\/strong><\/p>\n<p class=\"rtejustify\">L\u2019\u00e9conomie espagnole aura besoin de \u00abmillions et de millions\u00bb de migrants pour se maintenir au niveau actuel et ses voisins doivent aussi \u00eatre pr\u00e9par\u00e9s \u00e0 int\u00e9grer massivement les populations exil\u00e9es. C\u2019est ce qu\u2019a estim\u00e9 Jos\u00e9 Luis Escriva, le ministre espagnol de la S\u00e9curit\u00e9 sociale, de l\u2019Inclusion et des Migrations, lors du Forum de l\u2019OCDE sur les migrations. Des d\u00e9clarations qui font \u00e9cho, en France, aux propos qui avaient fait pol\u00e9mique de l\u2019ex-Haut-Commissaire aux retraites Jean-Paul Delevoye. Celui-ci avait estim\u00e9 que la \u00abd\u00e9mographie europ\u00e9enne et son vieillissement n\u00e9cessiteraient 50 millions (de personnes) de population \u00e9trang\u00e8re pour \u00e9quilibrer la population active en Europe en 2050\u00bb.<\/p>\n<\/blockquote>\n<p class=\"rtejustify\"><em>F. Z. T. avec agences<\/em><\/p>\n<p class=\"rtejustify\">\u00a0<\/p>\n<\/div>\n<p>Auteur: hlafriqi<br \/>\n<a href=\"https:\/\/www.leconomiste.com\/article\/1056215-ces-routes-migratoires-et-ceux-qui-les-empruntent\">Cliquez ici pour lire l&rsquo;article depuis sa source.<\/a><\/p>\n","protected":false},"excerpt":{"rendered":"<p>Afghans, Syriens\u2026 fuient les conflits et l\u2019instabilit\u00e9 Arriv\u00e9es dans l\u2019UE au plus bas depuis 2013, renvois en hausse Le bilan de l\u2019agence Frontex Quelque 139.000 arriv\u00e9es irr\u00e9guli\u00e8res de migrants ont \u00e9t\u00e9 enregistr\u00e9es dans l\u2019UE en 2019, soit le plus bas niveau depuis 2013, tandis que les renvois vers les pays d\u2019origine sont en hausse. C\u2019est [&hellip;]<\/p>\n","protected":false},"author":1763,"featured_media":0,"comment_status":"closed","ping_status":"closed","sticky":false,"template":"","format":"standard","meta":{"fifu_image_url":"","fifu_image_alt":"","footnotes":""},"categories":[78,54],"tags":[],"class_list":["post-73921","post","type-post","status-publish","format-standard","hentry","category-economie","category-maroc"],"_links":{"self":[{"href":"https:\/\/linitiative.ca\/International\/wp-json\/wp\/v2\/posts\/73921","targetHints":{"allow":["GET"]}}],"collection":[{"href":"https:\/\/linitiative.ca\/International\/wp-json\/wp\/v2\/posts"}],"about":[{"href":"https:\/\/linitiative.ca\/International\/wp-json\/wp\/v2\/types\/post"}],"author":[{"embeddable":true,"href":"https:\/\/linitiative.ca\/International\/wp-json\/wp\/v2\/users\/1763"}],"replies":[{"embeddable":true,"href":"https:\/\/linitiative.ca\/International\/wp-json\/wp\/v2\/comments?post=73921"}],"version-history":[{"count":0,"href":"https:\/\/linitiative.ca\/International\/wp-json\/wp\/v2\/posts\/73921\/revisions"}],"wp:attachment":[{"href":"https:\/\/linitiative.ca\/International\/wp-json\/wp\/v2\/media?parent=73921"}],"wp:term":[{"taxonomy":"category","embeddable":true,"href":"https:\/\/linitiative.ca\/International\/wp-json\/wp\/v2\/categories?post=73921"},{"taxonomy":"post_tag","embeddable":true,"href":"https:\/\/linitiative.ca\/International\/wp-json\/wp\/v2\/tags?post=73921"}],"curies":[{"name":"wp","href":"https:\/\/api.w.org\/{rel}","templated":true}]}}