{"id":73922,"date":"2020-01-23T05:00:00","date_gmt":"2020-01-23T10:00:00","guid":{"rendered":"https:\/\/linitiative.ca\/International\/forum-de-davos-climat-investissement-taxe-gafa-au-menu\/"},"modified":"2020-01-23T05:00:00","modified_gmt":"2020-01-23T10:00:00","slug":"forum-de-davos-climat-investissement-taxe-gafa-au-menu","status":"publish","type":"post","link":"https:\/\/linitiative.ca\/International\/forum-de-davos-climat-investissement-taxe-gafa-au-menu\/","title":{"rendered":"Forum de Davos: Climat, investissement, taxe Gafa\u2026 au menu"},"content":{"rendered":"<div readability=\"34\">\n<p>Les travaux se tiennent du 21 au 24 janvier<\/p>\n<p>Donald Trump et Greta Thunberg en vedette<\/p>\n<\/div>\n<div readability=\"139\">\n<div class=\"dnd-atom-wrapper type-image context-sdl_editor_representation\" contenteditable=\"false\" readability=\"33\">\n<div class=\"dnd-drop-wrapper image\"><img loading=\"lazy\" decoding=\"async\" typeof=\"foaf:Image\" class=\"img-responsive\" src=\"https:\/\/leconomiste.com\/sites\/default\/files\/eco7\/public\/thumbnails\/image\/forum-de-davos-2020-081.jpg\" width=\"660\" height=\"330\" alt=\"forum-de-davos-2020-081.jpg\" title=\"forum-de-davos-2020-081.jpg\"\/><\/div>\n<div class=\"dnd-legend-wrapper\" contenteditable=\"true\" readability=\"11\">\n<p class=\"rtejustify\">Devant le pr\u00e9sident am\u00e9ricain Donald Trump, un auditoire de grands patrons et de responsables politiques. Comme lors de sa premi\u00e8re venue \u00e0 Davos en 2018, l&rsquo;h\u00f4te de la Maison-Blanche a r\u00e9affirm\u00e9 sa politique de \u00abl&rsquo;America First\u00bb <em>(Ph. AFP)<\/em><\/p>\n<\/div>\n<\/div>\n<p class=\"rtejustify\">Le th\u00e8me de la crise climatique a domin\u00e9 l\u2019ouverture du 50e Forum \u00e9conomique mondial pr\u00e9vu du 21 au 24 janvier \u00e0 Davos en Suisse. Lors de son intervention, la jeune militante du climat Greta Thunberg a d\u00e9plor\u00e9 que \u00abrien n&rsquo;ait \u00e9t\u00e9 fait\u00bb pour le climat en d\u00e9pit de tous les discours en faveur de l&rsquo;environnement. Par discours interpos\u00e9s, le pr\u00e9sident am\u00e9ricain Donald Trump qui brigue sa r\u00e9\u00e9lection a fustig\u00e9 les \u00abproph\u00e8tes de malheur du climat et les pr\u00e9dictions d&rsquo;apocalypse\u2026\u00bb.<\/p>\n<p class=\"rtejustify\">A son arriv\u00e9e au Forum, il a une nouvelle fois qualifi\u00e9 son proc\u00e8s en destitution de \u00abfarce et de chasse aux sorci\u00e8res\u2026\u00bb. Parall\u00e8lement aux r\u00e9unions, les grandes institutions (BM, FMI, OCDE, Cnuced, Oxfam\u2026) pr\u00e9sentent leurs diff\u00e9rents rapports. Chaque ann\u00e9e, plusieurs th\u00e8mes sont s\u00e9lectionn\u00e9s:<\/p>\n<p class=\"rtejustify\"><strong>\u25a0 L\u2019impact des investissements:<\/strong> Les flux d&rsquo;investissements directs \u00e9trangers (IDE) dans le monde sont rest\u00e9s stables en 2019, \u00e0 1.390 milliards de dollars, affichant une l\u00e9g\u00e8re baisse de 1% par rapport \u00e0 2018. Le tout dans un contexte de performance macro\u00e9conomique plus faible, d&rsquo;incertitude politique pour les investisseurs et de tensions commerciales, indique la Conf\u00e9rence des Nations unies sur le commerce et le d\u00e9veloppement (Cnuced). Pour 2020, elle pr\u00e9voit une l\u00e9g\u00e8re augmentation des flux d&rsquo;IDE gr\u00e2ce \u00e0 la nouvelle croissance modeste de l&rsquo;\u00e9conomie mondiale. Les b\u00e9n\u00e9fices des entreprises devraient rester \u00e9lev\u00e9s et des signes de baisse des tensions commerciales apparaissent. Cependant, la diminution des projets greenfield de 22% (un indicateur des tendances futures, des risques g\u00e9opolitiques \u00e9lev\u00e9s et les inqui\u00e9tudes concernant une nouvelle \u00e9volution vers des politiques protectionnistes) mod\u00e8re les attentes.<\/p>\n<p class=\"rtejustify\"><strong>\u25a0 Cas de l\u2019Egypte et du Maroc:<\/strong> Les flux d&rsquo;IDE vers l&rsquo;Afrique se sont \u00e9lev\u00e9s \u00e0 environ 49 milliards de dollars, soit une hausse de 3%. L&rsquo;Egypte est rest\u00e9e le principal b\u00e9n\u00e9ficiaire en Afrique avec une augmentation de 5% des entr\u00e9es de capitaux \u00e0 8,5 milliards de dollars. Les efforts du pays pour mettre en \u0153uvre des r\u00e9formes \u00e9conomiques ont renforc\u00e9 la confiance des investisseurs. Alors que les IDE vers le pays \u00e9taient toujours tir\u00e9s par le secteur p\u00e9trolier et gazier, d&rsquo;importants investissements ont \u00e9merg\u00e9 dans l&rsquo;\u00e9conomie non p\u00e9troli\u00e8re, notamment dans les t\u00e9l\u00e9communications, l&rsquo;immobilier et le tourisme. Malgr\u00e9 les performances en Egypte, les IDE vers l&rsquo;Afrique du Nord ont diminu\u00e9 de 11% \u00e0 14 milliards de dollars, en raison d&rsquo;un ralentissement important (45%) des flux vers le Maroc (2 milliards de dollars contre 3,6 milliards de dollars en 2018).<\/p>\n<p class=\"rtejustify\"><strong>\u25a0 Du nouveau c\u00f4t\u00e9 taxe num\u00e9rique:<\/strong> La France envisage de suspendre cette ann\u00e9e le pr\u00e9l\u00e8vement de sa taxe sur le num\u00e9rique. Le but est d&rsquo;\u00e9viter les sanctions am\u00e9ricaines et pour donner plus de temps aux n\u00e9gociations au sein de l&rsquo;OCDE afin de trouver un accord mondial. Les pr\u00e9sidents fran\u00e7ais et am\u00e9ricain Emmanuel Macron et Donald Trump sont tomb\u00e9s d&rsquo;accord pour prolonger les discussions sur cette taxation jusqu&rsquo;\u00e0 la fin de l&rsquo;ann\u00e9e. Le sujet est sur la table des discussions qui auront lieu mercredi \u00e0 Davos entre le ministre fran\u00e7ais des Finances, Bruno Le Maire, et son homologue am\u00e9ricain Steven Mnuchin. Malgr\u00e9 la possibilit\u00e9 d&rsquo;une accalmie dans la guerre commerciale Etats-Unis\/UE sur le volet num\u00e9rique, les inqui\u00e9tudes restent tr\u00e8s fortes en France. Et ce, notamment dans le secteur viticole en raison des menaces de fort alourdissement des taxes am\u00e9ricaines qui p\u00e8sent dans le cadre du diff\u00e9rend a\u00e9ronautique opposant Washington \u00e0 Bruxelles.<\/p>\n<p class=\"rtejustify\"><strong>\u25a0 O\u00f9 vont les richesses:<\/strong> Les femmes sont les grandes perdantes de la r\u00e9partition mondiale des richesses, d\u00e9j\u00e0 extr\u00eamement in\u00e9galitaire, les 2.153 milliardaires de la plan\u00e8te \u00e9tant plus fortun\u00e9s que 60% de la population, d\u00e9nonce Oxfam. L&rsquo;ONG pointe que les 22 hommes les plus riches du monde ont maintenant plus de richesses que toutes les femmes en Afrique. Selon Bloomberg, au moins 119 milliardaires, dont la fortune globale est estim\u00e9e \u00e0 environ 500 milliards de dollars, sont attendus \u00e0 Davos cette ann\u00e9e. Selon les calculs d&rsquo;Oxfam, 42% des femmes dans le monde ne peuvent avoir un travail r\u00e9mun\u00e9r\u00e9 \u00aben raison d&rsquo;une charge trop importante du travail de soin qu&rsquo;on leur fait porter dans le cadre priv\u00e9\/familial\u00bb, contre seulement 6% des hommes.<\/p>\n<p class=\"rtejustify\"><strong>\u25a0 La crise des in\u00e9galit\u00e9s a des solutions:<\/strong> \u00abL&rsquo;une des plus \u00e9videntes consiste \u00e0 r\u00e9former le syst\u00e8me international d&rsquo;imposition des soci\u00e9t\u00e9s, qui est aussi caduc qu\u2019injuste, puisqu&rsquo;il permet aux multinationales de se soustraire syst\u00e9matiquement \u00e0 l&rsquo;imp\u00f4t\u00bb, indique la Commission pour la r\u00e9forme fiscale l\u2019ICRICT. La fraude et l&rsquo;\u00e9vasion fiscales des multinationales accroissent encore l&rsquo;in\u00e9galit\u00e9 des revenus. Car les capitaux propres des entreprises appartiennent pour la plupart directement ou indirectement (par exemple par l&rsquo;interm\u00e9diaire de fonds d&rsquo;investissement) \u00e0 des particuliers fortun\u00e9s qui per\u00e7oivent des b\u00e9n\u00e9fices sous forme de dividendes et de gains en capital. La fiscalit\u00e9 des entreprises est donc l&rsquo;un des outils les plus importants pour lutter contre l&rsquo;in\u00e9galit\u00e9.<\/p>\n<p class=\"rtecenter\"><strong><u>\u00a0\u00a0\u00a0\u00a0\u00a0\u00a0\u00a0\u00a0\u00a0\u00a0\u00a0\u00a0\u00a0\u00a0\u00a0\u00a0\u00a0\u00a0\u00a0\u00a0\u00a0\u00a0\u00a0\u00a0\u00a0\u00a0\u00a0\u00a0\u00a0\u00a0\u00a0\u00a0\u00a0\u00a0\u00a0\u00a0\u00a0\u00a0\u00a0\u00a0\u00a0\u00a0\u00a0\u00a0\u00a0\u00a0\u00a0\u00a0\u00a0\u00a0\u00a0\u00a0\u00a0\u00a0\u00a0\u00a0\u00a0\u00a0\u00a0\u00a0\u00a0\u00a0\u00a0\u00a0\u00a0\u00a0\u00a0\u00a0\u00a0\u00a0\u00a0\u00a0\u00a0\u00a0\u00a0\u00a0\u00a0\u00a0\u00a0\u00a0<\/u><\/strong><\/p>\n<p class=\"rtecenter\"><strong>Les grands d\u00e9fis \u00e9conomiques<\/strong><\/p>\n<p class=\"rtejustify\"><strong>\u25a0\u00a0Fiscalit\u00e9: Une v\u00e9ritable r\u00e9forme<\/strong><br \/>L\u2019ann\u00e9e 2020 pourrait jeter les bases du prochain syst\u00e8me de fiscalit\u00e9 internationale, avec la prochaine r\u00e9union du \u00abCadre inclusif\u00bb de l&rsquo;OCDE (un groupe de 137 pays du monde entier) \u00e0 la fin du mois de janvier \u00e0 Paris. De ce fait, les \u00e9conomistes de l\u2019ICRICT appellent les participants au Forum de Davos de faire pression en faveur d&rsquo;une v\u00e9ritable r\u00e9forme qui profiterait \u00e0 la fois aux pays en d\u00e9veloppement et aux pays d\u00e9velopp\u00e9s. Une r\u00e9forme peu ambitieuse, dict\u00e9e par les pr\u00e9f\u00e9rences d&rsquo;un ou deux pays du G7 ne ferait que saper davantage la l\u00e9gitimit\u00e9 de l&rsquo;OCDE dans son r\u00f4le d&rsquo;institution responsable de l&rsquo;\u00e9tablissement de normes en mati\u00e8re de fiscalit\u00e9 internationale, est-il indiqu\u00e9.<\/p>\n<p class=\"rtejustify\"><strong>\u25a0 Les patrons sceptiques: L<\/strong>a confiance des chefs d&rsquo;entreprise dans la croissance de leur chiffre d&rsquo;affaires est tomb\u00e9e \u00e0 son plus bas niveau depuis 2009, selon une enqu\u00eate r\u00e9alis\u00e9e par le cabinet PwC. Seuls 27% des dirigeants d&rsquo;entreprise se d\u00e9clarent ainsi \u00abtr\u00e8s confiants\u00bb dans la croissance de leur entreprise au cours des 12 prochains mois. Les patrons sont d\u00e9sormais 53% \u00e0 anticiper un ralentissement de la croissance \u00e9conomique, alors qu&rsquo;ils n&rsquo;\u00e9taient que 29% de cet avis l&rsquo;an pass\u00e9. A l&rsquo;inverse, ceux qui pr\u00e9voient une am\u00e9lioration ne sont plus que 22%, contre 42% l&rsquo;an pass\u00e9. Ce manque de confiance serait d\u00fb aux cons\u00e9quences politiques et soci\u00e9tales, des enjeux climatiques, des bouleversements technologiques ou encore de la mont\u00e9e des in\u00e9galit\u00e9s.<\/p>\n<p class=\"rtejustify\"><strong>\u25a0 Climat et syst\u00e8me financier<\/strong> \u00abLe changement climatique pourrait d\u00e9clencher des \u00e9v\u00e9nements susceptibles de d\u00e9stabiliser le syst\u00e8me financier\u00bb, ont fait valoir des \u00e9conomistes de la Banque de r\u00e8glements internationaux et de la Banque de France dans un recueil de travaux examinant les mesures que peuvent prendre les banques centrales. Celles-ci ont un r\u00f4le cl\u00e9 \u00e0 jouer, notamment en d\u00e9veloppant des outils analytiques pour tenir compte des risques climatiques ou en investissant une partie des r\u00e9serves mon\u00e9taires dans des obligations vertes. Pour contribuer \u00e0 l&rsquo;essor des obligations vertes, la BRI a cr\u00e9\u00e9 en septembre un fonds qui doit permettre aux banques centrales d&rsquo;y recourir plus fr\u00e9quemment. Selon une r\u00e9cente \u00e9tude, le rendement des obligations vertes est dans l&rsquo;ensemble comparable \u00e0 ceux d&rsquo;autres obligations, mais l&rsquo;\u00e9troitesse du march\u00e9 et le manque de liquidit\u00e9 freinent encore leur utilisation par les banques centrales.<\/p>\n<p class=\"rtejustify\"><em>Fatim-Zahra TOHRY<\/em><\/p>\n<\/div>\n<p>Auteur: hlafriqi<br \/>\n<a href=\"https:\/\/www.leconomiste.com\/article\/1056205-forum-de-davos-climat-investissement-taxe-gafa-au-menu\">Cliquez ici pour lire l&rsquo;article depuis sa source.<\/a><\/p>\n","protected":false},"excerpt":{"rendered":"<p>Les travaux se tiennent du 21 au 24 janvier Donald Trump et Greta Thunberg en vedette Devant le pr\u00e9sident am\u00e9ricain Donald Trump, un auditoire de grands patrons et de responsables politiques. Comme lors de sa premi\u00e8re venue \u00e0 Davos en 2018, l&rsquo;h\u00f4te de la Maison-Blanche a r\u00e9affirm\u00e9 sa politique de \u00abl&rsquo;America First\u00bb (Ph. AFP) Le [&hellip;]<\/p>\n","protected":false},"author":1763,"featured_media":73923,"comment_status":"closed","ping_status":"closed","sticky":false,"template":"","format":"standard","meta":{"fifu_image_url":"","fifu_image_alt":"","footnotes":""},"categories":[78,54],"tags":[],"class_list":["post-73922","post","type-post","status-publish","format-standard","has-post-thumbnail","hentry","category-economie","category-maroc"],"_links":{"self":[{"href":"https:\/\/linitiative.ca\/International\/wp-json\/wp\/v2\/posts\/73922","targetHints":{"allow":["GET"]}}],"collection":[{"href":"https:\/\/linitiative.ca\/International\/wp-json\/wp\/v2\/posts"}],"about":[{"href":"https:\/\/linitiative.ca\/International\/wp-json\/wp\/v2\/types\/post"}],"author":[{"embeddable":true,"href":"https:\/\/linitiative.ca\/International\/wp-json\/wp\/v2\/users\/1763"}],"replies":[{"embeddable":true,"href":"https:\/\/linitiative.ca\/International\/wp-json\/wp\/v2\/comments?post=73922"}],"version-history":[{"count":0,"href":"https:\/\/linitiative.ca\/International\/wp-json\/wp\/v2\/posts\/73922\/revisions"}],"wp:featuredmedia":[{"embeddable":true,"href":"https:\/\/linitiative.ca\/International\/wp-json\/"}],"wp:attachment":[{"href":"https:\/\/linitiative.ca\/International\/wp-json\/wp\/v2\/media?parent=73922"}],"wp:term":[{"taxonomy":"category","embeddable":true,"href":"https:\/\/linitiative.ca\/International\/wp-json\/wp\/v2\/categories?post=73922"},{"taxonomy":"post_tag","embeddable":true,"href":"https:\/\/linitiative.ca\/International\/wp-json\/wp\/v2\/tags?post=73922"}],"curies":[{"name":"wp","href":"https:\/\/api.w.org\/{rel}","templated":true}]}}