{"id":73928,"date":"2020-01-23T15:14:04","date_gmt":"2020-01-23T20:14:04","guid":{"rendered":"https:\/\/linitiative.ca\/International\/pros-as-monaco-slimani-cherche-bien-a-partir-mais\/"},"modified":"2020-01-23T15:14:04","modified_gmt":"2020-01-23T20:14:04","slug":"pros-as-monaco-slimani-cherche-bien-a-partir-mais","status":"publish","type":"post","link":"https:\/\/linitiative.ca\/International\/pros-as-monaco-slimani-cherche-bien-a-partir-mais\/","title":{"rendered":"Pros : AS Monaco: Slimani cherche bien \u00e0 partir, mais&#8230;"},"content":{"rendered":"<div readability=\"32\">\n<p>Auteur : <span class=\"time\">jeudi 23 janvier 2020 13:20<\/span><\/p>\n<\/div>\n<div id=\"post_core\" readability=\"43\">\n<p>L\u2019entra\u00eeneur de l&rsquo;AS Monaco Robert Moreno n&rsquo;\u00e9carte pas un d\u00e9part de l&rsquo;attaquant pr\u00eat\u00e9 par Leicester Islam Slimani sur ce mercato d&rsquo;hiver. D\u00e9\u00e7u d&rsquo;avoir perdu sa place comme titulaire, l&rsquo;international alg\u00e9rien recherche bel et bien une porte de sortie selon les informations du quotidien L&rsquo;Equipe ce jeudi. Dans le viseur de formations espagnoles et anglaises, le Fennec a m\u00eame fait l&rsquo;objet d&rsquo;une proposition d&rsquo;Aston Villa, jug\u00e9e insuffisante par le club de la Principaut\u00e9. Car pour accepter la fin du pr\u00eat de Slimani, auteur d&rsquo;une belle premi\u00e8re partie de saison, l&rsquo;ASM souhaite se faire indemniser, un \u00e9l\u00e9ment qui complique pour l&rsquo;instant les n\u00e9gociations rapporte Maxifoot.fr.<\/p>\n<p><strong>Publi\u00e9 dans :<\/strong> <span>slimani<\/span> <span>as monaco<\/span><\/p>\n<\/div>\n<p>Auteur:<br \/>\n<a href=\"http:\/\/www.lebuteur.com\/article\/detail?titre=as-monaco-slimani-cherche-bien-a-partir-mais&#038;id=94357&#038;utm_source=feedburner&#038;utm_medium=feed&#038;utm_campaign=Feed%3A+GalerieFArtciles+%28Les+derniers+articles++-+lebuteur.com%29\">Cliquez ici pour lire l&rsquo;article depuis sa source.<\/a><\/p>\n","protected":false},"excerpt":{"rendered":"<p>Auteur : jeudi 23 janvier 2020 13:20 L\u2019entra\u00eeneur de l&rsquo;AS Monaco Robert Moreno n&rsquo;\u00e9carte pas un d\u00e9part de l&rsquo;attaquant pr\u00eat\u00e9 par Leicester Islam Slimani sur ce mercato d&rsquo;hiver. D\u00e9\u00e7u d&rsquo;avoir perdu sa place comme titulaire, l&rsquo;international alg\u00e9rien recherche bel et bien une porte de sortie selon les informations du quotidien L&rsquo;Equipe ce jeudi. Dans le [&hellip;]<\/p>\n","protected":false},"author":1738,"featured_media":73929,"comment_status":"closed","ping_status":"closed","sticky":false,"template":"","format":"standard","meta":{"fifu_image_url":"","fifu_image_alt":"","footnotes":""},"categories":[53,75],"tags":[],"class_list":["post-73928","post","type-post","status-publish","format-standard","has-post-thumbnail","hentry","category-algerie","category-sport"],"_links":{"self":[{"href":"https:\/\/linitiative.ca\/International\/wp-json\/wp\/v2\/posts\/73928","targetHints":{"allow":["GET"]}}],"collection":[{"href":"https:\/\/linitiative.ca\/International\/wp-json\/wp\/v2\/posts"}],"about":[{"href":"https:\/\/linitiative.ca\/International\/wp-json\/wp\/v2\/types\/post"}],"author":[{"embeddable":true,"href":"https:\/\/linitiative.ca\/International\/wp-json\/wp\/v2\/users\/1738"}],"replies":[{"embeddable":true,"href":"https:\/\/linitiative.ca\/International\/wp-json\/wp\/v2\/comments?post=73928"}],"version-history":[{"count":0,"href":"https:\/\/linitiative.ca\/International\/wp-json\/wp\/v2\/posts\/73928\/revisions"}],"wp:featuredmedia":[{"embeddable":true,"href":"https:\/\/linitiative.ca\/International\/wp-json\/"}],"wp:attachment":[{"href":"https:\/\/linitiative.ca\/International\/wp-json\/wp\/v2\/media?parent=73928"}],"wp:term":[{"taxonomy":"category","embeddable":true,"href":"https:\/\/linitiative.ca\/International\/wp-json\/wp\/v2\/categories?post=73928"},{"taxonomy":"post_tag","embeddable":true,"href":"https:\/\/linitiative.ca\/International\/wp-json\/wp\/v2\/tags?post=73928"}],"curies":[{"name":"wp","href":"https:\/\/api.w.org\/{rel}","templated":true}]}}