{"id":73930,"date":"2020-01-23T15:14:06","date_gmt":"2020-01-23T20:14:06","guid":{"rendered":"https:\/\/linitiative.ca\/International\/international-edf-le-graet-ouvre-grand-la-porte-a-zidane\/"},"modified":"2020-01-23T15:14:06","modified_gmt":"2020-01-23T20:14:06","slug":"international-edf-le-graet-ouvre-grand-la-porte-a-zidane","status":"publish","type":"post","link":"https:\/\/linitiative.ca\/International\/international-edf-le-graet-ouvre-grand-la-porte-a-zidane\/","title":{"rendered":"International : EdF: Le Gra\u00ebt ouvre grand la porte \u00e0 Zidane !"},"content":{"rendered":"<div readability=\"32\">\n<p>Auteur : <span class=\"time\">jeudi 23 janvier 2020 13:32<\/span><\/p>\n<\/div>\n<div id=\"post_core\" readability=\"46\">\n<p>Depuis que Zinedine Zidane a entam\u00e9 avec brio sa carri\u00e8re d\u2019entra\u00eeneur, son nom revient avant insistance pour prendre le poste de s\u00e9lectionneur de l\u2019\u00e9quipe de France. Toutefois, pour le moment ce r\u00f4le est occup\u00e9 par Didier Deschamps avec r\u00e9ussite. Finaliste de l\u2019Euro 2016 et Champion du monde en 2018, l\u2019ancien entra\u00eeneur de l\u2019OM a r\u00e9cemment prolong\u00e9 son contrat avec la FFF jusqu\u2019en 2022, date de la Coupe du monde au Qatar. Mais apr\u00e8s cette date, tout est possible et si Didier Deschamps venait \u00e0 quitter son poste, Zinedine Zidane sera un pr\u00e9tendant s\u00e9rieux comme l\u2019assure No\u00ebl Le Gra\u00ebt. \u00ab Le jour o\u00f9 Didier partira, d\u00e9cidera de partir ou ne sera pas renouvel\u00e9, si Zidane est disponible, il sera l&rsquo;homme de la situation. Il y a le Qatar. Didier sera pr\u00e9sent et peut-\u00eatre apr\u00e8s, je n&rsquo;en sais rien \u00bb, assure le pr\u00e9sident de la FFF au micro de Canal+ comme rapport\u00e9 par Le 10 Sport.<\/p>\n<p><strong>Publi\u00e9 dans :<\/strong> <span>Zidane<\/span><\/p>\n<\/div>\n<p>Auteur:<br \/>\n<a href=\"http:\/\/www.lebuteur.com\/article\/detail?titre=edf-le-graet-ouvre-grand-la-porte-a-zidane&#038;id=94358&#038;utm_source=feedburner&#038;utm_medium=feed&#038;utm_campaign=Feed%3A+GalerieFArtciles+%28Les+derniers+articles++-+lebuteur.com%29\">Cliquez ici pour lire l&rsquo;article depuis sa source.<\/a><\/p>\n","protected":false},"excerpt":{"rendered":"<p>Auteur : jeudi 23 janvier 2020 13:32 Depuis que Zinedine Zidane a entam\u00e9 avec brio sa carri\u00e8re d\u2019entra\u00eeneur, son nom revient avant insistance pour prendre le poste de s\u00e9lectionneur de l\u2019\u00e9quipe de France. Toutefois, pour le moment ce r\u00f4le est occup\u00e9 par Didier Deschamps avec r\u00e9ussite. Finaliste de l\u2019Euro 2016 et Champion du monde en [&hellip;]<\/p>\n","protected":false},"author":1738,"featured_media":73931,"comment_status":"closed","ping_status":"closed","sticky":false,"template":"","format":"standard","meta":{"fifu_image_url":"","fifu_image_alt":"","footnotes":""},"categories":[53,75],"tags":[],"class_list":["post-73930","post","type-post","status-publish","format-standard","has-post-thumbnail","hentry","category-algerie","category-sport"],"_links":{"self":[{"href":"https:\/\/linitiative.ca\/International\/wp-json\/wp\/v2\/posts\/73930","targetHints":{"allow":["GET"]}}],"collection":[{"href":"https:\/\/linitiative.ca\/International\/wp-json\/wp\/v2\/posts"}],"about":[{"href":"https:\/\/linitiative.ca\/International\/wp-json\/wp\/v2\/types\/post"}],"author":[{"embeddable":true,"href":"https:\/\/linitiative.ca\/International\/wp-json\/wp\/v2\/users\/1738"}],"replies":[{"embeddable":true,"href":"https:\/\/linitiative.ca\/International\/wp-json\/wp\/v2\/comments?post=73930"}],"version-history":[{"count":0,"href":"https:\/\/linitiative.ca\/International\/wp-json\/wp\/v2\/posts\/73930\/revisions"}],"wp:featuredmedia":[{"embeddable":true,"href":"https:\/\/linitiative.ca\/International\/wp-json\/"}],"wp:attachment":[{"href":"https:\/\/linitiative.ca\/International\/wp-json\/wp\/v2\/media?parent=73930"}],"wp:term":[{"taxonomy":"category","embeddable":true,"href":"https:\/\/linitiative.ca\/International\/wp-json\/wp\/v2\/categories?post=73930"},{"taxonomy":"post_tag","embeddable":true,"href":"https:\/\/linitiative.ca\/International\/wp-json\/wp\/v2\/tags?post=73930"}],"curies":[{"name":"wp","href":"https:\/\/api.w.org\/{rel}","templated":true}]}}