{"id":73932,"date":"2020-01-23T15:14:09","date_gmt":"2020-01-23T20:14:09","guid":{"rendered":"https:\/\/linitiative.ca\/International\/international-le-real-madrid-recrute-hugo-vallejo\/"},"modified":"2020-01-23T15:14:09","modified_gmt":"2020-01-23T20:14:09","slug":"international-le-real-madrid-recrute-hugo-vallejo","status":"publish","type":"post","link":"https:\/\/linitiative.ca\/International\/international-le-real-madrid-recrute-hugo-vallejo\/","title":{"rendered":"International : Le Real Madrid recrute Hugo Vallejo"},"content":{"rendered":"<div readability=\"32\">\n<p>Auteur : <span class=\"time\">jeudi 23 janvier 2020 19:51<\/span><\/p>\n<\/div>\n<div id=\"post_core\" readability=\"41\">\n<p>L\u2019information n\u2019est pas encore officielle, mais quelques jours apr\u00e8s avoir officialis\u00e9 l\u2019arriv\u00e9e de la p\u00e9pite br\u00e9silienne Reinier, le Real Madrid a verrouill\u00e9 une autre jeune recrue selon le quotidien local AS. Il s\u2019agit de l\u2019ailier de Malaga, Hugo Vallejo. Ag\u00e9 de 19 ans, ce dernier a sign\u00e9 un contrat avec la Casa Blanca jusqu\u2019en 2023 apr\u00e8s avoir refus\u00e9 de prolonger avec le club andalou. Il ne d\u00e9barquera pas tout de suite dans la capitale espagnole puisqu\u2019il sera pr\u00eat\u00e9 au Deportivo La Corogne jusqu\u2019\u00e0 la fin de la saison. le montant du transfert n\u2019est pas pr\u00e9cis\u00e9 rapporte Foot Mercato.<\/p>\n<p><strong>Publi\u00e9 dans :<\/strong> <span>real madrid<\/span><\/p>\n<\/div>\n<p>Auteur:<br \/>\n<a href=\"http:\/\/www.lebuteur.com\/article\/detail?titre=le-real-madrid-recrute-hugo-vallejo&#038;id=94359&#038;utm_source=feedburner&#038;utm_medium=feed&#038;utm_campaign=Feed%3A+GalerieFArtciles+%28Les+derniers+articles++-+lebuteur.com%29\">Cliquez ici pour lire l&rsquo;article depuis sa source.<\/a><\/p>\n","protected":false},"excerpt":{"rendered":"<p>Auteur : jeudi 23 janvier 2020 19:51 L\u2019information n\u2019est pas encore officielle, mais quelques jours apr\u00e8s avoir officialis\u00e9 l\u2019arriv\u00e9e de la p\u00e9pite br\u00e9silienne Reinier, le Real Madrid a verrouill\u00e9 une autre jeune recrue selon le quotidien local AS. Il s\u2019agit de l\u2019ailier de Malaga, Hugo Vallejo. Ag\u00e9 de 19 ans, ce dernier a sign\u00e9 un [&hellip;]<\/p>\n","protected":false},"author":1738,"featured_media":73933,"comment_status":"closed","ping_status":"closed","sticky":false,"template":"","format":"standard","meta":{"fifu_image_url":"","fifu_image_alt":"","footnotes":""},"categories":[53,75],"tags":[],"class_list":["post-73932","post","type-post","status-publish","format-standard","has-post-thumbnail","hentry","category-algerie","category-sport"],"_links":{"self":[{"href":"https:\/\/linitiative.ca\/International\/wp-json\/wp\/v2\/posts\/73932","targetHints":{"allow":["GET"]}}],"collection":[{"href":"https:\/\/linitiative.ca\/International\/wp-json\/wp\/v2\/posts"}],"about":[{"href":"https:\/\/linitiative.ca\/International\/wp-json\/wp\/v2\/types\/post"}],"author":[{"embeddable":true,"href":"https:\/\/linitiative.ca\/International\/wp-json\/wp\/v2\/users\/1738"}],"replies":[{"embeddable":true,"href":"https:\/\/linitiative.ca\/International\/wp-json\/wp\/v2\/comments?post=73932"}],"version-history":[{"count":0,"href":"https:\/\/linitiative.ca\/International\/wp-json\/wp\/v2\/posts\/73932\/revisions"}],"wp:featuredmedia":[{"embeddable":true,"href":"https:\/\/linitiative.ca\/International\/wp-json\/"}],"wp:attachment":[{"href":"https:\/\/linitiative.ca\/International\/wp-json\/wp\/v2\/media?parent=73932"}],"wp:term":[{"taxonomy":"category","embeddable":true,"href":"https:\/\/linitiative.ca\/International\/wp-json\/wp\/v2\/categories?post=73932"},{"taxonomy":"post_tag","embeddable":true,"href":"https:\/\/linitiative.ca\/International\/wp-json\/wp\/v2\/tags?post=73932"}],"curies":[{"name":"wp","href":"https:\/\/api.w.org\/{rel}","templated":true}]}}