{"id":73934,"date":"2020-01-22T18:00:00","date_gmt":"2020-01-22T23:00:00","guid":{"rendered":"https:\/\/linitiative.ca\/International\/le-president-tebboune-recoit-des-responsables-de-medias-demarche-pour-la-nouvelle-algerie\/"},"modified":"2020-01-22T18:00:00","modified_gmt":"2020-01-22T23:00:00","slug":"le-president-tebboune-recoit-des-responsables-de-medias-demarche-pour-la-nouvelle-algerie","status":"publish","type":"post","link":"https:\/\/linitiative.ca\/International\/le-president-tebboune-recoit-des-responsables-de-medias-demarche-pour-la-nouvelle-algerie\/","title":{"rendered":"Le pr\u00e9sident Tebboune re\u00e7oit des responsables de m\u00e9dias : D\u00e9marche pour la nouvelle Alg\u00e9rie"},"content":{"rendered":"<p><strong>Une vision novatrice<\/strong><\/p>\n<p>Par : Larbi Timizar<\/p>\n<p>Des innovations introduites dans les m\u00e9thodes de gouvernance de la chose publique durant cette courte p\u00e9riode du mandat du pr\u00e9sident de la R\u00e9publique, M. Abdelmadjid Tebboune, la conduite de la communication para\u00eet constituer un sujet d\u2019int\u00e9r\u00eat majeur tant la situation que vit le pays requiert les vertus de l\u2019\u00e9change, de la concertation et du dialogue.\u2008Son opposition \u00e0 se faire appeler \u00abfakhamatouhou\u00bb constituait d\u00e9j\u00e0 un signe pr\u00e9curseur d\u2019une nouvelle fa\u00e7on de construire la relation avec l\u2019autre, avec les autres. C\u2019est en partant de cette forte conviction de la n\u00e9cessit\u00e9 de parler \u00e0 l\u2019autre, de l\u2019\u00e9couter, qu\u2019il a commenc\u00e9 \u00e0 recevoir, pour des \u00e9changes directs et sinc\u00e8res, un large panel de personnalit\u00e9s, avec comme objectif de briser les murs, souvent \u00able froid\u00bb, de redonner \u00e0 tout un chacun la place qui lui revient et de convaincre que l\u2019\u0153uvre de relance du pays requiert la contribution de tous. La rencontre, hier, entre des m\u00e9dias nationaux et le Pr\u00e9sident Tebboune s\u2019inscrit dans une d\u00e9marche qui vise \u00e0 donner une nouvelle dynamique au droit du citoyen \u00e0 l\u2019information et au devoir de la presse nationale d\u2019informer, de servir de vecteur aux \u00e9changes entre les d\u00e9cideurs et les citoyens gouvern\u00e9s.<br \/>C\u2019est ainsi que parmi les mesures prises d\u00e8s son installation au palais d\u2019El-Mouradia, il a nomm\u00e9 un ministre conseiller \u00e0 la communication, porte-parole officiel de la pr\u00e9sidence de la R\u00e9publique, M. Bela\u00efd Mohand Oussa\u00efd. Le Pr\u00e9sident, lui-m\u00eame, va, au cours de la rencontre, rappeler l\u2019importance de cette fonction qui rompt avec les pratiques du pass\u00e9.<br \/>Dans le prolongement de cette d\u00e9marche au niveau de l\u2019Ex\u00e9cutif, le Pr\u00e9sident a nomm\u00e9 comme ministre de la Communication, une personnalit\u00e9 qui reste avant tout un journaliste professionnel, M. Ammar Belhimer.<br \/>Cette nomination s\u2019inscrit, \u00e0 notre sens, dans cette m\u00eame d\u00e9marche qui vise \u00e0 insuffler un nouvel \u00e9lan au secteur. Le fait de faire appel \u00e0 un journaliste aguerri indique clairement que le point nodal de toutes les actions \u00e0 venir rel\u00e8vera d\u2019une volont\u00e9 de r\u00e9former le secteur et de moderniser ses outils.<br \/>Le nouveau ministre a d\u00e9j\u00e0 engag\u00e9 ses cadres dans un travail de r\u00e9flexion pour une profonde r\u00e9forme de la presse en butte \u00e0 une situation complexe o\u00f9 la politique et l\u2019argent sale ont beaucoup jou\u00e9. Alors que dans un pass\u00e9 pas tr\u00e8s lointain, la presse nationale a eu \u00e0 souffrir de l\u2019emprise du politique, au temps du parti unique, l\u2019ouverture entam\u00e9e au d\u00e9but des ann\u00e9es 1990 a vu d\u00e9barquer les forces de l\u2019argent, qui ont impos\u00e9 des d\u00e9fis et des contraintes d\u2019un type nouveau \u00e0 la corporation.<br \/>Le challenge pour la feuille de route gouvernementale consiste \u00e0 mettre en place un cadre nouveau \u00e0 m\u00eame de pr\u00e9server le journaliste des pressions du politique et de la \u00abch\u2019kara\u00bb.<br \/>L\u2019Alg\u00e9rie, \u00e9tant int\u00e9gr\u00e9e dans le processus de mondialisation, doit \u00e9galement r\u00e9ussir sa mutation num\u00e9rique pour esp\u00e9rer disposer d\u2019un paysage audiovisuel performant, \u00e0 tout le moins sur le plan technique.<br \/>Elle doit \u00eatre au rendez-vous des \u00e9ch\u00e9ances internationales par une g\u00e9n\u00e9ralisation des proc\u00e9d\u00e9s num\u00e9riques de production et de diffusion audiovisuelle.<br \/>Cela commence avec les meilleures perspectives possibles pour la promotion de la libert\u00e9 d\u2019expression, la transparence dans la gestion des affaires de l\u2019\u00c9tat, dans la r\u00e9ponse aux revendications et aux esp\u00e9rances du peuple.<br \/>Le Pr\u00e9sident Abdelmadjid Tebboune l\u2019a r\u00e9it\u00e9r\u00e9 hier : il veut faire de la communication officielle et de la relation avec ce qui pourrait \u00eatre le \u00abquatri\u00e8me pouvoir\u00bb, une d\u00e9marche constance, et a annonc\u00e9 que d\u2019autres rencontres du genre auront lieu r\u00e9guli\u00e8rement.<br \/>L.\u2008T.<\/p>\n<p>&#8212;&#8212;&#8212;&#8212;&#8212;&#8212;&#8212;&#8212;&#8212;&#8212;<\/p>\n<p>Poursuite des concertations avec les personnalit\u00e9s<\/p>\n<p>Le pr\u00e9sident de la R\u00e9publique, Abdelmadjid Tebboune, lors d\u2019une entrevue, hier, avec des responsables des m\u00e9dias publics et priv\u00e9s, la premi\u00e8re du genre, a tenu \u00e0 rappeler ses engagements exprim\u00e9s, lors de la campagne \u00e9lectorale.<br \/>Le pr\u00e9sident de la R\u00e9publique a indiqu\u00e9, tout d\u2019abord, que des entrevues avec les m\u00e9dias seront organis\u00e9es chaque mois, ou dans un d\u00e9lai d\u2019un mois et demi, afin d\u2019\u00e9clairer l\u2019opinion publique sur l\u2019actualit\u00e9, notamment nationale, \u00aben toute transparence et sans autocensure\u00bb, a-t-il assur\u00e9, rappelant que c\u2019\u00e9tait l\u2019un des engagements de son programme de campagne \u00e9lectorale.<br \/>En r\u00e9ponse \u00e0 la question de Djamel La\u00e2lami, r\u00e9dacteur en chef du quotidien arabophone Echourouk El Yaoumi, sur les consultations avec des personnalit\u00e9s politiques et des responsables de partis politiques : est-ce qu\u2019elles seront sanctionn\u00e9es par une conf\u00e9rence de consensus national ou une plateforme globale autour du projet de \u00abla nouvelle r\u00e9publique\u00bb et est-ce que l\u2019ancien pr\u00e9sident de la R\u00e9publique Liamine Zeroual sera-t-il invit\u00e9 aux consultations ? M. Tebboune a indiqu\u00e9 que les consultations se poursuivent avec des personnalit\u00e9s qui jouissent d\u2019exp\u00e9riences dans l\u2019exercice politique et ont adopt\u00e9 cette d\u00e9marche. Dans ce sens, il a affirm\u00e9 que l\u2019\u00e9laboration du projet d\u2019amendement de la Constitution sera \u00e9largie \u00e0 d\u2019autres personnalit\u00e9s, rappelant que \u00abl\u2019\u00e9laboration du projet a \u00e9t\u00e9 confi\u00e9e \u00e0 des experts\u00bb. M. Tebboune a, en outre, assur\u00e9 que \u00abnous sommes ouverts \u00e0 toutes les propositions\u00bb.<br \/>S\u2019agissant de l\u2019ancien pr\u00e9sident, il a affirm\u00e9 que \u00abLiamine Zeroual est un homme qui a une longue exp\u00e9rience dans l\u2019exercice politique et est \u00e9galement proche des citoyens\u00bb. Le Pr\u00e9sident a exprim\u00e9 son respect \u00e0 cette personnalit\u00e9 qu\u2019il a connue lorsqu\u2019il \u00e9tait directeur de l\u2019\u00c9cole militaire \u00e0 Batna. \u00abIl \u00e9tait officier avec grade de commandant. M. Zeroual est un alg\u00e9rien int\u00e8gre, honn\u00eate et nationaliste. Il n\u2019a, \u00e0 aucune moment, tourn\u00e9 le dos au pays. Je t\u00e9moigne que c\u2019est un homme humble, proche des d\u00e9munis\u00bb. Le Pr\u00e9sident Tebboune a indiqu\u00e9, par ailleurs, que Liamine Zeroual soutient sa d\u00e9marche, \u00abmais il ne peut en ce moment se d\u00e9placer dans la capitale. Il le fera d\u00e8s que possible et quand la situation le permettra ; je n\u2019h\u00e9siterais pas \u00e0 me d\u00e9placer personnellement chez lui. Son avis est tr\u00e8s important\u00bb, a-t-il assur\u00e9.<br \/>Ces consultations s\u2019inscrivent-elles \u00e9galement dans le cadre de la satisfaction des revendications du Hirak ? s\u2019est interrog\u00e9 le repr\u00e9sentant d\u2019El Bilad. M. Tebboune a tenu \u00e0 pr\u00e9ciser qu\u2019il s\u2019est engag\u00e9, lors de la campagne \u00e9lectorale, \u00e0 concr\u00e9tiser les revendications du mouvement populaire. Il a assur\u00e9 que certaines ont \u00e9t\u00e9 concr\u00e9tis\u00e9es, d\u2019autres sont en cours et d\u2019autres \u00e0 caract\u00e8re politique seront mises en \u0153uvre. Pour preuve, citera-t-il la r\u00e9vision de la Constitution et les r\u00e9formes des institutions. M. Tebboune a cit\u00e9, dans le m\u00eame ordre d\u2019id\u00e9es, la lutte contre la corruption, l\u2019exclusion, ainsi que la moralisation de la vie politique. Pour ce qui est des personnalit\u00e9s re\u00e7ues dans le cadre des consultations, le Pr\u00e9sident a indiqu\u00e9 : \u00abJe n\u2019ai pas demand\u00e9 s\u2019ils repr\u00e9sentent du hirak, mais ils ont un poids dans la soci\u00e9t\u00e9.<br \/>\u00a0Il y a des failles dans la Constitution actuelle qui n\u2019est pas conforme et n\u2019a pas \u00e9t\u00e9 \u00e0 la mesure de la crise qu\u2019a travers\u00e9e le pays. Nous m\u00e8nerons le projet jusqu\u2019\u00e0 terme, mais sans toucher aux constantes nationales. Notre identit\u00e9 est claire. Le peuple a tranch\u00e9. Nous avons constat\u00e9 une coh\u00e9sion sociale et un engagement pour la pr\u00e9servation de l\u2019unit\u00e9 nationale, d\u2019o\u00f9 la n\u00e9cessit\u00e9 de r\u00e9viser la Constitution afin d\u2019\u00e9viter une \u00e9ventuelle crise. La Constitution doit \u00eatre \u00e0 la hauteur des enjeux et d\u00e9fis.\u00bb<br \/>En r\u00e9ponse \u00e0 la question du repr\u00e9sentant d\u2019 El Hayet, Habet Hannachi, sur les d\u00e9lais de la r\u00e9vision de la Constitution et la tenue des \u00e9lections l\u00e9gislatives et communales anticip\u00e9es, le pr\u00e9sident de la R\u00e9publique a, d\u2019abord, indiqu\u00e9, concernant le comit\u00e9 d\u2019experts, qu\u2019il est compos\u00e9 de 15 juristes qui ma\u00eetrisent leur sujet.<br \/>\u00abLa premi\u00e8re mouture du projet sera une base de discussion ouverte \u00e0 toutes les cat\u00e9gories de citoyens pour enrichissement.<br \/>Des consultations auront lieu avec d&rsquo;autres acteurs politiques avant la publication d&rsquo;un texte qui sera soumis \u00e0 l\u2019approbation des Alg\u00e9riens. Les observations seront prises en charge, car l\u2019essentiel est d\u2019aller vers une constitution qui r\u00e9ponde \u00e0 toutes les attentes, les pr\u00e9occupations et les aspirations\u00bb, dit-il. M. Tebboune a, en outre, affirm\u00e9 qu\u2019apr\u00e8s l\u2019adoption par les deux chambres, le projet de Constitution sera soumis au r\u00e9f\u00e9rendum populaire, sous la supervision de l\u2019ANIE. Le Pr\u00e9sident a \u00e9galement annonc\u00e9 que le d\u00e9bat au niveau de l\u2019APN sera t\u00e9l\u00e9vis\u00e9 afin de permettre aux citoyens de prendre connaissance du texte et des remarques des parlementaires, et \u00e9laborer une constitution consensuelle et non pas faite \u00absur mesure pour des personnes ou une cat\u00e9gorie de personnes\u00bb, soulignant l\u2019imp\u00e9ratif de l\u2019application de la Constitution. \u00abC\u2019est l\u2019esprit m\u00eame de la d\u00e9mocratie\u00bb, affirme-t-il. Le chef de l\u2019\u00c9tat a \u00e9galement mis l\u2019accent sur la r\u00e9vision d\u2019autres lois. \u00abLa Constitution devra \u00eatre accompagn\u00e9e de lois conformes\u00bb, estime-t-il.<br \/>S\u2019agissant de la loi \u00e9lectorale, M. Tebboune a soutenu qu\u2019elle viendra en 2e position. \u00abTout le monde se plaint, \u00e0 tort ou \u00e0 raison, de cette loi. On \u00e9voque souvent des malversations, d\u2019o\u00f9 la n\u00e9cessit\u00e9 d\u2019une loi rigoureuse qui criminalise l\u2019intrusion de l\u2019argent, afin de cr\u00e9er une nouvelle \u00e9lite et classe politiques\u00bb, souligne-t-il, ajoutant qu\u2019\u00abil y a de jeunes comp\u00e9tences honn\u00eates et patriotiques. Il faut aller vers le d\u00e9veloppement, la prosp\u00e9rit\u00e9 et la moralisation\u00bb.<br \/>M. Tebboune a rappel\u00e9 \u00e9galement ses engagements et a tenu \u00e0 assurer que la presse est un partenaire. \u00abJe ne vous consid\u00e8re pas comme ennemis ou adversaires. Bien au contraire, nous sommes des partenaires. Nous sommes des d\u00e9cideurs et vous \u00eates des faiseurs d\u2019opinion\u00bb, dit-il. Le Pr\u00e9sident a tenu \u00e0 pr\u00e9ciser que \u00able porte-parole de la pr\u00e9sidence est dispos\u00e9, \u00e0 titre officiel, \u00e0 r\u00e9pondre \u00e0 toutes les questions afin de d\u00e9jouer toute tentative malsaine\u00bb.<br \/>Neila B.<\/p>\n<p>&#8212;&#8212;&#8212;&#8212;&#8212;&#8212;&#8212;&#8212;&#8212;&#8212;-<\/p>\n<p>Relations ext\u00e9rieures<br \/><strong>L\u2019Alg\u00e9rie continue ses efforts\u00a0 de recherche\u00a0 de la paix<\/strong><\/p>\n<p>Au chapitre de la politique \u00e9trang\u00e8re, le Pr\u00e9sident a \u00e9voqu\u00e9 les dossiers libyen, du Sahara occidental et des relations avec la France.<br \/>\u00a0Le Pr\u00e9sident a rappel\u00e9 la disponibilit\u00e9 de l\u2019Alg\u00e9rie \u00e0 accueillir une rencontre de dialogue entre les parties libyennes et a soulign\u00e9 que lors de la conf\u00e9rence de Berlin, les parties prenantes avaient \u00e0 l\u2019esprit les traditions du pays dans le r\u00e8glement de conflits, et en donne les exemples de l\u2019Iran et du Mali.<br \/>M. Tebboune note que les membres permanents du Conseil de s\u00e9curit\u00e9 de l\u2019ONU sont d\u2019accord pour cesser la livraison d\u2019armes, en ajoutant qu\u2019il existe un consensus sur les propositions de l\u2019Alg\u00e9rie en soulignant qu\u2019il ne s\u2019agit pas de chercher des zones d\u2019influence.<br \/>Il rappelle les d\u00e9clarations du pr\u00e9sident du Conseil pr\u00e9sidentiel du Gouvernement d&rsquo;union nationale, Fayez Mustapha Serradj, et de Khalifa Haftar qui ont annonc\u00e9 que l\u2019Alg\u00e9rie a des atouts pour contribuer au r\u00e8glement de la crise, en pr\u00e9cisant que les composantes de la soci\u00e9t\u00e9 acceptent aussi la m\u00e9diation.<br \/>\u00abLa guerre est en Libye est une guerre par procuration et certains cherchent des zones d\u2019influence \u00e0 travers ce conflit\u00bb, analyse le Pr\u00e9sident Tebboune qui estime que la s\u00e9curit\u00e9 de la Libye rel\u00e8ve de la s\u00e9curit\u00e9 de l\u2019Alg\u00e9rie. \u00abEn outre, m\u00eame la France a accept\u00e9 le principe selon lequel l\u2019Alg\u00e9rie est un acteur important dans le r\u00e8glement du conflit\u00bb, dit le Pr\u00e9sident, tout en \u00e9voquant la rencontre des pays voisins de la Libye pr\u00e9vue aujourd\u2019hui.<br \/>M. Tebboune a exprim\u00e9 son optimisme du fait que les Libyens aient pu accepter la m\u00e9diation.<br \/>Le Pr\u00e9sident a aussi abord\u00e9 le dossier sahraoui, en rappelant que la RASD est membre fondateur de l\u2019UA et qu\u2019il est inadmissible qu\u2019elle soit frapp\u00e9e dans le dos, alors qu\u2019il faut, au contraire, s\u2019en tenir au respect de la charte de l\u2019organisation r\u00e9gionale.Il faut laisser l\u2019UA et l\u2019ONU agir, \u00e0 propos de ce dossier, a-t-il pr\u00e9conis\u00e9.\u00a0 \u00ab Nous n\u2019allons pas nous taire quelles que soient les pressions. Le dossier du Sahara est une question de d\u00e9colonisation, selon les r\u00e9solutions de l\u2019ONU et de l\u2019UA, et nous n\u2019allons pas accepter le fait accompli\u00bb, a-t-il fait observer.\u00a0 \u00c0 propos des relations avec la France, le Pr\u00e9sident a indiqu\u00e9 qu\u2019il y a eu une p\u00e9riode de stagnation des relations, car il y avait un rejet des vell\u00e9it\u00e9s d\u2019ing\u00e9rence dans les affaires internes, comme exprim\u00e9 par certaines parties. L\u2019Alg\u00e9rie a une sensibilit\u00e9 particuli\u00e8re, \u00e0 propos de la souverainet\u00e9 nationale, a-t-il rappel\u00e9. \u00abNous avons notre souverainet\u00e9 et nos int\u00e9r\u00eats qu\u2019il faut respecter\u00bb, mentionne-t-il.<br \/>Selon le Pr\u00e9sident, l\u2019Alg\u00e9rie n\u2019accepte pas d\u2019\u00eatre influenc\u00e9e par une partie quelconque et elle ne d\u00e9viera pas de la politique de la recherche de la paix.<\/p>\n<p>&#8212;&#8212;&#8212;&#8212;&#8212;&#8212;&#8212;&#8212;&#8212;&#8212;&#8212;&#8211;<\/p>\n<p>Pas de diff\u00e9rence entre<br \/><strong>Un journaliste du secteur public et celui du priv\u00e9<\/strong><\/p>\n<p>Mohamed Beghali s\u2019est interrog\u00e9 sur les mesures pratiques pour la promotion et la r\u00e9habilitation du secteur de la presse. \u00c0 ce sujet, le Pr\u00e9sident \u00e0 r\u00e9it\u00e9r\u00e9 son \u00abengagement pour une libert\u00e9 absolue, mais en luttant contre l\u2019insulte, l\u2019injure et la diffamation\u00bb. Le Pr\u00e9sident a longuement plaid\u00e9 pour une presse professionnelle et un contenu de qualit\u00e9, ainsi que pour l\u2019organisation de la corporation. M. Tebboune a \u00e9galement assur\u00e9 qu\u2019il ne fait pas de diff\u00e9rence entre les journalistes du secteur priv\u00e9 et ceux du public. S\u2019agissant de la situation socioprofessionnelle des journalistes, M. Tebboune a indiqu\u00e9 que le journaliste est un citoyen ayant le droit au logement. \u00abToutefois, dit-il, j\u2019ai refus\u00e9 le syst\u00e8me de quota pour la presse et pour d\u2019autres secteurs. Les journalistes peuvent cr\u00e9er des coop\u00e9ratives pour b\u00e9n\u00e9ficier des logements\u00bb, a-t-il estim\u00e9. Il a insist\u00e9, en outre, sur la formation et le respect des droits des journalistes, notamment la couverture sociale, relevant que des journalistes sont mal pay\u00e9s alors qu\u2019ils exercent dans des entreprises riches qui poss\u00e8dent des biens. Le Pr\u00e9sident a rappel\u00e9 l\u2019existence de 160 quotidiens. \u00abDes journaux forts ont r\u00e9ussi \u00e0 s\u2019imposer, y compris au niveau international\u00bb, dit-il. Concernant l\u2019ARAV, le pr\u00e9sident de la R\u00e9publique a indiqu\u00e9 qu\u2019il a instruit le nouveau directeur pour bien assurer sa mission, notamment le suivi et le contr\u00f4le des contenus. \u00c0 l\u2019occasion, le Pr\u00e9sident Tebboune r\u00e9it\u00e9r\u00e9 son engagement pour accompagner et soutenir la presse nationale, notamment la cr\u00e9ation de clubs de journalistes, ainsi que des syndicats.<\/p>\n<p><strong>\u00abNon \u00e0 l\u2019atteinte \u00e0 la dignit\u00e9 des harraga alg\u00e9riens !\u00bb<\/strong><\/p>\n<p>\u00c0 une question du repr\u00e9sentant de la t\u00e9l\u00e9vision nationale, Karim Boussalem, sur le fl\u00e9au de l\u2019\u00e9migration clandestine, le pr\u00e9sident de la R\u00e9publique a qualifi\u00e9 ce ph\u00e9nom\u00e8ne de \u00absuicide qui fait mal\u00bb. Il a signal\u00e9 que des rapports font \u00e9tat de causes diff\u00e9rentes \u00e0 ce ph\u00e9nom\u00e8ne, dont certaines li\u00e9es \u00e0 la pauvret\u00e9, aux conflits familiaux et aux probl\u00e8mes sociaux. \u00abCes raisons peuvent \u00eatre trait\u00e9es, mais il ne s\u2019agit pas que de pauvret\u00e9, quand on voit que parmi les harraga, il y a des m\u00e9decins ou des couples de fonctionnaires avec leurs enfants. La solution demeure difficile et la sensibilisation doit commencer au niveau de la famille. Il faut sensibiliser sur la r\u00e9alit\u00e9 de la vie \u00e0 l\u2019\u00e9tranger. En Alg\u00e9rie, personne ne souffre de la famine, gr\u00e2ce \u00e0 la solidarit\u00e9 dans notre soci\u00e9t\u00e9\u00bb, a-t-il assur\u00e9, pr\u00e9cisant que la lutte contre ce ph\u00e9nom\u00e8ne par les gardes-c\u00f4tes est une action pr\u00e9ventive qui vise \u00e0 sauver les vies des harraga. \u00c0 l\u2019occasion, le pr\u00e9sident de la R\u00e9publique a mis l\u2019accent sur le respect de la dignit\u00e9 des Alg\u00e9riens, migrants clandestins, \u00e0 l\u2019\u00e9tranger. \u00abLors de mon entretien avec le pr\u00e9sident du Conseil italien, j\u2019ai insist\u00e9 sur le respect de la dignit\u00e9 des migrants clandestins alg\u00e9riens. J\u2019ai demand\u00e9 \u00e0 ce qu\u2019il applique les lois de son pays, mais sans porter atteinte \u00e0 la dignit\u00e9 de nos citoyens\u00bb, a-t-il r\u00e9v\u00e9l\u00e9. S\u2019agissant des solutions, le Pr\u00e9sident a pr\u00e9conis\u00e9, outre la sensibilisation, la lutte contre le ch\u00f4mage, \u00e0 travers la justice, notamment dans le recrutement. De m\u00eame pour les cin\u00e9astes qui doivent contribuer eux aussi \u00e0 la lutte contre ce fl\u00e9au, tout comme l\u2019organisation des voyages \u00e0 l\u2019\u00e9tranger au profit des jeunes.<br \/><strong>Neila Benrahal<\/strong><\/p>\n<p>&#8212;&#8212;&#8212;&#8212;&#8212;&#8212;&#8212;&#8212;&#8212;&#8212;&#8212;-<\/p>\n<p><strong>Une \u00e9conomie moderne<\/strong><\/p>\n<p>L\u2019audience qu\u2019a accord\u00e9e hier le pr\u00e9sident de la R\u00e9publique Abdelmadjid Tebboune aux responsables et directeurs de m\u00e9dias publics et priv\u00e9s a port\u00e9 sur des th\u00e8mes vari\u00e9s traitant de l\u2019actualit\u00e9\u00a0\u00a0 nationale et internationale. En effet, pour cette premi\u00e8re audience\u00a0 qu\u2019a abrit\u00e9e le si\u00e8ge de la pr\u00e9sidence de la R\u00e9publique, M. Tebboune a re\u00e7u les repr\u00e9sentants\u00a0 de quotidiens El Moudjahid,\u00a0 Le Soir d\u2019Alg\u00e9rie, El-Khabar, le Quotidien d\u2019Oran et d\u2019Echourok El Yaoumi, ainsi que les responsables de la t\u00e9l\u00e9vision nationale EPTV et des cha\u00eenes El Bilad et El Hayet. Cette premi\u00e8re rencontre a \u00e9t\u00e9 l\u2019occasion d\u2019aborder plusieurs dossiers. Au volet \u00e9conomique, le pr\u00e9sident de la R\u00e9publique a mis en relief la n\u00e9cessit\u00e9 d\u2019insuffler une dynamique de\u00a0 modernisation dans ce domaine impliquant la r\u00e9habilitation des comp\u00e9tences et la promotion\u00a0 de start-up cr\u00e9atrices de la richesse et d\u2019emploi. \u00abUne \u00e9conomie moderne est la solution\u00a0 \u00e0\u00a0 nos probl\u00e8mes\u00bb,\u00a0 a-t-il\u00a0 d\u00e9clar\u00e9.\u00a0<br \/>\u00abIl nous faut aller vers une v\u00e9ritable\u00a0 plateforme\u00a0 \u00e9conomique\u00a0 substantiellement compos\u00e9e des jeunes comp\u00e9tences, notamment dans le domaine industriel\u00bb, a ajout\u00e9 M. Tebboune. Il a insist\u00e9\u00a0\u00a0 sur\u00a0 le fait de la construction d\u2019une \u00e9conomie forte qui passe n\u00e9cessairement par la\u00a0 stabilit\u00e9 politique et\u00a0 social. \u00abIl devient imp\u00e9ratif de d\u00e9mocratiser la vie politique et de moraliser la vie publique\u00bb,\u00a0 a encore insist\u00e9 M. Tebboune, estimant que ce genre de mesures sont \u00e0 m\u00eame de se r\u00e9percuter positivement sur l\u2019objectif d\u2019une meilleure relance \u00e9conomique. Il a aussi plaid\u00e9 pour une v\u00e9ritable rupture avec les pratiques du pass\u00e9. Et pour cause,\u00a0 par le pass\u00e9, \u00abdes investissements \u00e0 coups de dizaines de milliards sans r\u00e9sultats probants\u00bb, a-t-il d\u00e9plor\u00e9. Il consid\u00e8re aussi comme \u00e9tant\u00a0 une anomalie de voir des complexes industriels employant seulement 400 personnes. \u00abUn tel nombre de postes d\u2019emploi est \u00e0 la port\u00e9 de simples start-up\u00bb,\u00a0 a t-il dit. On retiendra de l\u2019approche du pr\u00e9sident de la R\u00e9publique en mati\u00e8re de relance\u00a0 \u00e9conomique, l\u2019importante place qu\u2019il accorde \u00e0 la micro-entreprise \u00e0 fort potentiel de d\u00e9veloppement. Dans ce cadre, il r\u00e9it\u00e8re aussi son engament portant cr\u00e9ation d\u2019une banque sp\u00e9cifique en vue d\u2019une meilleure promotion des start-up. Le Pr\u00e9sident\u00a0 assure, en outre, que \u00ables entrepreneurs\u00a0 nationalistes, int\u00e8gres et d\u00e9sireux investir dans la cr\u00e9ation de la richesse et d\u2019emploi b\u00e9n\u00e9ficieront d\u2019un meilleur accompagnement de l\u2019\u00c9tat\u00bb. Il aussi insist\u00e9 sur la dynamisation de l\u2019industrie de transformation des produits de l\u2019agriculture. M. Tebboune rappelle avoir instruit les ministres de l\u2019Industrie et du Commerce pour l\u2019organisation de\u00a0\u00a0\u00a0 rencontres nationales devant\u00a0 aboutir \u00e0 une s\u00e9rie de recommandations pour corriger les incoh\u00e9rences dans ce domaine.\u00a0<br \/>\u00abCe\u00a0 n\u2019est\u00a0 pas normal que nous continuions \u00e0\u00a0 importer\u00a0 de simples appareils\u00a0 \u00e9lectroniques. Il nous faut changer les mentalit\u00e9s\u00a0 et\u00a0 r\u00e9former notre\u00a0 syst\u00e8me bancaire. Aujourd\u2019hui, il n\u2019existe aucun obstacle\u00a0 devant\u00a0 une r\u00e9elle relance \u00e9conomique\u00bb,\u00a0 a d\u00e9clar\u00e9 M.\u2008Tebboune, assurant que le mod\u00e8le \u00e9conomique\u00a0 qu\u2019il s\u2019engage a\u00a0 mettre en place est celui\u00a0 impactant\u00a0 positivement le pouvoir d\u2019achat du\u00a0 citoyen. Il se dit en outre tr\u00e8s optimise quant \u00e0 la pr\u00e9vision de la\u00a0 croissance\u00a0 attendue d\u2019ici la fin de l\u2019ann\u00e9e.\u00a0<br \/>Pour une\u00a0 meilleure protection du\u00a0 pouvoir d\u2019achat des citoyens, plus particuli\u00e8rement les couches d\u00e9favoris\u00e9es, le pr\u00e9sident de la\u00a0 R\u00e9publique a annonc\u00e9 que les\u00a0 taxes et imp\u00f4ts pr\u00e9vus dans la loi de finances pour 2020 seront revus dans l\u2019optique d\u2019 une meilleure\u00a0 justice\u00a0 sociale. Il pr\u00e9conise une non-imposition des m\u00e9nages\u00a0 \u00e0 faibles revenus. Il souligne, \u00e0 ce propos, que le\u00a0 principe de\u00a0 rel\u00e8vement du\u00a0 pouvoir d\u2019achat des citoyens comprend aussi une meilleure ma\u00eetrise des\u00a0 prix du march\u00e9, toute comme il annonce la possibilit\u00e9 de recourir, dans ce cadre, \u00e0 une s\u00e9rie de mesures en direction\u00a0 des\u00a0 couches d\u00e9favoris\u00e9es. La lutte contre la pauvret\u00e9 est\u00a0 le principe cardinal de\u00a0 la politique\u00a0 sociale du pr\u00e9sident de la\u00a0 R\u00e9publique qui\u00a0 affirme que la\u00a0 politique des\u00a0 transferts sociaux, qui co\u00fbte \u00e0 l\u2019\u00c9tat la bagatelle de 18 milliards de dinars,\u00a0 sera r\u00e9examin\u00e9e. \u00abLa valorisation\u00a0 du dinar\u00a0 d\u00e9pend de l\u2019am\u00e9lioration du rendement \u00e9conomique\u00bb, fait savoir M. Tebboune, qui souligne le principe d\u2019une meilleure ma\u00eetrise des importations n\u2019incluant\u00a0 en aucun cas l\u2019id\u00e9e de priver l\u2019Alg\u00e9rien de quoi que ce soit. Il a affirm\u00e9 en outre qu\u2019il\u00a0 n\u2019est pas contre l\u2019importation des v\u00e9hicules de moins de 3 ans, \u00ab\u00e0 conditions que cette op\u00e9ration soit\u00a0 bien organis\u00e9e\u00bb.<br \/>Karim Aoudia\u00a0\u00a0\u00a0\u00a0\u00a0<br \/>\u00a0<\/p>\n<p>Auteur: elmoudjahid<br \/>\n<a href=\"http:\/\/www.elmoudjahid.com\/fr\/actualites\/147541\">Cliquez ici pour lire l&rsquo;article depuis sa source.<\/a><\/p>\n","protected":false},"excerpt":{"rendered":"<p>Une vision novatrice Par : Larbi Timizar Des innovations introduites dans les m\u00e9thodes de gouvernance de la chose publique durant cette courte p\u00e9riode du mandat du pr\u00e9sident de la R\u00e9publique, M. Abdelmadjid Tebboune, la conduite de la communication para\u00eet constituer un sujet d\u2019int\u00e9r\u00eat majeur tant la situation que vit le pays requiert les vertus de [&hellip;]<\/p>\n","protected":false},"author":1744,"featured_media":0,"comment_status":"closed","ping_status":"closed","sticky":false,"template":"","format":"standard","meta":{"fifu_image_url":"","fifu_image_alt":"","footnotes":""},"categories":[73,53],"tags":[],"class_list":["post-73934","post","type-post","status-publish","format-standard","hentry","category-actualite","category-algerie"],"_links":{"self":[{"href":"https:\/\/linitiative.ca\/International\/wp-json\/wp\/v2\/posts\/73934","targetHints":{"allow":["GET"]}}],"collection":[{"href":"https:\/\/linitiative.ca\/International\/wp-json\/wp\/v2\/posts"}],"about":[{"href":"https:\/\/linitiative.ca\/International\/wp-json\/wp\/v2\/types\/post"}],"author":[{"embeddable":true,"href":"https:\/\/linitiative.ca\/International\/wp-json\/wp\/v2\/users\/1744"}],"replies":[{"embeddable":true,"href":"https:\/\/linitiative.ca\/International\/wp-json\/wp\/v2\/comments?post=73934"}],"version-history":[{"count":0,"href":"https:\/\/linitiative.ca\/International\/wp-json\/wp\/v2\/posts\/73934\/revisions"}],"wp:attachment":[{"href":"https:\/\/linitiative.ca\/International\/wp-json\/wp\/v2\/media?parent=73934"}],"wp:term":[{"taxonomy":"category","embeddable":true,"href":"https:\/\/linitiative.ca\/International\/wp-json\/wp\/v2\/categories?post=73934"},{"taxonomy":"post_tag","embeddable":true,"href":"https:\/\/linitiative.ca\/International\/wp-json\/wp\/v2\/tags?post=73934"}],"curies":[{"name":"wp","href":"https:\/\/api.w.org\/{rel}","templated":true}]}}