{"id":73935,"date":"2020-01-23T05:00:00","date_gmt":"2020-01-23T10:00:00","guid":{"rendered":"https:\/\/linitiative.ca\/International\/djerad-le-gouvernement-ne-menagera-aucun-effort-pour-resoudre-les-difficultes-recurrentes-du-citoyen\/"},"modified":"2020-01-23T05:00:00","modified_gmt":"2020-01-23T10:00:00","slug":"djerad-le-gouvernement-ne-menagera-aucun-effort-pour-resoudre-les-difficultes-recurrentes-du-citoyen","status":"publish","type":"post","link":"https:\/\/linitiative.ca\/International\/djerad-le-gouvernement-ne-menagera-aucun-effort-pour-resoudre-les-difficultes-recurrentes-du-citoyen\/","title":{"rendered":"Djerad : Le gouvernement ne m\u00e9nagera aucun effort pour r\u00e9soudre les difficult\u00e9s r\u00e9currentes du citoyen"},"content":{"rendered":"<p>Les membres du gouvernement ont \u00e9t\u00e9 instruits \u00e0 l\u2019effet \u00ab\u00a0d\u2019op\u00e9rer les ajustements n\u00e9cessaires dans la formulation de leurs approches respectives, en tenant compte des observations et orientations \u00e9mises par le Pr\u00e9sident de la R\u00e9publique lors de la pr\u00e9c\u00e9dente r\u00e9union du Conseil des ministres\u00a0\u00bb, a indiqu\u00e9 Jeudi un communiqu\u00e9 des services du Premier Minist\u00e8re .<\/p>\n<p>En effet, le gouvernement s\u2019est r\u00e9uni, le mercredi 22 janvier sous la pr\u00e9sidence du Premier ministre, Abdelaziz Djerad. Lors de cette r\u00e9union, il a \u00e9t\u00e9 proc\u00e9d\u00e9 \u00e0 la poursuite de l\u2019examen des bilans et des perspectives de relance et de d\u00e9veloppement des diff\u00e9rents secteurs d\u2019activit\u00e9, dans le cadre de l\u2019\u00e9laboration du Plan d\u2019action du gouvernement, a pr\u00e9cis\u00e9 la m\u00eame source.<\/p>\n<p>Le ministre \u00a0des finances a pr\u00e9sent\u00e9 une communication portant sur les grandes lignes ainsi que sur les perspectives d\u2019\u00e9volution de la situation financi\u00e8re du pays. Un \u00e9tat des lieux rendu n\u00e9cessaire pour une meilleure visibilit\u00e9 de l\u2019environnement socio\u00e9conomique dans son ensemble en tenant compte de la conjoncture mondiale et des imp\u00e9ratifs li\u00e9s \u00e0 la pr\u00e9servation des grands \u00e9quilibres financiers internes et externes du pays. L\u2019expos\u00e9 a permis de fournir les indicateurs devant \u00eatre int\u00e9gr\u00e9s dans les approches globales et sectorielles pour l\u2019\u00e9laboration du plan d\u2019action du gouvernement.<\/p>\n<p>Intervenant \u00e0 l\u2019issue de l\u2019expos\u00e9, \u00ab\u00a0le Premier ministre a tenu \u00e0 rappeler le souci du gouvernement de ne m\u00e9nager aucun effort dans la recherche des solutions aux difficult\u00e9s r\u00e9currentes auxquelles fait face le citoyen alg\u00e9rien. Cet objectif doit pr\u00e9valoir dans la d\u00e9termination des priorit\u00e9s concernant les actions \u00e0 mener, d\u2019une part et, d\u2019autre part, dans la mise en place de mesures de rationalisation de la d\u00e9pense publique et ce, dans chaque secteur d\u2019activit\u00e9\u00a0\u00bb, a indiqu\u00e9 le document .<\/p>\n<p>En outre, la \u00a0communication du Ministre de l\u2019enseignement sup\u00e9rieur et de la recherche scientifique a port\u00e9 \u00a0sur l\u2019\u00e9tat d\u2019avancement des travaux du groupe de travail charg\u00e9 de la r\u00e9daction du projet de Plan d\u2019action du gouvernement. Etabli sur une recommandation du Premier ministre \u00e0 l\u2019issue de la r\u00e9union du gouvernement du mercredi 15 janvier le rapport d\u2019\u00e9tape constitue un \u00e9l\u00e9ment important dans l\u2019organisation de ces travaux en ce qu\u2019il permet de proc\u00e9der aux cadrages requis. Ainsi, et au terme de l\u2019expos\u00e9 pr\u00e9sent\u00e9, \u00ab\u00a0les membres du gouvernement ont \u00e9t\u00e9 instruits \u00e0 l\u2019effet d\u2019op\u00e9rer les ajustements n\u00e9cessaires dans la formulation de leurs approches respectives, en tenant compte des observations et orientations \u00e9mises par le Pr\u00e9sident de la R\u00e9publique lors de la pr\u00e9c\u00e9dente r\u00e9union du Conseil des ministres\u00a0\u00bb, a indiqu\u00e9 la m\u00eame source.<\/p>\n<p>\u00a0Abordant les \u00e9tats des lieux ainsi que les strat\u00e9gies sectorielles, les membres du gouvernement ont ensuite suivi , cinq communications pr\u00e9sentant les grandes lignes des diagnostics \u00e9tablis en pr\u00e9vision de leur pr\u00e9sentation, pour validation, \u00e0 l\u2019occasion de la tenue de la prochaine r\u00e9union du Conseil des ministres. Les expos\u00e9s ont concern\u00e9, respectivement, les secteurs de l\u2019\u00e9nergie, de l\u2019environnement, de l\u2019\u00e9ducation, de l\u2019enseignement sup\u00e9rieur et de la formation professionnelle.<\/p>\n<p><strong>Neila B\/ R\u00e9daction Web<\/strong><\/p>\n<p>Auteur: elmoudjahid<br \/>\n<a href=\"http:\/\/www.elmoudjahid.com\/fr\/actualites\/147542\">Cliquez ici pour lire l&rsquo;article depuis sa source.<\/a><\/p>\n","protected":false},"excerpt":{"rendered":"<p>Les membres du gouvernement ont \u00e9t\u00e9 instruits \u00e0 l\u2019effet \u00ab\u00a0d\u2019op\u00e9rer les ajustements n\u00e9cessaires dans la formulation de leurs approches respectives, en tenant compte des observations et orientations \u00e9mises par le Pr\u00e9sident de la R\u00e9publique lors de la pr\u00e9c\u00e9dente r\u00e9union du Conseil des ministres\u00a0\u00bb, a indiqu\u00e9 Jeudi un communiqu\u00e9 des services du Premier Minist\u00e8re . En [&hellip;]<\/p>\n","protected":false},"author":1744,"featured_media":0,"comment_status":"closed","ping_status":"closed","sticky":false,"template":"","format":"standard","meta":{"fifu_image_url":"","fifu_image_alt":"","footnotes":""},"categories":[73,53],"tags":[],"class_list":["post-73935","post","type-post","status-publish","format-standard","hentry","category-actualite","category-algerie"],"_links":{"self":[{"href":"https:\/\/linitiative.ca\/International\/wp-json\/wp\/v2\/posts\/73935","targetHints":{"allow":["GET"]}}],"collection":[{"href":"https:\/\/linitiative.ca\/International\/wp-json\/wp\/v2\/posts"}],"about":[{"href":"https:\/\/linitiative.ca\/International\/wp-json\/wp\/v2\/types\/post"}],"author":[{"embeddable":true,"href":"https:\/\/linitiative.ca\/International\/wp-json\/wp\/v2\/users\/1744"}],"replies":[{"embeddable":true,"href":"https:\/\/linitiative.ca\/International\/wp-json\/wp\/v2\/comments?post=73935"}],"version-history":[{"count":0,"href":"https:\/\/linitiative.ca\/International\/wp-json\/wp\/v2\/posts\/73935\/revisions"}],"wp:attachment":[{"href":"https:\/\/linitiative.ca\/International\/wp-json\/wp\/v2\/media?parent=73935"}],"wp:term":[{"taxonomy":"category","embeddable":true,"href":"https:\/\/linitiative.ca\/International\/wp-json\/wp\/v2\/categories?post=73935"},{"taxonomy":"post_tag","embeddable":true,"href":"https:\/\/linitiative.ca\/International\/wp-json\/wp\/v2\/tags?post=73935"}],"curies":[{"name":"wp","href":"https:\/\/api.w.org\/{rel}","templated":true}]}}