{"id":73936,"date":"2020-01-23T05:10:00","date_gmt":"2020-01-23T10:10:00","guid":{"rendered":"https:\/\/linitiative.ca\/International\/reunion-dalger-boukadoum-appelle-les-parties-libyennes-a-mettre-en-oeuvre-la-treve-et-a-reprendre-le-processus-politique-actualise\/"},"modified":"2020-01-23T05:10:00","modified_gmt":"2020-01-23T10:10:00","slug":"reunion-dalger-boukadoum-appelle-les-parties-libyennes-a-mettre-en-oeuvre-la-treve-et-a-reprendre-le-processus-politique-actualise","status":"publish","type":"post","link":"https:\/\/linitiative.ca\/International\/reunion-dalger-boukadoum-appelle-les-parties-libyennes-a-mettre-en-oeuvre-la-treve-et-a-reprendre-le-processus-politique-actualise\/","title":{"rendered":"R\u00e9union d\u2019Alger : Boukadoum appelle les parties libyennes \u00e0 mettre en \u0153uvre la tr\u00eave et \u00e0 reprendre le processus politique (actualis\u00e9)"},"content":{"rendered":"<p>Le ministre des Affaires \u00e9trang\u00e8res, Sabri Boukadoum, a appel\u00e9 jeudi \u00e0 Alger les parties libyennes \u00e0 respecter la mise en \u0153uvre de la tr\u00eave et l&#8217;embargo sur les armes et \u00e0 reprendre le processus\u00a0politique.\u00a0<\/p>\n<p>\u00ab\u00a0Les engagements convenus \u00e0 la Conf\u00e9rence de Berlin devraient contribuer \u00e0 mettre un terme \u00e0 la crise qui secoue la Libye depuis des ann\u00e9es\u00a0\u00bb, a affirm\u00e9 M. Boukadoum lors des travaux de la r\u00e9union des ministres des Affaires \u00e9trang\u00e8res des pays voisins de la Libye qui ont d\u00e9but\u00e9 jeudi \u00e0 Alger.<\/p>\n<p>\u00ab\u00a0La participation de l&rsquo;Alg\u00e9rie \u00e0 la Conf\u00e9rence de Berlin est en accord avec ses positions constantes appelant sans cesse les parties libyennes en conflit \u00e0 faire pr\u00e9valoir la raison et la sagesse et \u00e0 privil\u00e9gier la solution pacifique \u00e0 la crise loin de toute ing\u00e9rence \u00e9trang\u00e8re\u00a0\u00bb, a-t-il soulign\u00e9,\u00a0 r\u00e9affirmant \u00ab\u00a0la disponibilit\u00e9 de l&rsquo;Alg\u00e9rie \u00e0 abriter le dialogue loin de tout diktat et de toute interf\u00e9rence \u00e9trang\u00e8re\u00a0\u00bb.<\/p>\n<p>\u00ab\u00a0Nous sommes en Alg\u00e9rie attach\u00e9s \u00e0 la n\u00e9cessit\u00e9 d&rsquo;encourager les parties libyennes \u00e0 r\u00e9gler pacifiquement leur crise et nous rejetons toute ing\u00e9rence \u00e9trang\u00e8re dans ce pays\u00a0\u00bb, a soutenu le chef de la diplomatie alg\u00e9rienne.<\/p>\n<p>Et d&rsquo;ajouter: \u00ab\u00a0nous sommes confiants en la capacit\u00e9 des Libyens \u00e0 d\u00e9passer leurs diff\u00e9rends par la voie du dialogue et de la r\u00e9conciliation nationale et \u00e0 parvenir \u00e0 un r\u00e8glement politique \u00e0 m\u00eame de sortir le pays de sa crise et de permettre au peuple libyen fr\u00e8re de construire un Etat d\u00e9mocratique capable d&rsquo;asseoir sa souverainet\u00e9 sur l&rsquo;ensemble de son territoire\u00a0\u00bb.<\/p>\n<p>\u00ab\u00a0Nous sommes d&rsquo;autant plus confiants que les parties libyennes ont accueilli favorablement la proposition de l&rsquo;Alg\u00e9rie d&rsquo;abriter les rounds du dialogue interlibyen \u00e0 l&rsquo;avenir\u00a0\u00bb, a poursuivi M. Boukadoum, saluant par l\u00e0 m\u00eame les \u00ab\u00a0efforts de l&rsquo;\u00e9missaire de l&rsquo;ONU en Libye, Ghassan Salam\u00e9, en faveur du r\u00e8glement de la crise et du r\u00e9tablissement de la stabilit\u00e9 dans ce pays fr\u00e8re\u00a0\u00bb.<\/p>\n<p>Les travaux de la r\u00e9union des ministres des Affaires \u00e9trang\u00e8res des pays voisins de la Libye ont d\u00e9but\u00e9 jeudi dans le cadre du renforcement de la coordination et de la concertation entre ces pays et les acteurs\u00a0internationaux afin d&rsquo;accompagner les Libyens dans le processus de r\u00e8glement politique de la crise \u00e0 travers un dialogue inclusif.<\/p>\n<p>Outre M. Boukadoum, les ministres des Affaires \u00e9trang\u00e8res de la Tunisie, Sabri Bachtobji (par int\u00e9rim), de l&rsquo;Egypte, Sameh Choukri, et du Tchad, Ch\u00e9rif Mahamat Zene, et les repr\u00e9sentants des ministres des Affaires \u00e9trang\u00e8res du Niger et du Soudan participent \u00e0 cette r\u00e9union, \u00e0 laquelle prennent \u00e9galement part le ministre malien des Affaires \u00e9trang\u00e8res et de la coop\u00e9ration internationale, Ti\u00e9bil\u00e9 Dram\u00e9, au vu des retomb\u00e9es de la crise libyenne sur ce pays voisin, ainsi que le chef de la diplomatie allemande, Heiko Maas, dont le pays avait abrit\u00e9 r\u00e9cemment la Conf\u00e9rence international de Berlin sur la crise en Libye.<\/p>\n<p>\/\/\/\/<\/p>\n<p>Outre le ministre des Affaires \u00e9trang\u00e8res, Sabri Boukadoum, prennent part \u00e0 cette r\u00e9union, les ministres des Affaires \u00e9trang\u00e8res de la Tunisie Sabri Bachtobji (par int\u00e9rim), de l&rsquo;Egypte, Sameh Choukri, du Tchad, Ch\u00e9rif Mahamat Zene, du Mali, Ti\u00e9bil\u00e9 Dram\u00e9, ainsi que le chef de la diplomatie allemande Heiko Maas et les repr\u00e9sentants des ministres des Affaires \u00e9trang\u00e8res du Niger et du Soudan.<\/p>\n<p>Cette rencontre s&rsquo;inscrit dans le cadre des efforts diplomatiques soutenus d\u00e9ploy\u00e9s par l&rsquo;Alg\u00e9rie pour consolider la coordination et la concertation entre les pays du voisinage de la Libye et les acteurs internationaux afin d&rsquo;accompagner les Libyens dans la redynamisation du processus de r\u00e8glement politique de la crise \u00e0 travers un dialogue inclusif et de permettre \u00e0 ce pays fr\u00e8re et voisin de sortir de la situation difficile qu&rsquo;il vit et de construire un Etat des institutions o\u00f9 pr\u00e9vaudra la s\u00e9curit\u00e9 et la stabilit\u00e9.<\/p>\n<p>La r\u00e9union portera sur les derniers d\u00e9veloppements en Libye \u00e0 la lumi\u00e8re des r\u00e9sultats des bons offices de l&rsquo;Alg\u00e9rie en direction des composantes libyennes et des parties internationales agissantes, et ceux des efforts internationaux pour permettre aux fr\u00e8res libyens de prendre en main le processus de r\u00e8glement de la crise dans leur pays, loin de toute ing\u00e9rence \u00e9trang\u00e8re, quelle qu&rsquo;en soit la nature.<\/p>\n<p>APS\u00a0<\/p>\n<p>Auteur: elmoudjahid<br \/>\n<a href=\"http:\/\/www.elmoudjahid.com\/fr\/actualites\/147543\">Cliquez ici pour lire l&rsquo;article depuis sa source.<\/a><\/p>\n","protected":false},"excerpt":{"rendered":"<p>Le ministre des Affaires \u00e9trang\u00e8res, Sabri Boukadoum, a appel\u00e9 jeudi \u00e0 Alger les parties libyennes \u00e0 respecter la mise en \u0153uvre de la tr\u00eave et l&#8217;embargo sur les armes et \u00e0 reprendre le processus\u00a0politique.\u00a0 \u00ab\u00a0Les engagements convenus \u00e0 la Conf\u00e9rence de Berlin devraient contribuer \u00e0 mettre un terme \u00e0 la crise qui secoue la Libye [&hellip;]<\/p>\n","protected":false},"author":1744,"featured_media":0,"comment_status":"closed","ping_status":"closed","sticky":false,"template":"","format":"standard","meta":{"fifu_image_url":"","fifu_image_alt":"","footnotes":""},"categories":[73,53],"tags":[],"class_list":["post-73936","post","type-post","status-publish","format-standard","hentry","category-actualite","category-algerie"],"_links":{"self":[{"href":"https:\/\/linitiative.ca\/International\/wp-json\/wp\/v2\/posts\/73936","targetHints":{"allow":["GET"]}}],"collection":[{"href":"https:\/\/linitiative.ca\/International\/wp-json\/wp\/v2\/posts"}],"about":[{"href":"https:\/\/linitiative.ca\/International\/wp-json\/wp\/v2\/types\/post"}],"author":[{"embeddable":true,"href":"https:\/\/linitiative.ca\/International\/wp-json\/wp\/v2\/users\/1744"}],"replies":[{"embeddable":true,"href":"https:\/\/linitiative.ca\/International\/wp-json\/wp\/v2\/comments?post=73936"}],"version-history":[{"count":0,"href":"https:\/\/linitiative.ca\/International\/wp-json\/wp\/v2\/posts\/73936\/revisions"}],"wp:attachment":[{"href":"https:\/\/linitiative.ca\/International\/wp-json\/wp\/v2\/media?parent=73936"}],"wp:term":[{"taxonomy":"category","embeddable":true,"href":"https:\/\/linitiative.ca\/International\/wp-json\/wp\/v2\/categories?post=73936"},{"taxonomy":"post_tag","embeddable":true,"href":"https:\/\/linitiative.ca\/International\/wp-json\/wp\/v2\/tags?post=73936"}],"curies":[{"name":"wp","href":"https:\/\/api.w.org\/{rel}","templated":true}]}}