{"id":73937,"date":"2020-01-23T10:32:00","date_gmt":"2020-01-23T15:32:00","guid":{"rendered":"https:\/\/linitiative.ca\/International\/entrevue-du-president-de-la-republique-accordee-aux-medias-nationaux-texte-integral\/"},"modified":"2020-01-23T10:32:00","modified_gmt":"2020-01-23T15:32:00","slug":"entrevue-du-president-de-la-republique-accordee-aux-medias-nationaux-texte-integral","status":"publish","type":"post","link":"https:\/\/linitiative.ca\/International\/entrevue-du-president-de-la-republique-accordee-aux-medias-nationaux-texte-integral\/","title":{"rendered":"Entrevue du Pr\u00e9sident de la R\u00e9publique accord\u00e9e aux m\u00e9dias nationaux (Texte int\u00e9gral)"},"content":{"rendered":"<p><strong>Le Pr\u00e9sident de la R\u00e9publique,\u00a0<em><a href=\"http:\/\/www.aps.dz\/algerie\/100485-entrevue-du-president-de-la-republique-avec-des-responsables-de-medias\" target=\"_blank\" rel=\"noopener noreferrer\">M. Abdelmadjid Tebboune a accord\u00e9, mercredi, une entrevue \u00e0 des responsables de m\u00e9dias nationaux publics et priv\u00e9s<\/a><\/em>\u00a0au cours de laquelle il a \u00e9voqu\u00e9 plusieurs questions nationales et internationales, dont voici le texte int\u00e9gral:<\/strong><\/p>\n<p><strong><em>Question:<\/em><\/strong>\u00a0Vous avez men\u00e9 une s\u00e9rie de rencontres avec des personnalit\u00e9s nationales et des dirigeants de partis. Est ce que ces consultations seront couronn\u00e9es par une conf\u00e9rence de consensus national ou par une motion de propositions globales sur le projet de la nouvelle R\u00e9publique. Et est ce que les id\u00e9es de ces personnalit\u00e9s seront cristallis\u00e9es dans le prochain amendement constitutionnel?. Est ce que l&rsquo;ancien pr\u00e9sident Liamine Zeroual a \u00e9t\u00e9 convi\u00e9 \u00e0 prendre part \u00e0 ces concertations ?<\/p>\n<p><strong><em>R\u00e9ponse:<\/em><\/strong>\u00a0Les consultations se poursuivent mais la date de leur cl\u00f4ture n&rsquo;est pas arr\u00eat\u00e9e. Il y a la volont\u00e9 de la part de tous les personnalit\u00e9s influentes sur l&rsquo;opinion publique, les gens qui ont de l&rsquo;exp\u00e9rience et d&rsquo;autres qui ont \u00e9t\u00e9 marginalis\u00e9s par le pass\u00e9. L&rsquo;avis de tous sera pris en compte en ce qui concerne la m\u00e9thodologie \u00e0 suivre mais \u00e9galement les probl\u00e8mes dont souffre le pays. Ces avis pourront entrer dans l&rsquo;\u00e9laboration de la mouture finale de la Constitution et l&rsquo;occasion sera \u00e9galement donn\u00e9e \u00e0 d&rsquo;autres personnalit\u00e9s car la Constitution concerne certes l&rsquo;ensemble de la soci\u00e9t\u00e9 mais son \u00e9laboration doit \u00eatre confi\u00e9e \u00e0 des sp\u00e9cialistes en droit constitutionnel. Un comit\u00e9 technique se penchera sur la cristallisation de toutes les propositions \u00e0 ce sujet.<\/p>\n<p>Pour ce qui est des personnalit\u00e9s rencontr\u00e9es, il \u00e9tait de mon devoir de le faire pour briser la glace entre Alg\u00e9riens et \u00e9couter les gens qui ont une exp\u00e9rience dans la gestion des affaires de l&rsquo;Etat et qui sont aujourd&rsquo;hui dans les rangs des citoyens. Je tiens \u00e0 remercier toutes les personnes avec lesquelles je me suis entretenu et qui m&rsquo;ont \u00e9t\u00e9 tr\u00e8s b\u00e9n\u00e9fiques.<\/p>\n<p>Pour l&rsquo;ancien pr\u00e9sident de la R\u00e9publique, Liamine Z\u00e9roual, c&rsquo;est un homme pour qui j&rsquo;ai beaucoup d&rsquo;estime, je l&rsquo;ai connu lorsqu&rsquo;il \u00e9tait directeur de l&rsquo;Ecole militaire de Batna, c&rsquo;est un pur nationaliste et d&rsquo;une droiture exemplaire. Il a des circonstances particuli\u00e8res pour lesquels il n&rsquo;a pu faire le d\u00e9placement \u00e0 Alger mais nous avons des \u00e9changes t\u00e9l\u00e9phoniques et il m&rsquo;encourage. Je suis pr\u00eat \u00e0 le rencontrer au si\u00e8ge de la Pr\u00e9sidence ou en ce lieu de r\u00e9sidence, et toute discussion avec lui ne sera que b\u00e9n\u00e9fique.<\/p>\n<p><strong><em>Question:<\/em><\/strong>\u00a0Monsieur le Pr\u00e9sident vous avez consult\u00e9 des personnalit\u00e9s nationales, est-ce que ces consultations s&rsquo;inscrivent elles dans le cadre des revendications du Hirak populaire. Les id\u00e9es d\u00e9gag\u00e9es de ces consultations seront-elles cristallis\u00e9es dans la Constitution que vous comptez amender?<\/p>\n<p><strong><em>R\u00e9ponse:<\/em><\/strong>\u00a0La r\u00e9ponse \u00e0 cette question se recoupe un peu avec ce que je viens de dire, mais je r\u00e9pondrais en rappelant que je m&rsquo;\u00e9tais engag\u00e9, notamment durant la campagne \u00e9lectorale, \u00e0 poursuivre la satisfaction des revendications du Hirak que j&rsquo;ai qualifi\u00e9 de b\u00e9ni. Il y a des revendications qui ont \u00e9t\u00e9 satisfaites, certaines peuvent trouver des r\u00e9ponses imm\u00e9diates mais d&rsquo;autres ont des horizons politiques. Je me suis engag\u00e9 \u00e0 satisfaire toutes les revendications du Hirak b\u00e9ni, y compris l&rsquo;amendement de la Constitution et des lois, outre le changement radical des fondements de notre d\u00e9mocratie en Alg\u00e9rie et l&rsquo;\u00e9dification d&rsquo;une d\u00e9mocratie r\u00e9elle, la lutte contre l&rsquo;exclusion, sous toutes ses formes, la lutte contre la corruption et la moralisation de la soci\u00e9t\u00e9. Tout ceci faisaient partie des revendications et je l&rsquo;ai pris en compte et je continuerais \u00e0 le faire.<\/p>\n<p>Et pour \u00eatre franc, les personnalit\u00e9s que j&rsquo;ai re\u00e7ues, qu&rsquo;elles soient du Hirak ou non, n&rsquo;\u00e9tait pas le propos pour moi, ce qui m&rsquo;importait et m&rsquo;importe c&rsquo;est leur poids dans la soci\u00e9t\u00e9 alg\u00e9rienne, en tant que faiseurs d&rsquo;opinions et elles ont toutes soulign\u00e9 la n\u00e9cessit\u00e9 de mesures d&rsquo;apaisement, et tout en \u00e9tant favorables \u00e0 l&rsquo;amendement de la Constitutions, elles craignent, tout comme les citoyens, qu&rsquo;elle soit encore une r\u00e9vision sur mesure.<\/p>\n<p>Personnellement, je n&rsquo;ai pas de Constitution. L&rsquo;actuelle Constitution a montr\u00e9 ses limites avec la crise en \u00e9tant incapable d&rsquo;apporter des solutions aux probl\u00e8mes de l&rsquo;Alg\u00e9rie. Il y a des lacunes mais aussi des clauses incompl\u00e8tes. La d\u00e9mocratie c&rsquo;est pouvoir aller loin sans toucher \u00e0 l&rsquo;Etat national et ses fondements, le d\u00e9fendre sans remise en cause de l&rsquo;identit\u00e9 nationale, question que le peuple a tranch\u00e9 clairement et qui est indiscutable.<\/p>\n<p>Autrement, la r\u00e9vision de la Constitution est imp\u00e9rative pour \u00e9loigner le spectre des crises \u00e0 l&rsquo;avenir. Il faut savoir que plus la Constitution est claire, plus elle saura pr\u00e9server le pays en cas de crises ou de perturbations et emp\u00eacher les dirigeants, y compris le pr\u00e9sident de la R\u00e9publique, d&rsquo;exercer le pouvoir individuellement, et\u00a0 qui a toujours \u00e9t\u00e9 rejet\u00e9 depuis de l&rsquo;ind\u00e9pendance.<\/p>\n<p><strong><em>Question:<\/em><\/strong>\u00a0Quand est ce que sera amend\u00e9e la Constitution? Quand auront lieu les \u00e9lections l\u00e9gislatives? et est ce qu&rsquo;il y des \u00e9lections locales anticip\u00e9es?<\/p>\n<p><strong><em>R\u00e9ponse:<\/em><\/strong>\u00a0Je tiens \u00e0 ce que le citoyen soit bien inform\u00e9 de tout le processus de r\u00e9vision constitutionnelle. J&rsquo;ai fait appel \u00e0 des sp\u00e9cialistes qui ont la maitrise du langage et du contenu constitutionnels. J&rsquo;ai personnellement d\u00e9fini les cadres sous-tendant ce changement, revendiqu\u00e9 par l&rsquo;ensemble des Alg\u00e9riens, qu&rsquo;ils soient du Hirak ou non. Lorsque la premi\u00e8re mouture de la Constitution r\u00e9vis\u00e9e sera pr\u00eate, elle sera distribu\u00e9e \u00e0 toutes les cat\u00e9gories de la soci\u00e9t\u00e9 pour \u00eatre enrichie. Il n&rsquo;y aura pas de d\u00e9bats anarchiques.<\/p>\n<p>Par la suite, la Commission se r\u00e9unira, une nouvelle fois, pour \u00e9tudier toutes les observations, enrichir ou apporter des changements aux propositions initiales. Elle peut introduire 10, 15 voire 20 clauses, comme elle peut reformuler un article donn\u00e9 en r\u00e9ponse \u00e0 des revendications de citoyens souhaitant voir le pays immuniser contre certains comportements. Une fois la mouture finale pr\u00eate, elle sera pr\u00e9sent\u00e9e aux deux chambres du Parlement pour d\u00e9bat et adoption avant de la soumettre au r\u00e9f\u00e9rendum populaire.<\/p>\n<p>J&rsquo;ai pr\u00e9f\u00e9r\u00e9 que le d\u00e9bat passe par le Parlement et que toutes les explications soient donn\u00e9es aux citoyens afin qu&rsquo;ils puissent avoir une id\u00e9e claire et que le r\u00e9f\u00e9rendum soit supervis\u00e9 par l&rsquo;Autorit\u00e9 nationale ind\u00e9pendante des \u00e9lections (ANIE). Que le peuple cautionne ou pas ne sera nullement un probl\u00e8me, nous op\u00e9rerons d&rsquo;autres amendements et\u00a0 changements jusqu&rsquo;\u00e0 ce que nous parviendrons \u00e0 une Constitution consensuelle.<\/p>\n<p>Apr\u00e8s toutes ces \u00e9tapes, la Constitution sera soumise au r\u00e9f\u00e9rendum, ce qui voudra dire que l&rsquo;ensemble des Alg\u00e9riens se sont prononc\u00e9 et qu&rsquo;il ne s&rsquo;agit nullement d&rsquo;une Constitution sur mesure pour un pr\u00e9sident, un clan ou un mode de gouvernance. Cette Constitution marquera le d\u00e9but de l&rsquo;\u00e9tape fondamentale.<\/p>\n<p>Concernant la loi \u00e9lectorale, elle interviendra dans une seconde \u00e9tape. Elle sera une loi rigoureuse qui criminalise l&rsquo;utilisation de moyens ill\u00e9gaux, qui emp\u00eache les citoyens d&rsquo;\u00eatre \u00e0 pied d&rsquo;\u00e9galit\u00e9 devant les urnes et qui criminalise \u00e9galement l&rsquo;utilisation de l&rsquo;argent sale et d&rsquo;autres formes de luttes d&rsquo;influence.<\/p>\n<p>L&rsquo;opportunit\u00e9 sera donn\u00e9 aux comp\u00e9tences pour postuler aux Assembl\u00e9es locales et \u00e0 l&rsquo;Assembl\u00e9e populaire nationale (APN), notamment \u00e0 la jeune g\u00e9n\u00e9ration, les 25, 30 et jusqu&rsquo;\u00e0 40 ans, une g\u00e9n\u00e9ration int\u00e8gre qui a un sens \u00e9lev\u00e9 de patriotisme et qui nous permettra d&rsquo;entrer confiants dans l&rsquo;\u00e8re de l&rsquo;Alg\u00e9rie nouvelle.<\/p>\n<p><strong><em>Question:<\/em><\/strong>\u00a0Vous vous \u00eates concentr\u00e9 sur le politique et m\u00eame les m\u00e9dias se sont focalis\u00e9s sur ce volet, alors que pour beaucoup, il n&rsquo;y a pas eu de d\u00e9cisions \u00e9conomiques, ceci est-il d\u00fb \u00e0 la difficult\u00e9 de la situation \u00e9conomique ou bien est ce que c&rsquo;est la r\u00e9forme politique qui aplanira la voie \u00e0 la r\u00e9forme \u00e9conomique?<\/p>\n<p><strong><em>R\u00e9ponse:<\/em><\/strong>\u00a0La politique sert l&rsquo;\u00e9conomie et inversement. Nous avons une approche politique int\u00e9gr\u00e9e en ce sens que la politique nourrit l&rsquo;\u00e9conomie. La reconstruction de l&rsquo;\u00e9conomie est une entreprise de longue haleine. Certes des solutions urgentes s&rsquo;imposent et nous y travaillons. Il y a aussi des d\u00e9cisions \u00e0 moyen et \u00e0 long termes et c&rsquo;est les d\u00e9cisions urgentes qui ouvrent la voie \u00e0 celles \u00e0 long termes.<\/p>\n<p>Notre \u00e9conomie est bas\u00e9e sur le commerce et l&rsquo;importation qui ont tu\u00e9 la production nationale. L&rsquo;\u00e9conomie doit \u00eatre le fondement de la richesse et de la prosp\u00e9rit\u00e9 du citoyen. L&rsquo;\u00e9conomie qui ne cr\u00e9e pas de richesse est une \u00e9conomie politique vaine et l&rsquo;\u00e9conomie qui n&rsquo;a pas d&rsquo;impact direct sur le niveau de vie du citoyen et sur le d\u00e9veloppement du pays n&rsquo;est avantageuse que pour certains.<\/p>\n<p>Nous devons mettre en place de solides fondements \u00e0 notre \u00e9conomie nationale gr\u00e2ce aux potentialit\u00e9s disponibles en industrie et \u00e0 travers les start-up. Nous avons les \u00e9nergies cr\u00e9atives de jeunes dipl\u00f4m\u00e9s d&rsquo;universit\u00e9s alg\u00e9riennes qui ont fait leurs preuves \u00e0 l&rsquo;\u00e9tranger. J&rsquo;ai discut\u00e9 r\u00e9cemment avec les professeurs Habba et Melikechi qui se sont dits dispos\u00e9s \u00e0 aider les jeunes dans l&rsquo;\u00e9dification de ce secteur sur de solides bases. Les ministres jeunes sont pr\u00e9sents dans le gouvernement, la d\u00e9cision politique leur revient et les start-up ont d\u00e9sormais leur propre banque. Il n&rsquo;y a plus aucun obstacle \u00e0 la relance d&rsquo;une \u00e9conomie nationale g\u00e9n\u00e9ratrice de richesses et d&#8217;emploi.<\/p>\n<p>Lors de la derni\u00e8re Foire de la production nationale, j&rsquo;ai constat\u00e9 la r\u00e9ussite de certains jeunes dans la cr\u00e9ation de postes d&#8217;emploi \u00e0 travers des start-up.<\/p>\n<p>S&rsquo;agissant de l&rsquo;investissement, nous n&rsquo;avons pas le temps d&rsquo;entrer dans des luttes mais force est de constater que la politique du pass\u00e9 n&rsquo;a donn\u00e9 aucun r\u00e9sultat. Tous les op\u00e9rateurs nationaux int\u00e8gres ont les capacit\u00e9s et les moyens pour contribuer au d\u00e9veloppement du pays et \u00e0 la cr\u00e9ation des richesses pour sortir de cette situation de d\u00e9pendance au prix du p\u00e9trole, au demeurant une ressource \u00e9puisable. Il faut trouver le moyen de cr\u00e9er d&rsquo;autres richesses et notre jeunesse a les capacit\u00e9s pour le faire.<\/p>\n<p>Je suis triste de voir que les portes avaient \u00e9t\u00e9 ferm\u00e9es devant des start-up qui voulaient travailler en Alg\u00e9rie, et qu&rsquo;aujourd&rsquo;hui ces m\u00eames entreprises exportent vers l&rsquo;Alg\u00e9rie \u00e0 partir d&rsquo;un pays arabe o\u00f9 les opportunit\u00e9s leur ont \u00e9t\u00e9 offertes, je souhaite que de telles situations ne se reproduisent plus.<\/p>\n<p>Je veux que les comp\u00e9tences alg\u00e9riennes, l\u00e0 o\u00f9 elles se trouvent, sachent qu&rsquo;elles sont les bien bienvenues et qu&rsquo;elle trouveront l&rsquo;\u00e9coute et l&rsquo;aide pour l&rsquo;\u00e9mergence de l&rsquo;Etat Alg\u00e9rien, tel que voulu par les Chouhada.<\/p>\n<p>Les r\u00e9formes \u00e9conomiques ne sont pas ajourn\u00e9es, nous y travaillons mais il n&rsquo;y a pas de marge d&rsquo;erreur possible. J&rsquo;ai demand\u00e9 aux ministres de l&rsquo;Industrie et du Commerce d&rsquo;organiser une rencontre nationale sur la nouvelle \u00e9conomie pour un changement de mentalit\u00e9s dans la gestion des banques en vue de parvenir \u00e0 une \u00e9conomie fond\u00e9e sur des bases solides. Des cadres alg\u00e9riens avaient permis au pays, dans les ann\u00e9es 1970, d\u2019atteindre un certain niveau de d\u00e9veloppement mais malheureusement, et en raison des crises, nous somme revenus \u00e0 la case de d\u00e9part. Nous pouvons aujourd&rsquo;hui relever le d\u00e9fi.<\/p>\n<p>Il est honteux que l&rsquo;Alg\u00e9rie importer aujourd&rsquo;hui de l&rsquo;\u00e9lectrom\u00e9nager. L&rsquo;int\u00e9r\u00eat national doit \u00eatre au-dessus des int\u00e9r\u00eats particuliers. Le nouveau plan cr\u00e9ateur de richesses et de postes d&#8217;emplois est \u00e0 m\u00eame de consolider l&rsquo;Alg\u00e9rie \u00e9conomiquement.<\/p>\n<p>L&rsquo;\u00e9conomie \u00e9tant li\u00e9e \u00e0 l&rsquo;exportation, je consid\u00e8re actuellement que nous pouvons exporter des produits agricoles et d\u00e9velopper l&rsquo;agriculture industrielle. Il y a un dysfonctionnement dans le fait que l&rsquo;exc\u00e9dent de la production de pomme de terre ou de fruits soit un probl\u00e8me pour les agricultures. C&rsquo;est l\u00e0, une preuve que notre \u00e9conomie est sous-d\u00e9velopp\u00e9e puisque les moyens de stockage et de refroidissement sont disponibles. Il faut en finir avec les mentalit\u00e9s arri\u00e9r\u00e9es \u00e0 travers une \u00e9conomie moderne, il faut aller vers les industries de transformation pour rem\u00e9dier \u00e0 cette situation.<\/p>\n<p>Nous n&rsquo;allons pas repartir de z\u00e9ro, il faut r\u00e9parer ce qui a \u00e9t\u00e9 d\u00e9truit dans l&rsquo;\u00e9conomie et moraliser la pratique \u00e9conomique. L&rsquo;\u00e9dification d&rsquo;une \u00e9conomie n\u00e9cessite beaucoup de temps, de la stabilit\u00e9 sociale et des lois p\u00e9rennes.<\/p>\n<p>Si la d\u00e9mocratisation et la moralisation de la vie politique est une question de quelques mois, la r\u00e9forme \u00e9conomique est plus ardue, n\u00e9anmoins je suis optimiste et m\u00eame tr\u00e8s optimiste que les start-up pourront entrer en production dans une p\u00e9riode n&rsquo;exc\u00e9dant pas une ann\u00e9e et demi et assureront l&#8217;emploi et exporteront leurs produits. Je suis optimiste car il y a un \u00e9veil national dans tous les domaines, notamment politique et \u00e9conomique.<\/p>\n<p><strong><em>Question:<\/em><\/strong>\u00a0Le citoyen attend un changement radical au plan \u00e9conomique et commercial, qu&rsquo;en est-il de la valeur du dinar, des salaires, du pouvoir d&rsquo;achat, de l&#8217;emploi, du logement et de l&rsquo;importation des v\u00e9hicules de moins de 3 ans?<\/p>\n<p><strong><em>R\u00e9ponse:<\/em><\/strong>\u00a0Je commence par la valeur du dinar. Les pr\u00e9c\u00e9dentes r\u00e9ponses sont li\u00e9es. Plus la valeur de la monnaie locale baisse, plus l&rsquo;importation s&rsquo;impose. La meilleure mesure pour r\u00e9\u00e9valuer le dinar est la croissance \u00e9conomique et la production locale. Si, \u00e0 titre d&rsquo;exemple, nous importons la pomme de terre pour que son prix sur le march\u00e9 n&rsquo;exc\u00e8de pas 40 ou 45 DA\/kg, la solution est donc la production nationale et la r\u00e9duction de l&rsquo;importation inutile.<\/p>\n<p>A ce propos, j&rsquo;insiste encore une fois que je ne r\u00e9duirai pas l&rsquo;importation pour priver le citoyen alg\u00e9rien. L&rsquo;importation doit \u00eatre compl\u00e9mentaire \u00e0 la production nationale. Si la production nationale pourvoit 25 % aux besoins du citoyen, j&rsquo;importerai les 75 %. Et si l&rsquo;\u00e9conomie nationale pourvoit aux besoins \u00e0 80%, il m&rsquo;est interdit d&rsquo;importer plus de 20 %. Dans ce cas, j&rsquo;aurai servi d&rsquo;autres int\u00e9r\u00eats que ceux du peuple alg\u00e9rien.<\/p>\n<p>Le dinar a \u00e9t\u00e9 affect\u00e9 par le recours au financement non conventionnel, il existe un chiffre inqui\u00e9tant mais nous saurons y faire face. Plusieurs failles sont \u00e0 l&rsquo;origine de la d\u00e9pr\u00e9ciation du dinar, l&rsquo;importation doit \u00eatre compl\u00e9mentaire \u00e0 la production nationale, le r\u00e8gle est d&rsquo;encourager la production nationale. Je le r\u00e9p\u00e8te devant vous de mani\u00e8re solennellement, nous sommes pr\u00eats \u00e0 donner des instructions aux banques afin d&rsquo;aider toute personne qui investit dans le d\u00e9veloppement ou la transformation de la production nationale en leur accordant des cr\u00e9dits pouvant atteindre 90% de la valeur du projet, en sus de la priorit\u00e9 en ce qui concerne le foncier industriel. J&rsquo;ai cit\u00e9, \u00e0 titre d&rsquo;exemple, N&rsquo;gaous, Mascara et M\u00e9d\u00e9a qui, au-del\u00e0 du fait d&rsquo;\u00eatre des r\u00e9gions disposant de potentiels agricoles, sont \u00e9galement qualifi\u00e9es pour l&rsquo;industrie manufacturi\u00e8re. En cas de difficult\u00e9s \u00e0 exporter le produit brut, la transformation peut \u00eatre la solution.<\/p>\n<p>Le dinar connait \u00e0 pr\u00e9sent un fr\u00e9missement et nous avons m\u00eame une l\u00e9g\u00e8re stabilit\u00e9 des r\u00e9serves de changes, nous esp\u00e9rons la voir consolider \u00e0 la fin de ce trimestre.<\/p>\n<p>Concernant l&rsquo;importation de v\u00e9hicules, personnellement je ne vois aucun inconv\u00e9nient, mais cela exige une organisation. Nous devons savoir ce que nous importons et nous devons avoir la garantie quant \u00e0 la qualit\u00e9 du v\u00e9hicule et la r\u00e9gularit\u00e9 de la carte grise. Il y a la crainte d&rsquo;\u00eatre face \u00e0 un autre type de fraude, il existe des lobbies et des groupes mafieux en tous lieux. Je n&rsquo;accuse personne mais j&rsquo;ai la responsabilit\u00e9 de la vie du citoyen.<\/p>\n<p>Si des garanties techniques sont donn\u00e9es pour la protection du citoyen, la porte est ouverte soit \u00e0 travers l&rsquo;importation de mani\u00e8re individuelle ou collective. Je laisse cette question aux minist\u00e8res du Commerce et de l&rsquo;Industrie.<\/p>\n<p>La situation financi\u00e8re n&rsquo;est pas critique mais j&rsquo;irais pas jusqu&rsquo;\u00e0 dire qu&rsquo;elle est normale, comme cela \u00e0 \u00e9t\u00e9 le cas les deux derni\u00e8res ann\u00e9es, il y&rsquo;a une certaine am\u00e9lioration. Les recettes fiscales augmentent et il y aura d&rsquo;autres mesures. Dans ce sens, je voudrais ouvrir une parenth\u00e8se au sujet de certaines taxes pr\u00e9vues dans la loi des Finances 2020, pour dire qu&rsquo;elles seront r\u00e9vis\u00e9es pour une meilleure \u00e9quit\u00e9. Une loi pourrait intervenir dans les cinq ou six mois \u00e0 venir loin de toute d\u00e9magogie.<\/p>\n<p>L&rsquo;exon\u00e9ration fiscale n&rsquo;entra\u00eene pas une inflation ou une \u00e9rosion suppl\u00e9mentaire du budget de l&rsquo;Etat. Je me suis engag\u00e9, et d\u00e8s qu&rsquo;on arrivera \u00e0 la loi de Finances compl\u00e9mentaire (LFC), il y aura exon\u00e9ration de tous les salaires de moins de 30.000 DA dans le but d&rsquo;augmenter le pouvoir d&rsquo;achat tout en contr\u00f4lant les prix des produits essentiels.<\/p>\n<p>Il pourrait m\u00eame y avoir une r\u00e9vision minutieuse et r\u00e9fl\u00e9chie du Salaire minimum garanti (SMIG) car nous rejetons par principe, partant de notre religion et de nos valeurs la pauvret\u00e9 extr\u00eame en Alg\u00e9rie. Nous mobiliserons tous les moyens disponibles pour la lutte contre la pauvret\u00e9 et l&rsquo;in\u00e9quit\u00e9 en terme de revenus individuels.<\/p>\n<p>L&rsquo;exon\u00e9ration des salaires de moins de 30.000 DA co\u00fbtera quelque 90 mds DA, un montant que nous pourrons r\u00e9cup\u00e9rer sur les salaires de 2000 et 3000 mds.<\/p>\n<p>En somme, la fiscalit\u00e9 ordinaire ne d\u00e9passe pas 30%, tandis que la fiscalit\u00e9 p\u00e9troli\u00e8re s&rsquo;\u00e9l\u00e8ve \u00e0 63% du budget de l&rsquo;Etat.<\/p>\n<p>Le principe d&rsquo;augmentation du pouvoir d&rsquo;achat est irr\u00e9versible, et cette d\u00e9marche se fera \u00e0 travers l&rsquo;exhon\u00e9ration des faibles salaires et le contr\u00f4le des prix du march\u00e9.<\/p>\n<p>L&rsquo;augmentation du prix du lait \u00e0 45 DA rel\u00e8ve de la trahison nationale.<\/p>\n<p><strong><em>Question:<\/em><\/strong>\u00a0Concernant la question du gaz de schiste qui a suscit\u00e9 un toll\u00e9, allons nous explorer cette ressource, attendre ou abandonner carr\u00e9ment cette option?<\/p>\n<p>R\u00e9ponse: Le d\u00e9bat sur cette question doit se faire dans la s\u00e9r\u00e9nit\u00e9 et par les experts loin de toutes les crispations et instrumentalisation politique. Il y eu une r\u00e9action n\u00e9gative de la part des citoyens de Ain Salah, qui ont \u00e9t\u00e9 surpris par les torches sans aucunes explications pr\u00e9alables. Notre premi\u00e8re exp\u00e9rience a \u00e9t\u00e9 une erreur, nous avons un vaste d\u00e9sert mais nous sommes all\u00e9s dans une r\u00e9gion peupl\u00e9e. Nous allons \u00e9valuer calmement les exp\u00e9riences mais il faut que toutes les franges du peuple sachent qu&rsquo;il s&rsquo;agit d&rsquo;une richesse dont Allah, Tout Puissant, nous a gratifi\u00e9 et je ne vois pas pourquoi s&rsquo;en priver et que son exploitation de cette ressource est \u00e0 m\u00eame d&rsquo;am\u00e9liorer le niveau de vie. L&rsquo;exploitation du gaz de schiste n\u00e9cessite d&rsquo;abord un d\u00e9bat national et pas une opinion unilat\u00e9rale. Il s&rsquo;agit d&rsquo;une richesse<\/p>\n<p>Aujourd&rsquo;hui, nous consommons 43% de notre production gazi\u00e8re et avec le nombre de logements en cours de r\u00e9alisation et les projets d&rsquo;approvisionnement des populations en gaz dans les zones montagneuses et rurales, notre consommation augmentera \u00e0 plus de 60% \u00e0 court et \u00e0 moyen termes. Nous sommes un Etat producteur de gaz plus que de p\u00e9trole, c&rsquo;est un fait qui s&rsquo;impose de lui m\u00eame. Notre pays est deuxi\u00e8me ou troisi\u00e8me en r\u00e9serves mondiales de gaz de schiste et nous n&rsquo;exportons ni produits agricoles ni industriels.<\/p>\n<p>L&rsquo;opportunit\u00e9 de l&rsquo;exploitation du schiste nous est offerte, nous avons par exemple la r\u00e9gion de Chenachen, entre Tindouf et Adrar, qui est une zone aride et non peupl\u00e9e. Nous aborderons cette question lorsque nous aurons surmont\u00e9 la situation actuelle et entrerons dans l&rsquo;\u00e9dification et le financement de l&rsquo;\u00e9conomie. Personnellement, je ne comprends pas pourquoi certains refusent l&rsquo;exploitation du gaz de schiste et pr\u00e9f\u00e8rent recourir \u00e0 l&rsquo;endettement ext\u00e9rieur. Pourquoi?<\/p>\n<p>Le d\u00e9bat est long et complexe, nous le laisserons d&rsquo;abord aux sp\u00e9cialistes avant la d\u00e9cision politique, qui viendra au moment opportun.<\/p>\n<p><strong><em>Question:<\/em><\/strong>\u00a0Qu&rsquo;en est-il de la r\u00e9forme du syst\u00e8me \u00e9ducatif ?<\/p>\n<p><strong><em>R\u00e9ponse:<\/em><\/strong>\u00a0Je pense que tous les Alg\u00e9riens revendiquent le changement radical du syst\u00e8me \u00e9ducatif, particuli\u00e8rement du cycle primaire. Je m&rsquo;oppose cat\u00e9goriquement \u00e0 l&rsquo;implication de l&rsquo;id\u00e9ologie dans l&rsquo;enseignement primaire. La citoyennet\u00e9 exige l&rsquo;\u00e9dification d&rsquo;une g\u00e9n\u00e9ration impr\u00e9gn\u00e9e des valeurs du nationalisme, de la morale et de l&rsquo;appartenance civilisationnelle.<\/p>\n<p>Les programmes scolaires doivent imp\u00e9rativement \u00eatre all\u00e9g\u00e9s en veillant \u00e0 l&rsquo;apprentissage graduel et en laissant l&rsquo;enfant vivre son enfance de mani\u00e8re naturelle et \u00e9quilibr\u00e9e. De m\u00eame qu&rsquo;il est imp\u00e9ratif de traiter le probl\u00e8me de la surcharge du cartable \u00e0 travers le recours aux moyens technologiques et la formation des enseignants en la mati\u00e8re.<\/p>\n<p>Nous devons tirer profit des exp\u00e9riences des pays avanc\u00e9s. Il existe actuellement des probl\u00e8mes n&rsquo;ayant aucun rapport \u00e0 la scolarit\u00e9 et je m&rsquo;engage \u00e0 r\u00e9soudre les probl\u00e8mes sociaux des enseignants qui ne devront pas utiliser les \u00e9l\u00e8ves comme moyen de pression car les gr\u00e8ves r\u00e9p\u00e9t\u00e9es ne servent pas l&rsquo;int\u00e9r\u00eat de l&rsquo;\u00e9l\u00e8ve.<\/p>\n<p>Une r\u00e9vision de l&rsquo;encadrement de l&rsquo;enseignement, tous cycles confondus, s&rsquo;impose, et ce \u00e0 travers l&rsquo;am\u00e9lioration des programmes et de la situation financi\u00e8re des enseignants, en sus de la prise en charge des \u00e9l\u00e8ves des r\u00e9gions enclav\u00e9es en terme de transport et de restauration. De sanctions s\u00e9v\u00e8res seront pr\u00e9vues pour tout manquement dans ce sens.<\/p>\n<p><strong><em>Question:<\/em><\/strong>\u00a0quels sont les mesures que vous comptez prendre pour le d\u00e9veloppement des m\u00e9dias?<\/p>\n<p><strong><em>R\u00e9ponse:<\/em><\/strong>\u00a0J&rsquo;ai promis la libert\u00e9 absolue de la presse \u00e0 la condition du respect des lois de la R\u00e9publique et l&rsquo;\u00e9thique professionnelle, nous combattrons fermement le mensonge et la diffamation.<\/p>\n<p>Concernant les journalistes, il faut prendre en charge leur situation sociale, sachant qu&rsquo;il existe dans les m\u00e9dias priv\u00e9s des journalistes qui per\u00e7oivent de maigres salaires et ne b\u00e9n\u00e9ficient d&rsquo;aucune couverture sociale. Je m&rsquo;engage \u00e0 lutter contre ce ph\u00e9nom\u00e8ne, qu&rsquo;il soit dans le priv\u00e9 ou le public.<\/p>\n<p>Il existe en Alg\u00e9rie quelque 160 titres, dont certains ont r\u00e9ussi \u00e0 s&rsquo;imposer et d&rsquo;autres tentent d&rsquo;\u00e9merger. Il y a aussi des journaux \u00e0 faible tirage et pareil pour les cha\u00eenes priv\u00e9es, qui ont des biens alors que leurs employ\u00e9s sont dans des situations critiques. Je m&rsquo;engage \u00e0 ne pas faire de distinction entre journalistes du public et du priv\u00e9, tout en leur offrant des cycles de formation.<\/p>\n<p>J&rsquo;aiderai cette corporation autant que possible et encouragerai la cr\u00e9ation de clubs de journalistes dans toutes les wilayas du pays. A ce propos, j&rsquo;exhorte les journalistes \u00e0 se r\u00e9unir dans un syndicat propre.<\/p>\n<p>Concernant les institutions du secteur, \u00e0 l&rsquo;instar de l&rsquo;Autorit\u00e9 de r\u00e9gulation de l&rsquo;audiovisuel (ARAV), nous ferons en sorte de relancer son r\u00f4le avant la fin de l&rsquo;ann\u00e9e et j&rsquo;ai demand\u00e9, dans ce sens, \u00e0 son directeur d&rsquo;entreprendre des visites \u00e0 des instances similaires dans d&rsquo;autres pays pour tirer profit de leurs exp\u00e9riences.<\/p>\n<p><strong><em>Question:<\/em><\/strong>\u00a0Quelles sont les mesures juridiques que vous comptez prendre pour la r\u00e9cup\u00e9ration des deniers publics d\u00e9tourn\u00e9s vers l&rsquo;\u00e9tranger et l&rsquo;extradition des recherch\u00e9s par la justice alg\u00e9rienne?<\/p>\n<p>R\u00e9ponse: Pour ce qui est de la r\u00e9cup\u00e9ration des fonds d\u00e9tourn\u00e9s, nous sommes dans l&rsquo;attente du feu vert de la justice, qui n&rsquo;a pas encore statu\u00e9 sur tous les dossiers et \u00e9tabli les montants d\u00e9tourn\u00e9s. Les fonds d\u00e9tourn\u00e9s se trouvent \u00e0 l&rsquo;int\u00e9rieur du pays ainsi que dans d&rsquo;autres endroits, comme Gen\u00e8ve ou dissimul\u00e9s dans des pays r\u00e9put\u00e9s pour leurs facilitations fiscales. Une fois ces dossiers d\u00e9finitivement clos par la justice, nous allons entamer les proc\u00e9dures n\u00e9cessaires, soit par le biais d&rsquo;avocats alg\u00e9riens ou \u00e9trangers, ou par l&rsquo;activation des conventions conclues avec ces pays. Ces fonds seront indubitablement r\u00e9cup\u00e9r\u00e9s et \u00e7a se fera par le biais de la Justice.<\/p>\n<p>Il y a eu certes d\u00e9tournement de fonds mais \u00e9galement des surfacturations. La lutte contre la corruption, et je l&rsquo;ai d\u00e9j\u00e0 assur\u00e9, se poursuivra sans rel\u00e2che. Nous lutterons \u00e9galement contre la corruption affectant le pouvoir d&rsquo;achat du citoyen. Si la premi\u00e8re affecte le Tr\u00e9sor, la deuxi\u00e8me\u00a0 touche \u00e0 la poche du citoyen, et c&rsquo;est bien plus grave, en se rendant \u00e0 l&rsquo;Administration, le simple citoyen est contraint de payer en contrepartie de prestations qui lui sont garanties par l&rsquo;Etat. Il est imp\u00e9ratif dans ce sens d&rsquo;\u0153uvrer \u00e0 la moralisation de la soci\u00e9t\u00e9 car en l&rsquo;absence de morale tout se disloque m\u00eame au sein de la famille.<\/p>\n<p>Les mesures de lutte contre la corruption peuvent aller jusqu&rsquo;\u00e0 l&rsquo;installation de cam\u00e9ras de surveillance partout, \u00e0 l&rsquo;instar des services des Douanes, des commissariats de police et des communes. Ce sont l\u00e0 des exemples, l&rsquo;important \u00e9tant de se diriger vers une v\u00e9ritable lutte et pr\u00e9vention contre la corruption et les pots de vin.<\/p>\n<p><strong><em>Question:<\/em><\/strong>\u00a0Quelle est votre conception pour le traitement du ph\u00e9nom\u00e8ne de la Harga (migration clandestine par la mer) ?<\/p>\n<p>R\u00e9ponse: J&rsquo;ai eu \u00e0 lire des rapports sur la migration clandestine et ses causes, et celles-ci peuvent \u00eatre diff\u00e9rentes. Lorsque ce ph\u00e9nom\u00e8ne est li\u00e9 \u00e0 la pauvret\u00e9 et au ras-le-bol politique, il peut \u00eatre trait\u00e9, mais lorsque l&rsquo;origine est l&rsquo;oppression familiale et sociale, le probl\u00e8me est tout autre. Le ph\u00e9nom\u00e8ne de la Harga ne r\u00e9sulte pas forc\u00e9ment de la pauvret\u00e9, puisque il y a des m\u00e9decins et des fonctionnaires qui \u00e9migrent ill\u00e9galement. Il faut mener des campagnes de sensibilisation en associant les familles. Le jeune fraichement dipl\u00f4m\u00e9 qui est confront\u00e9 au ch\u00f4mage est en droit de s&rsquo;indigner, c&rsquo;est pourquoi il est imp\u00e9ratif de trouver des solutions \u00e0 ce probl\u00e8me en consacrant l&rsquo;\u00e9galit\u00e9 en mati\u00e8re d&rsquo;acc\u00e8s \u00e0 l&#8217;emploi pour tous les Alg\u00e9riens.<\/p>\n<p>De nombreux jeunes migrants ont \u00e9t\u00e9 refoul\u00e9s et \u00e0 ce propos j&rsquo;ai demand\u00e9 r\u00e9cemment au Pr\u00e9sident du Conseil italien que l&rsquo;application des lois de son pays \u00e0 nos migrants clandestins soit dans le respect de leur dignit\u00e9.<\/p>\n<p>Parmi les solutions qui peuvent \u00eatre apport\u00e9es au ph\u00e9nom\u00e8ne de Harga, la signature de conventions avec certains pays pour permettre \u00e0 des jeunes de constater de visu \u00e0 quel point la\u00a0 situation est difficile dans ces pays, mais il est \u00e9galement possible de recourir \u00e0 des psychologues en ce sens qu&rsquo;il s&rsquo;agit d&rsquo;un probl\u00e8me grave n\u00e9cessitant un traitement particulier.<\/p>\n<p><strong><em>Question:<\/em><\/strong>\u00a0La communaut\u00e9 nationale \u00e9tablie \u00e0 l&rsquo;\u00e9tranger figure parmi vos priorit\u00e9s et votre premi\u00e8re d\u00e9cision a \u00e9t\u00e9 de permettre le rapatriement, \u00e0 titre gracieux, des d\u00e9pouilles d&rsquo;Alg\u00e9riens d\u00e9c\u00e9d\u00e9s \u00e0 l&rsquo;\u00e9tranger. D&rsquo;autre part, comment peut-on, selon vous, b\u00e9n\u00e9ficier des comp\u00e9tences alg\u00e9riennes \u00e0 l&rsquo;\u00e9tranger?<\/p>\n<p><strong><em>R\u00e9ponse:<\/em><\/strong>\u00a0Je suis d\u00e9termin\u00e9 \u00e0 oeuvrer pour permettre \u00e0 l&rsquo;Alg\u00e9rie de tirer profit de ses comp\u00e9tences \u00e9tablies \u00e0 l&rsquo;\u00e9tranger, l\u00e0 o\u00f9 elles se trouvent. Dans ce cadre, j&rsquo;ai contact\u00e9 le Professeur Habba qui m&rsquo;a fait part de sa disposition \u00e0 recevoir et orienter des jeunes stagiaires et d&rsquo;int\u00e9grer le programme d&rsquo;encouragement des start-up.<\/p>\n<p>Des membres de notre communaut\u00e9 se sont sentis exclus suite \u00e0 la promulgation d&rsquo;un article de loi les privant de certains postes. Nous nous attelons \u00e0 la r\u00e9vision de la Constitution, et exception faite des aspects ayant trait \u00e0 la s\u00e9curit\u00e9 de l&rsquo;Etat, rien n&#8217;emp\u00eache de revoir d&rsquo;autres articles. N\u00e9anmoins, des pays pionniers en mati\u00e8re de d\u00e9mocratie ont exclu les binationaux par souci de pr\u00e9servation de la s\u00e9curit\u00e9 nationale. Les conclusions des d\u00e9bats sur la Constitution seront soumises au r\u00e9f\u00e9rendum.<\/p>\n<p><strong><em>Question:<\/em><\/strong>\u00a0Sur le plan international, nous avons constat\u00e9 r\u00e9cemment un retour en force de la diplomatie alg\u00e9rienne, notamment dans le dossier libyen. Vous avez propos\u00e9 lors de la Conf\u00e9rence de Berlin d&rsquo;abriter le dialogue interlibyen, cette proposition a-t-elle \u00e9t\u00e9 favorablement accueillie?<\/p>\n<p><strong><em>R\u00e9ponse:<\/em><\/strong>\u00a0Il y&rsquo;a eu globalement un consensus sur la proposition de l&rsquo;Alg\u00e9rie, qui est un pays connu pour son \u00e9quidistance. L&rsquo;Alg\u00e9rie a une bonne exp\u00e9rience dans la conduite des m\u00e9diations et elle en a fait profit\u00e9 plusieurs pays sans aucun autre objectif que la pr\u00e9servation de la paix et de la s\u00e9curit\u00e9. C&rsquo;est pour nous une tradition depuis 1962, nous agissons pour l&rsquo;apaisement des tensions entre les peuples et les pays.<\/p>\n<p>Des personnalit\u00e9s libyennes, dont MM. Fayez El-Serraj et Khaled Al-Mechri, ont fait des d\u00e9clarations encourageantes pour le r\u00f4le de l&rsquo;Alg\u00e9rie dans le r\u00e8glement de la crise libyenne \u00e0 travers le dialogue. Nous avons donc la confiance des deux parties en plus de la majorit\u00e9 des tribus du Sud de Misrata, de Zentan et des Touaregs qui ont toutes sollicit\u00e9 la m\u00e9diation de l&rsquo;Alg\u00e9rie.<\/p>\n<p>En outre, le ministre fran\u00e7ais des Affaires \u00e9trang\u00e8res a admis que l&rsquo;Alg\u00e9rie \u00e9tait une force d&rsquo;\u00e9quilibre et de paix, et aujourd&rsquo;hui les pays voisins de la Libye se rencontrent \u00e0 Alger avec la participation du ministre allemand des Affaires \u00e9trang\u00e8res qui leur fera part des conclusions de la Conf\u00e9rence de Berlin sur la crise libyenne.<\/p>\n<p><strong><em>Question:<\/em><\/strong>\u00a0Que pensez-vous de la situation \u00e9conomique mondiale et son impact sur l&rsquo;\u00e9conomie nationale qui enregistre des transferts sociaux consid\u00e9rables?<\/p>\n<p><strong><em>R\u00e9ponse:<\/em><\/strong>\u00a0Le Fonds Mon\u00e9taire International (FMI) pr\u00e9voit une reprise de l&rsquo;\u00e9conomie mondiale fin 2020. Pour l&rsquo;Alg\u00e9rie, la Banque mondiale et le FMI parlent d&rsquo;un taux de croissance de 2%, mais \u00e7a restent des pr\u00e9visions. Je suis confiant, que l&rsquo;Alg\u00e9rie r\u00e9alisera un taux plus important car la croissance dans un pays comme le notre peut \u00eatre plus rapide. Nous allons \u00e9radiquer le ch\u00f4mage \u00e0 travers la mise en place de m\u00e9canismes susceptibles de cr\u00e9er la croissance et la richesse.<\/p>\n<p>Concernant les transferts sociaux, je tiens \u00e0 r\u00e9affirmer que des acquis nationaux dans ce domaine comme le soutien des produits de base, ne seront pas touch\u00e9s en cons\u00e9cration de la D\u00e9claration du 1er Novembre, particuli\u00e8rement le principe de l&rsquo;Etat d\u00e9mocratique et social. Les transferts sont actuellement \u00e9quilibr\u00e9s mais le probl\u00e8me qui se pose concerne le financement, notamment des retraites.<\/p>\n<p>Pour les m\u00e9canismes de subvention, il est imp\u00e9ratif de revoir le ciblage des cat\u00e9gories ouvrant droits aux aides de l&rsquo;Etat, soit 35% de la population. Pour le moment, ce d\u00e9bat est pr\u00e9matur\u00e9 et il faut \u00e9tudier les exp\u00e9riences d&rsquo;autres pays en la mati\u00e8re.<\/p>\n<p><strong><em>Question:<\/em><\/strong>\u00a0Quelle est votre vision de l&rsquo;avenir des relations avec la France, pays avec lequel l&rsquo;Alg\u00e9rie a des relations complexes?<\/p>\n<p><strong><em>R\u00e9ponse:<\/em><\/strong>\u00a0En effet, il y a eu une crispation dans les relations, notamment apr\u00e8s que les Alg\u00e9riens aient constat\u00e9 une ing\u00e9rence dans leurs affaires internes suite \u00e0 la d\u00e9claration de la partie fran\u00e7aise au d\u00e9but du Hirak. D\u00e9sormais, l&rsquo;Alg\u00e9rie avec sa nouvelle g\u00e9n\u00e9ration et direction n&rsquo;acceptera aucune immixtion ou tutelle quelconque. L&rsquo;Alg\u00e9rie n&rsquo;est pas une chasse gard\u00e9e de la France. C&rsquo;est un Etat libre qui d\u00e9cide seul de son avenir. Nous Alg\u00e9riens, du simple citoyen au grand responsable, sommes jaloux de notre souverainet\u00e9 nationale, surtout quand les tentatives d&rsquo;ing\u00e9rence \u00e9manent de l&rsquo;ancien colonisateur. Il faut qu&rsquo;il y ait un respect mutuel entre les deux parties. Il existe en France un lobby qui a de la ranc\u0153ur pour l&rsquo;Alg\u00e9rie, qui sait bien d\u00e9fendre ses int\u00e9r\u00eats, sa dignit\u00e9 et sa souverainet\u00e9.<\/p>\n<p>Pour ce qui de l&rsquo;Afrique, la R\u00e9publique arabe sahraouie est membre fondateur de l&rsquo;Union africaine (UA) et la question sahraouie rel\u00e8ve de la d\u00e9colonisation.<\/p>\n<p><strong><em>Question:<\/em><\/strong>\u00a0Monsieur le Pr\u00e9sident nous vous remercions d&rsquo;avoir honor\u00e9 votre engagement \u00e0 travers cette belle et courageuse initiative qui permettra d&rsquo;\u00e9clairer l&rsquo;opinion publique sur ce qui est envisag\u00e9 pour le traitement de plusieurs probl\u00e8mes dont souffre l&rsquo;Alg\u00e9rie. Une opinion publique longtemps ballot\u00e9e entre fausses informations, sources anonymes et fuites suspectes. De m\u00eame que nous vous remercions pour cette initiative, entam\u00e9e par la cr\u00e9ation du poste de porte parole officiel de la pr\u00e9sidence de la R\u00e9publique, souhaitant avoir d&rsquo;autres rencontres avec vous pour mieux informer le citoyen.<\/p>\n<p><strong><em>R\u00e9ponse:<\/em><\/strong>\u00a0Je vous remercie tous d&rsquo;avoir accept\u00e9 cette invitation, vous avez \u00e9t\u00e9 les premiers et il y aura d&rsquo;autres car nous tenons \u00e0 consacrer cette tradition. Je continuerai \u00e0 communiquer avec les citoyens via les m\u00e9dias nationaux, c&rsquo;est l\u00e0, un principe et un engagement, et la cr\u00e9dibilit\u00e9 passe par le respect des engagements.<\/p>\n<p>Pour moi, les m\u00e9dias sont un partenaire essentiel. Vous \u00eates des faiseurs d&rsquo;opinion et nous sommes des d\u00e9cideurs, et ensemble nous m\u00e8nerons, plaise \u00e0 Dieu, l&rsquo;Alg\u00e9rie \u00e0 bon port.<\/p>\n<p>En sus de ces rencontres, le porte-parole officiel de la Pr\u00e9sidence est l\u00e0 pour r\u00e9pondre \u00e0 vos questions quotidiennement, et m\u00eame si l&rsquo;information officielle n&rsquo;est pas communiqu\u00e9e par le biais de l&rsquo;agence Alg\u00e9rie Presse Service (APS), elle le sera par le biais du porte-parole, et ce dans le but de barrer la route \u00e0 toute tentative malveillante.<\/p>\n<p>Auteur: elmoudjahid<br \/>\n<a href=\"http:\/\/www.elmoudjahid.com\/fr\/actualites\/147544\">Cliquez ici pour lire l&rsquo;article depuis sa source.<\/a><\/p>\n","protected":false},"excerpt":{"rendered":"<p>Le Pr\u00e9sident de la R\u00e9publique,\u00a0M. Abdelmadjid Tebboune a accord\u00e9, mercredi, une entrevue \u00e0 des responsables de m\u00e9dias nationaux publics et priv\u00e9s\u00a0au cours de laquelle il a \u00e9voqu\u00e9 plusieurs questions nationales et internationales, dont voici le texte int\u00e9gral: Question:\u00a0Vous avez men\u00e9 une s\u00e9rie de rencontres avec des personnalit\u00e9s nationales et des dirigeants de partis. Est ce [&hellip;]<\/p>\n","protected":false},"author":1744,"featured_media":0,"comment_status":"closed","ping_status":"closed","sticky":false,"template":"","format":"standard","meta":{"fifu_image_url":"","fifu_image_alt":"","footnotes":""},"categories":[73,53],"tags":[],"class_list":["post-73937","post","type-post","status-publish","format-standard","hentry","category-actualite","category-algerie"],"_links":{"self":[{"href":"https:\/\/linitiative.ca\/International\/wp-json\/wp\/v2\/posts\/73937","targetHints":{"allow":["GET"]}}],"collection":[{"href":"https:\/\/linitiative.ca\/International\/wp-json\/wp\/v2\/posts"}],"about":[{"href":"https:\/\/linitiative.ca\/International\/wp-json\/wp\/v2\/types\/post"}],"author":[{"embeddable":true,"href":"https:\/\/linitiative.ca\/International\/wp-json\/wp\/v2\/users\/1744"}],"replies":[{"embeddable":true,"href":"https:\/\/linitiative.ca\/International\/wp-json\/wp\/v2\/comments?post=73937"}],"version-history":[{"count":0,"href":"https:\/\/linitiative.ca\/International\/wp-json\/wp\/v2\/posts\/73937\/revisions"}],"wp:attachment":[{"href":"https:\/\/linitiative.ca\/International\/wp-json\/wp\/v2\/media?parent=73937"}],"wp:term":[{"taxonomy":"category","embeddable":true,"href":"https:\/\/linitiative.ca\/International\/wp-json\/wp\/v2\/categories?post=73937"},{"taxonomy":"post_tag","embeddable":true,"href":"https:\/\/linitiative.ca\/International\/wp-json\/wp\/v2\/tags?post=73937"}],"curies":[{"name":"wp","href":"https:\/\/api.w.org\/{rel}","templated":true}]}}