{"id":73938,"date":"2020-01-23T10:32:00","date_gmt":"2020-01-23T15:32:00","guid":{"rendered":"https:\/\/linitiative.ca\/International\/elevage-equin-moderniser-lactivite-a-travers-la-numerisation-pour-favoriser-la-transparence-dans-la-gestion\/"},"modified":"2020-01-23T10:32:00","modified_gmt":"2020-01-23T15:32:00","slug":"elevage-equin-moderniser-lactivite-a-travers-la-numerisation-pour-favoriser-la-transparence-dans-la-gestion","status":"publish","type":"post","link":"https:\/\/linitiative.ca\/International\/elevage-equin-moderniser-lactivite-a-travers-la-numerisation-pour-favoriser-la-transparence-dans-la-gestion\/","title":{"rendered":"Elevage \u00e9quin: Moderniser l\u2019activit\u00e9 \u00e0 travers la num\u00e9risation pour favoriser la transparence dans la gestion"},"content":{"rendered":"<p>Lors de cette rencontre \u00e0 laquelle \u00e9taient pr\u00e9sents \u00e9galement des cadres du minist\u00e8re, M. Omari a \u00e9cout\u00e9 les pr\u00e9occupations des \u00e9leveurs et propri\u00e9taires de chevaux et leurs propositions visant \u00e0 trouver des solutions ad\u00e9quates aux probl\u00e8mes rencontr\u00e9s par l&rsquo;\u00e9leveur, ainsi que les m\u00e9canismes \u00e0 mettre en place pour relancer cette activit\u00e9 agricole \u00e0 dimension historique, culturelle, sociale et \u00e9conomique dans plusieurs wilayas du<\/p>\n<p>Soulignant la disponibilit\u00e9 des autorit\u00e9s publiques \u00e0 accompagner les professionnels de cette fili\u00e8re sur tous les niveaux, le ministre les a appel\u00e9 \u00e0 s&rsquo;organiser au sein de coop\u00e9ratives agricoles en vue de faciliter les op\u00e9rations d&rsquo;accompagnement et d&rsquo;encadrement, notamment en ce qui concerne la sant\u00e9 animale et l&rsquo;am\u00e9lioration des races.<\/p>\n<p>Le ministre a insist\u00e9, en outre, sur l&rsquo;imp\u00e9ratif de moderniser cette activit\u00e9 \u00e0 travers la num\u00e9risation pour favoriser la transparence dans la gestion et acc\u00e9l\u00e9rer l&rsquo;application des mesures prises par les autorit\u00e9s publiques en faveur des \u00e9leveurs et des professionnels, ainsi que l&rsquo;importance de valoriser cette activit\u00e9 pour cr\u00e9er une plus value \u00e0 l&rsquo;\u00e9conomie nationale.<\/p>\n<p>Le ministre de l&rsquo;Agriculture a donn\u00e9 des instructions pour \u00e9laborer une feuille de route avec la contribution des professionnels, notamment les \u00e9leveurs de chevaux afin de d\u00e9velopper cette fili\u00e8re en se basant sur le restructuration de l&rsquo;Office national de d\u00e9veloppement des \u00e9levages \u00e9quins et camelins ainsi que l&rsquo;organisation des \u00e9leveurs.<\/p>\n<p>APS\u00a0<\/p>\n<p>Auteur: elmoudjahid<br \/>\n<a href=\"http:\/\/www.elmoudjahid.com\/fr\/actualites\/147545\">Cliquez ici pour lire l&rsquo;article depuis sa source.<\/a><\/p>\n","protected":false},"excerpt":{"rendered":"<p>Lors de cette rencontre \u00e0 laquelle \u00e9taient pr\u00e9sents \u00e9galement des cadres du minist\u00e8re, M. Omari a \u00e9cout\u00e9 les pr\u00e9occupations des \u00e9leveurs et propri\u00e9taires de chevaux et leurs propositions visant \u00e0 trouver des solutions ad\u00e9quates aux probl\u00e8mes rencontr\u00e9s par l&rsquo;\u00e9leveur, ainsi que les m\u00e9canismes \u00e0 mettre en place pour relancer cette activit\u00e9 agricole \u00e0 dimension historique, [&hellip;]<\/p>\n","protected":false},"author":1744,"featured_media":0,"comment_status":"closed","ping_status":"closed","sticky":false,"template":"","format":"standard","meta":{"fifu_image_url":"","fifu_image_alt":"","footnotes":""},"categories":[73,53],"tags":[],"class_list":["post-73938","post","type-post","status-publish","format-standard","hentry","category-actualite","category-algerie"],"_links":{"self":[{"href":"https:\/\/linitiative.ca\/International\/wp-json\/wp\/v2\/posts\/73938","targetHints":{"allow":["GET"]}}],"collection":[{"href":"https:\/\/linitiative.ca\/International\/wp-json\/wp\/v2\/posts"}],"about":[{"href":"https:\/\/linitiative.ca\/International\/wp-json\/wp\/v2\/types\/post"}],"author":[{"embeddable":true,"href":"https:\/\/linitiative.ca\/International\/wp-json\/wp\/v2\/users\/1744"}],"replies":[{"embeddable":true,"href":"https:\/\/linitiative.ca\/International\/wp-json\/wp\/v2\/comments?post=73938"}],"version-history":[{"count":0,"href":"https:\/\/linitiative.ca\/International\/wp-json\/wp\/v2\/posts\/73938\/revisions"}],"wp:attachment":[{"href":"https:\/\/linitiative.ca\/International\/wp-json\/wp\/v2\/media?parent=73938"}],"wp:term":[{"taxonomy":"category","embeddable":true,"href":"https:\/\/linitiative.ca\/International\/wp-json\/wp\/v2\/categories?post=73938"},{"taxonomy":"post_tag","embeddable":true,"href":"https:\/\/linitiative.ca\/International\/wp-json\/wp\/v2\/tags?post=73938"}],"curies":[{"name":"wp","href":"https:\/\/api.w.org\/{rel}","templated":true}]}}