{"id":73940,"date":"2020-01-23T06:52:56","date_gmt":"2020-01-23T11:52:56","guid":{"rendered":"https:\/\/linitiative.ca\/International\/100528-boulmerka-denonce-la-tenue-de-competitions-sportives-a-laayoune-occupee\/"},"modified":"2020-01-23T06:52:56","modified_gmt":"2020-01-23T11:52:56","slug":"100528-boulmerka-denonce-la-tenue-de-competitions-sportives-a-laayoune-occupee","status":"publish","type":"post","link":"https:\/\/linitiative.ca\/International\/100528-boulmerka-denonce-la-tenue-de-competitions-sportives-a-laayoune-occupee\/","title":{"rendered":"Boulmerka d\u00e9nonce la tenue de comp\u00e9titions sportives \u00e0 La\u00e2youne occup\u00e9e"},"content":{"rendered":"<div readability=\"35\">\n<p><strong>ALGER- La championne du monde et olympique en athl\u00e9tisme alg\u00e9rienne Hassiba Boulmerka, a d\u00e9nonc\u00e9 le choix du Maroc d&rsquo;organiser des comp\u00e9titions sportives dans les territoires occup\u00e9s du Sahara occidental.<\/strong><\/p>\n<\/div>\n<div readability=\"85.7013081395\">\n<p>Hassiba Boulmerka, dont les propos ont \u00e9t\u00e9 reproduits jeudi par des m\u00e9dias, a qualifi\u00e9 l&rsquo;organisation par le Maroc de la Coupe d&rsquo;Afrique des nations de futsal dans la ville sahraouie de La\u00e2youne occup\u00e9e, de\u00a0\u00ab\u00a0violation flagrante\u00a0\u00bb du droit et des normes internationales, ainsi que des lois des associations sportives africaines.<\/p>\n<p>Elle s&rsquo;exprimait mercredi lors d&rsquo;une rencontre avec la presse au Centre d&rsquo;information\u00a0\u00a0 sahraoui \u00e0 Alger.<\/p>\n<blockquote readability=\"8\">\n<p><em><strong>Mme Boulmerka, a expliqu\u00e9 que \u00ab\u00a0les pratiques marocaines et les provocations du r\u00e9gime d&rsquo;occupation marocain envers les pays africains n&rsquo;ont aucun fondement et aucun impact pour changer la nature du conflit au Sahara occidental\u00a0\u00bb.<\/strong><\/em><\/p>\n<\/blockquote>\n<p>Elle a, dans ce contexte, rappel\u00e9 que la question du Sahara occidental est une question de d\u00e9colonisation et que la R\u00e9publique arabe sahraouie d\u00e9mocratique (RASD) est un membre fondateur de l&rsquo;Union africaine (UA)\u00a0\u00bb.<\/p>\n<p>La championne olympique a ajout\u00e9 que la Conf\u00e9d\u00e9ration africaine de Football (CAF) et toutes les organisations sportives africaines ainsi que les pays de l&rsquo;UA sont tenus de prendre les mesures n\u00e9cessaires face \u00e0 la politique de provocation marocaine qui n&rsquo;est pas conforme \u00e0 la Charte constitutive de l&rsquo;UA.<\/p>\n<hr\/>\n<p>Lire aussi:\u00a0<a href=\"http:\/\/www.aps.dz\/sport\/100280-futsal-can-2020-domiciliation-du-tournoi-dans-la-ville-de-laayoune-occupee-une-derive-de-la-caf\"><span class=\"highlight\">Futsal<\/span>\/CAN-2020: domiciliation du tournoi dans la ville de La\u00e2youne occup\u00e9e, une d\u00e9rive de la CAF\u00a0<\/a><\/p>\n<hr\/>\n<p>En outre, en r\u00e9action \u00e0 la persistance du Maroc, puissance occupante, \u00e0 maintenir cette comp\u00e9tition continentale \u00e0 La\u00e2youne occup\u00e9e, la F\u00e9d\u00e9ration sud-africaine de football (SAFA) avait annonc\u00e9 le retrait de son \u00e9quipe nationale de ce rendez-vous continental, alors que l&rsquo;Alg\u00e9rie, \u00e0 travers sa f\u00e9d\u00e9ration de football (FAF), a d\u00e9nonc\u00e9 cette domiciliation aupr\u00e8s de la Conf\u00e9d\u00e9ration africaine de football (CAF), exprimant \u00e9galement son enti\u00e8re \u00ab\u00a0opposition\u00a0\u00bb.<\/p>\n<blockquote readability=\"12\">\n<p><em><strong>Pour la f\u00e9d\u00e9ration sud-africaine, \u00ab\u00a0la SAFA a d\u00e9cid\u00e9 de d\u00e9clarer forfait (&#8230;) car le Maroc persiste \u00e0 organiser le tournoi \u00e0 La\u00e2youne, qui se situe dans le Sahara occidental occup\u00e9\u00a0\u00bb, a indiqu\u00e9 un communiqu\u00e9 de la F\u00e9d\u00e9ration, tout en se disant \u00ab\u00a0conscients du risque d\u2019amende qu\u2019inflige la\u00a0<\/strong><strong>CAF et d&rsquo;autres r\u00e9percussions faisant suite \u00e0 notre d\u00e9cision\u00a0\u00bb.<\/strong><\/em><\/p>\n<\/blockquote>\n<p>Pour sa part, la FAF a adress\u00e9 une lettre au pr\u00e9sident de la CAF dans laquelle elle \u00ab\u00a0d\u00e9nonce et s\u2019oppose\u00a0\u00bb \u00e0 la domiciliation de la CAN de futsal 2020 (28 janvier &#8211; 7 f\u00e9vrier) par le Maroc dans la ville sahraouie occup\u00e9e de La\u00e2youne.<\/p>\n<p>La FAF a appel\u00e9 la CAF \u00e0 reconsid\u00e9rer la domiciliation de cet \u00e9v\u00e9nement dans cette ville occup\u00e9e par le Maroc, et \u00e0 suivre la voie de la l\u00e9galit\u00e9 internationale, qui l\u00e8ve toute \u00e9quivoque sur la nature du conflit au Sahara Occidental dont le dossier est trait\u00e9 par les organes de l\u2019ONU comme \u00ab\u00a0une question de d\u00e9colonisation\u00a0\u00bb.<\/p>\n<\/div>\n<p>Auteur:<br \/>\n<a href=\"http:\/\/www.aps.dz\/sport\/100528-boulmerka-denonce-la-tenue-de-competitions-sportives-a-laayoune-occupee?utm_source=feedburner&#038;utm_medium=feed&#038;utm_campaign=Feed%3A+aps-sport+%28APS+-+SPORT%29\">Cliquez ici pour lire l&rsquo;article depuis sa source.<\/a><\/p>\n","protected":false},"excerpt":{"rendered":"<p>ALGER- La championne du monde et olympique en athl\u00e9tisme alg\u00e9rienne Hassiba Boulmerka, a d\u00e9nonc\u00e9 le choix du Maroc d&rsquo;organiser des comp\u00e9titions sportives dans les territoires occup\u00e9s du Sahara occidental. Hassiba Boulmerka, dont les propos ont \u00e9t\u00e9 reproduits jeudi par des m\u00e9dias, a qualifi\u00e9 l&rsquo;organisation par le Maroc de la Coupe d&rsquo;Afrique des nations de futsal [&hellip;]<\/p>\n","protected":false},"author":1790,"featured_media":0,"comment_status":"closed","ping_status":"closed","sticky":false,"template":"","format":"standard","meta":{"fifu_image_url":"","fifu_image_alt":"","footnotes":""},"categories":[53,75],"tags":[],"class_list":["post-73940","post","type-post","status-publish","format-standard","hentry","category-algerie","category-sport"],"_links":{"self":[{"href":"https:\/\/linitiative.ca\/International\/wp-json\/wp\/v2\/posts\/73940","targetHints":{"allow":["GET"]}}],"collection":[{"href":"https:\/\/linitiative.ca\/International\/wp-json\/wp\/v2\/posts"}],"about":[{"href":"https:\/\/linitiative.ca\/International\/wp-json\/wp\/v2\/types\/post"}],"author":[{"embeddable":true,"href":"https:\/\/linitiative.ca\/International\/wp-json\/wp\/v2\/users\/1790"}],"replies":[{"embeddable":true,"href":"https:\/\/linitiative.ca\/International\/wp-json\/wp\/v2\/comments?post=73940"}],"version-history":[{"count":0,"href":"https:\/\/linitiative.ca\/International\/wp-json\/wp\/v2\/posts\/73940\/revisions"}],"wp:attachment":[{"href":"https:\/\/linitiative.ca\/International\/wp-json\/wp\/v2\/media?parent=73940"}],"wp:term":[{"taxonomy":"category","embeddable":true,"href":"https:\/\/linitiative.ca\/International\/wp-json\/wp\/v2\/categories?post=73940"},{"taxonomy":"post_tag","embeddable":true,"href":"https:\/\/linitiative.ca\/International\/wp-json\/wp\/v2\/tags?post=73940"}],"curies":[{"name":"wp","href":"https:\/\/api.w.org\/{rel}","templated":true}]}}