{"id":73944,"date":"2020-01-23T13:01:01","date_gmt":"2020-01-23T18:01:01","guid":{"rendered":"https:\/\/linitiative.ca\/International\/alger-disposee-a-abriter-une-reunion-de-dialogue-inter-libyen\/"},"modified":"2020-01-23T13:01:01","modified_gmt":"2020-01-23T18:01:01","slug":"alger-disposee-a-abriter-une-reunion-de-dialogue-inter-libyen","status":"publish","type":"post","link":"https:\/\/linitiative.ca\/International\/alger-disposee-a-abriter-une-reunion-de-dialogue-inter-libyen\/","title":{"rendered":"Alger dispos\u00e9e \u00e0 abriter une r\u00e9union de dialogue inter-libyen"},"content":{"rendered":"<p><br class=\"autobr\"\/><br \/>\nL\u2019Alg\u00e9rie est dispos\u00e9e \u00e0 accueillir dans les prochains jours une r\u00e9union de dialogue entre les libyens afin de faire taire le langage des armes et favoriser un r\u00e8glement pacifique de la crise qui dure depuis 2011 dans ce pays. C\u2019est qu\u2019a affirm\u00e9 ce jeudi \u00e0 Alger le ministre des Affaires \u00e9trang\u00e8res, Sabri Boukadoum, lors\u00a0de la r\u00e9union des ministres des affaires \u00e9trang\u00e8res des pays voisins de la Libye. La rencontre qui s\u2019est d\u00e9roul\u00e9e dans la foul\u00e9e de la r\u00e9union de Berlin sur la Libye a regroup\u00e9 les chefs des diplomaties de\u00a0la Tunisie, le Tchad, le Niger, le Soudan, l\u2019Egypte, le Mali et le ministre allemand des Affaires \u00e9trang\u00e8res, Heiko Maas. Il s\u2019agit d\u2019une d\u00e9marche politique privil\u00e9giant principalement le dialogue et la r\u00e9conciliation nationale entre les fr\u00e8res libyens, loin de toute ing\u00e9rence \u00e9trang\u00e8re, selon M.\u00a0Boukadoum.<br \/>Initi\u00e9e par l\u2019Alg\u00e9rie, cette r\u00e9union s\u2019inscrit dans le cadre de efforts diplomatiques consentis par Alger et la communaut\u00e9 internationale en vue d\u2019aboutir \u00e0 un r\u00e8glement pacifique de la crise libyenne, a indiqu\u00e9 M.\u00a0Boukadoum.<br \/>Elle intervient apr\u00e8s quelques jours du sommet de Berlin qui a conduit \u00ab\u00a0\u00e0 des r\u00e9sultats non n\u00e9gligeables notamment la cessation des hostilit\u00e9s en Libye qui repr\u00e9sentaient une vraie menace pour la s\u00e9curit\u00e9 des pays alors que pointait \u00e0 l\u2019horizon une exacerbation de la tension avec l\u2019implication des forces turques en Libye\u00a0\u00bb a estim\u00e9 M.\u00a0Boukadoum qui a insist\u00e9 sur l\u2019importance du respect des parties concern\u00e9es d\u2019un cessez-le-feu durable et le renforcement de l\u2019embargo, sign\u00e9 en 2011, visant \u00e0 interdire l\u2019introduction des armes en Libye.<br \/>\u00ab\u00a0La participation d\u2019Alger au congr\u00e8s de Berlin le 18 janvier a\u00a0consolid\u00e9 sa position\u00a0quant au soutien \u00e0 toute solution politique bas\u00e9 sur le langage de la raison\u00a0\u00bb, a-t-il affirm\u00e9, invitant, au demeurant, les parties libyennes \u00e0 s\u2019impliquer s\u00e9rieusement dans le processus politique.\u00a0<br \/>Partant de cette approche, l\u2019Alg\u00e9rie se dit, par ailleurs, \u00ab\u00a0pr\u00eate \u00e0 abriter, dans les prochains jours un dialogue entre les libyens loin des injonctions et interventions \u00e9trang\u00e8res\u00a0\u00bb, a fait savoir M.\u00a0Boukadoum.\u00a0Cette initiative, insiste le chef de la diplomatie\u00a0alg\u00e9rienne, n\u2019a pas pour objectif de concurrencer les autres efforts et propositions allant dans le sens du r\u00e8glement du conflit libyen, pr\u00e9cisant que le cercle de concertation pourrait \u00eatre \u00e9largi \u00e0 tous les pays voulant contribuer \u00e0 trouver une solution pacifiques et d\u00e9finitive au conflit. S\u2019agissant de l\u2019annonce faite par le ministre libyen des affaires \u00e9trang\u00e8res, dans le gouvernement d\u2019union nationale, Mohamed Tahar Siyala, de ne pas participer \u00e0 cette r\u00e9union, M.\u00a0Boukadoum a pr\u00e9cis\u00e9 qu\u2019aucune invitation n\u2019a \u00e9t\u00e9 adress\u00e9e aux parties libyennes ajoutant qu\u2019il s\u2019agit d\u2019une r\u00e9union entre voisins de la Libye.\u00a0<br \/>Intervenant lors de cette rencontre, le ministre \u00e9gyptien des affaires \u00e9trang\u00e8res, Sameh Choukri,\u00a0a\u00a0d\u00e9nonc\u00e9 l\u2019ing\u00e9rence\u00a0turque et le d\u00e9ploiement\u00a0de ses forces\u00a0militaires\u00a0sur le territoire\u00a0libyen, estimant qu\u2019il n\u2019est permis\u00a0\u00e0 aucune force\u00a0de\u00a0mettre en p\u00e9ril la s\u00e9curit\u00e9 de la Libye\u00a0dont\u00a0la stabilit\u00e9\u00a0est\u00a0\u00e9troitement\u00a0li\u00e9e \u00e0 celles\u00a0des pays\u00a0voisins.\u00a0Le ministre \u00e9gyptien a estim\u00e9\u00a0que le respect\u00a0par la communaut\u00e9 internationale de la feuille de route de Berlin\u00a0permettra\u00a0\u00e9norm\u00e9ment\u00a0d\u2019\u00e9viter la complication de la situation en Libye, mettant l\u2019accent sur\u00a0cinq points essentiels pour\u00a0sortir de la crise qui perdure depuis 2011. Le Caire\u00a0voit\u00a0donc primordiale\u00a0la r\u00e9forme du\u00a0d\u2019un Conseil pr\u00e9sidentiel, la formation d\u2019un gouvernement consensuel,\u00a0l\u2019interdiction des armes aux milices ainsi que l\u2019unification de l \u2018arm\u00e9e libyenne.\u00a0<br \/>Quant au ministre\u00a0tchadien des AE, Mohamed Cherif Zine, il a tenu \u00e0 attirer l\u2019attention sur\u00a0la gravit\u00e9\u00a0de l\u2019instabilit\u00e9\u00a0s\u00e9curitaire\u00a0dans la r\u00e9gion au vu de la proximit\u00e9\u00a0g\u00e9ographique, accentu\u00e9e par\u00a0le flux incontr\u00f4l\u00e9 des armes via la Libye,\u00a0faisant\u00a0de l\u2019ensemble de la zone du Sahel un\u00a0fief des\u00a0groupes\u00a0terroristes.\u00a0Un constat qui n\u00e9cessite, de son avis, l\u2019intensification des efforts de part\u00a0et autre pour d\u00e9gager un consensus\u00a0o\u00f9 convergent\u00a0toutes les parties prenantes libyennes dans l\u2019espoir d\u2019un apaisement\u00a0durable \u00e0 ce conflit persistant.\u00a0<br \/>Le ministre allemand des Affaires \u00e9trang\u00e8res, Heiko Maas, a quant \u00e0 lui, r\u00e9it\u00e9r\u00e9 la port\u00e9e des r\u00e9sultats ayant sanctionn\u00e9 la r\u00e9union de Berlin, saluant par la m\u00eame occasion le r\u00f4le\u00a0de l\u2019Alg\u00e9rie dans sa d\u00e9marche \u00e0 rassembler les diff\u00e9rentes visions et de rendre ces rounds de consultations\u00a0un espace de la promotion de la paix et de la stabilit\u00e9 dans la r\u00e9gion africaine.\u00a0Il a fait observer que le soutien allemand consiste \u00e0 donner un \u00ab\u00a0coup de pouce diplomatique\u00a0\u00bb pour la dynamisation du processus de paix engag\u00e9 par les Nations unies en Libye.<br \/>Suite aux menaces d\u2019exacerbation de la tension en Libye qui pouvaient avoir des r\u00e9percussions sur les pays voisins, la diplomatie alg\u00e9rienne a repris en main le dossier libyen multipliant les rounds de concertations avec les partis impliqu\u00e9es ou concern\u00e9es par le conflit.\u00a0Selon des sources diplomatiques alg\u00e9riennes, l\u2019Alg\u00e9rie s\u2019appr\u00eate \u00e0 recevoir prochainement le ministre turc des affaires \u00e9trang\u00e8res ainsi que d\u2019autres rencontres qui regrouperaient les parties bellig\u00e9rantes libyennes dans l\u2019espoir de r\u00e9duire le foss\u00e9 entre le gouvernement de Tripoli et celui de Tobrouk.<\/p>\n<p><br class=\"autobr\"\/><img decoding=\"async\" alt=\"\" src=\"http:\/\/www.jeune-independant.net\/IMG\/UserFiles\/Images\/riad%20abadaji.jpg\" class=\"c5\"\/><em>Les MAE voisins de la Libye en conclave \u00e0 Alger (Photo\u00a0: Riad Abada-JI)<\/em><\/p>\n<p>Auteur: Boudjedri<br \/>\n<a href=\"http:\/\/www.jeune-independant.net\/Alger-disposee-a-abriter-une.html\">Cliquez ici pour lire l&rsquo;article depuis sa source.<\/a><\/p>\n","protected":false},"excerpt":{"rendered":"<p>L\u2019Alg\u00e9rie est dispos\u00e9e \u00e0 accueillir dans les prochains jours une r\u00e9union de dialogue entre les libyens afin de faire taire le langage des armes et favoriser un r\u00e8glement pacifique de la crise qui dure depuis 2011 dans ce pays. C\u2019est qu\u2019a affirm\u00e9 ce jeudi \u00e0 Alger le ministre des Affaires \u00e9trang\u00e8res, Sabri Boukadoum, lors\u00a0de la [&hellip;]<\/p>\n","protected":false},"author":1737,"featured_media":73945,"comment_status":"closed","ping_status":"closed","sticky":false,"template":"","format":"standard","meta":{"fifu_image_url":"","fifu_image_alt":"","footnotes":""},"categories":[73,53],"tags":[],"class_list":["post-73944","post","type-post","status-publish","format-standard","has-post-thumbnail","hentry","category-actualite","category-algerie"],"_links":{"self":[{"href":"https:\/\/linitiative.ca\/International\/wp-json\/wp\/v2\/posts\/73944","targetHints":{"allow":["GET"]}}],"collection":[{"href":"https:\/\/linitiative.ca\/International\/wp-json\/wp\/v2\/posts"}],"about":[{"href":"https:\/\/linitiative.ca\/International\/wp-json\/wp\/v2\/types\/post"}],"author":[{"embeddable":true,"href":"https:\/\/linitiative.ca\/International\/wp-json\/wp\/v2\/users\/1737"}],"replies":[{"embeddable":true,"href":"https:\/\/linitiative.ca\/International\/wp-json\/wp\/v2\/comments?post=73944"}],"version-history":[{"count":0,"href":"https:\/\/linitiative.ca\/International\/wp-json\/wp\/v2\/posts\/73944\/revisions"}],"wp:featuredmedia":[{"embeddable":true,"href":"https:\/\/linitiative.ca\/International\/wp-json\/"}],"wp:attachment":[{"href":"https:\/\/linitiative.ca\/International\/wp-json\/wp\/v2\/media?parent=73944"}],"wp:term":[{"taxonomy":"category","embeddable":true,"href":"https:\/\/linitiative.ca\/International\/wp-json\/wp\/v2\/categories?post=73944"},{"taxonomy":"post_tag","embeddable":true,"href":"https:\/\/linitiative.ca\/International\/wp-json\/wp\/v2\/tags?post=73944"}],"curies":[{"name":"wp","href":"https:\/\/api.w.org\/{rel}","templated":true}]}}